{"id":1041235,"date":"2026-07-03T17:47:18","date_gmt":"2026-07-03T17:47:18","guid":{"rendered":"https:\/\/www.europesays.com\/fr\/1041235\/"},"modified":"2026-07-03T17:47:18","modified_gmt":"2026-07-03T17:47:18","slug":"christian-lacroix-le-dessinateur-devoile-ses-gribouillages-et-graffitis-au-musee-reattu-darles","status":"publish","type":"post","link":"https:\/\/www.europesays.com\/fr\/1041235\/","title":{"rendered":"Christian Lacroix le dessinateur d\u00e9voile ses \u00ab\u00a0gribouillages et graffitis\u00a0\u00bb au Mus\u00e9e R\u00e9attu d\u2019Arles"},"content":{"rendered":"<p>Immersion \u00e0 la d\u00e9couverte de <a href=\"https:\/\/www.laprovence.com\/article\/culture-loisirs\/46640642080592\/christian-lacroix-l-arlesien-enfant-de-deux-terres-contraires-la-camargue-et-la-provence\" target=\"_self\" rel=\"nofollow noopener\">Christian Lacroix<\/a>, le dessinateur. L\u2019Arl\u00e9sien pr\u00e9sente sa nouvelle exposition \u00ab\u00a0Dessins, gribouillages et graffitis\u00a0\u00bb qui retrace son parcours artistique depuis le milieu des ann\u00e9es\u00a050. Une r\u00e9trospective r\u00e9alis\u00e9e gr\u00e2ce \u00e0 un fonds de dessins, souvent in\u00e9dits, pr\u00eat\u00e9s par l\u2019association \u00ab\u00a0Archives et Patrimoine Monsieur Christian Lacroix.\u00a0\u00bb \u00ab\u00a0Un retour aux sources\u00a0\u00bb \u00e0 la d\u00e9couverte de la virtuosit\u00e9 du grand couturier au troisi\u00e8me art, l\u2019aspect le moins connu et le plus intime de sa cr\u00e9ation.<\/p>\n<p>70\u00a0ans d\u2019archives, de l\u2019enfance aux derniers croquis<\/p>\n<p>\u00ab\u00a0On a fouill\u00e9 dans 70\u00a0ans d\u2019archives de la maternelle \u00e0 nos jours en ouvrant 30 bo\u00eetes. Une vie en dessin pour comprendre que tout ce qu\u2019il a fait par la suite part de l\u00e0\u00a0\u00bb, confie Andy Neyrotti, commissaire de l\u2019exposition. Un an de travail par intermittence pour trier, avec l\u2019artiste de 75\u00a0ans, une vie esquiss\u00e9e sur le papier. Et le conservateur du Mus\u00e9e R\u00e9attu de pr\u00e9ciser qu\u2019il ne s\u2019agit \u00ab\u00a0pas d\u2019une exposition, mais d\u2019une installation o\u00f9 les murs sont un espace de projection pour Lacroix.\u00a0\u00bb<\/p>\n<p>C\u2019est la troisi\u00e8me fois que <a href=\"https:\/\/www.laprovence.com\/article\/region\/19368687248639\/le-musee-reattu-d-arles-se-reinvente-avec-sa-nouvelle-exposition-et-veut-casser-la-structure\" target=\"_self\" rel=\"nofollow noopener\">le Mus\u00e9e R\u00e9attu<\/a> accueille le plus illustre des artistes arl\u00e9siens contemporains. Apr\u00e8s l\u2019exposition de\u00a02008 &#8230;<\/p>\n","protected":false},"excerpt":{"rendered":"Immersion \u00e0 la d\u00e9couverte de Christian Lacroix, le dessinateur. L\u2019Arl\u00e9sien pr\u00e9sente sa nouvelle exposition \u00ab\u00a0Dessins, gribouillages et graffitis\u00a0\u00bb&hellip;\n","protected":false},"author":2,"featured_media":1041236,"comment_status":"","ping_status":"","sticky":false,"template":"","format":"standard","meta":{"footnotes":"","_share_on_mastodon":"0"},"categories":[1358],"tags":[5734,1348,1384,1385,1991,251,1386,9762,851,58,59,1011,27,39649,108337,30410,2407],"class_list":["post-1041235","post","type-post","status-publish","format-standard","has-post-thumbnail","category-arts-et-design","tag-5734","tag-arts","tag-arts-and-design","tag-arts-et-design","tag-christian","tag-culture","tag-design","tag-dessinateur","tag-devoile","tag-divertissement","tag-entertainment","tag-fr","tag-france","tag-graffitis","tag-gribouillages","tag-lacroix","tag-ses"],"share_on_mastodon":{"url":"https:\/\/pubeurope.com\/@fr\/116857303447479158","error":""},"_links":{"self":[{"href":"https:\/\/www.europesays.com\/fr\/wp-json\/wp\/v2\/posts\/1041235","targetHints":{"allow":["GET"]}}],"collection":[{"href":"https:\/\/www.europesays.com\/fr\/wp-json\/wp\/v2\/posts"}],"about":[{"href":"https:\/\/www.europesays.com\/fr\/wp-json\/wp\/v2\/types\/post"}],"author":[{"embeddable":true,"href":"https:\/\/www.europesays.com\/fr\/wp-json\/wp\/v2\/users\/2"}],"replies":[{"embeddable":true,"href":"https:\/\/www.europesays.com\/fr\/wp-json\/wp\/v2\/comments?post=1041235"}],"version-history":[{"count":0,"href":"https:\/\/www.europesays.com\/fr\/wp-json\/wp\/v2\/posts\/1041235\/revisions"}],"wp:featuredmedia":[{"embeddable":true,"href":"https:\/\/www.europesays.com\/fr\/wp-json\/wp\/v2\/media\/1041236"}],"wp:attachment":[{"href":"https:\/\/www.europesays.com\/fr\/wp-json\/wp\/v2\/media?parent=1041235"}],"wp:term":[{"taxonomy":"category","embeddable":true,"href":"https:\/\/www.europesays.com\/fr\/wp-json\/wp\/v2\/categories?post=1041235"},{"taxonomy":"post_tag","embeddable":true,"href":"https:\/\/www.europesays.com\/fr\/wp-json\/wp\/v2\/tags?post=1041235"}],"curies":[{"name":"wp","href":"https:\/\/api.w.org\/{rel}","templated":true}]}}