{"id":104132,"date":"2025-05-16T09:54:09","date_gmt":"2025-05-16T09:54:09","guid":{"rendered":"https:\/\/www.europesays.com\/fr\/104132\/"},"modified":"2025-05-16T09:54:09","modified_gmt":"2025-05-16T09:54:09","slug":"cyclisme-transfert-riccardo-magrini-evenepoel-va-chez-ineos-jai-de-bonnes-infos","status":"publish","type":"post","link":"https:\/\/www.europesays.com\/fr\/104132\/","title":{"rendered":"Cyclisme. Transfert &#8211; Riccardo Magrini : \u00abEvenepoel va chez INEOS, j&rsquo;ai de bonnes infos&#8230;\u00bb"},"content":{"rendered":"<p>Selon <strong>Riccardo Magrini \u2013 <\/strong>ancien coureur vainqueur d\u2019une \u00e9tape du<strong> Tour de France <\/strong>en 1983 et consultant d&rsquo;<a href=\"https:\/\/www.eurosport.it\" target=\"_blank\" rel=\"nofollow noopener\">Eurosport Italia<\/a> &#8211;<strong>, <a href=\"https:\/\/www.cyclismactu.net\/..\/coureur-remco-evenepoel-9479.html\" target=\"_blank\" rel=\"nofollow noopener\">Remco Evenepoel<\/a><\/strong> pourrait quitter la formation<strong> Soudal Quick-Step <\/strong>pour rejoindre<strong> INEOS Grenadiers.<\/strong> Le Belge, en fin de contrat en 2026 la <strong>Soudal Quick-Step<\/strong>, pourrait ainsi changer d&rsquo;\u00e9quipe pour renforcer la formation britannique, qui r\u00e9aliserait l\u00e0 un \u00e9norme coup.<\/p>\n<p>Vid\u00e9o &#8211; Remco Evenepoel reste sur une victoire en Romandie Lire la suite de l&rsquo;article&#13;<\/p>\n<p>\u00a0<\/p>\n<p>&#13;<br \/>\n\u00ab\u00a0J&rsquo;en suis absolument s\u00fbr\u00a0\u00bb&#13;<\/p>\n<p>\u00ab\u00a0Il va chez INEOS Grenadiers. Presque certainement. Peut-\u00eatre d\u00e8s l\u2019ann\u00e9e prochaine\u00a0\u00bb, a annonc\u00e9 l\u2019ancien coureur et directeur sportif, aujourd\u2019hui consultant chez Eurosport. \u00ab\u00a0J\u2019en suis absolument s\u00fbr, je le sais parce que j\u2019ai de bonnes informations\u00a0\u00bb, a-t-il affirm\u00e9.<strong> <a href=\"https:\/\/www.eurosport.fr\/cyclisme\/remco-evenepoel-chez-ineos-en-2026_sto23182737\/story.shtml?fbclid=IwY2xjawKT2E5leHRuA2FlbQIxMABicmlkETFkU1NiMXhHTmN3Sm1GQUg1AR5yC4vv-HWTFnLZEh1m5cT65N7po0iQB41qWP_jnj9zdAIdYH8R1BL6aZwzbg_aem_CRjimhiKlUvxoKP_-5orAg\" target=\"_blank\" rel=\"nofollow noopener\">Riccardo Magrini<\/a> <\/strong>pr\u00e9cise \u00e9galement qu\u2019INEOS pourrait changer de v\u00e9lo pour adopter la marque Specialized : \u00ab\u00a0INEOS changerait \u00e9galement de v\u00e9lo\u00a0\u00bb,\u00a0a-t-il ajout\u00e9.<\/p>\n<p>&#13;<\/p>\n<p>Inutile de pr\u00e9ciser \u00e0 quel point un transfert de <strong>Remco Evenepoel<\/strong> bouleverserait le paysage actuel du cyclisme. Le champion du monde 2022, \u00e9galement courtis\u00e9 par <strong>Red Bull-BORA-hansgrohe<\/strong>, est l\u2019un des meilleurs coureurs du peloton. Troisi\u00e8me du <strong>Tour de France 2024<\/strong>, le Belge pr\u00e9pare actuellement sa deuxi\u00e8me participation \u00e0 la Grande Boucle.<\/p>\n","protected":false},"excerpt":{"rendered":"Selon Riccardo Magrini \u2013 ancien coureur vainqueur d\u2019une \u00e9tape du Tour de France en 1983 et consultant d&rsquo;Eurosport&hellip;\n","protected":false},"author":2,"featured_media":104133,"comment_status":"","ping_status":"","sticky":false,"template":"","format":"standard","meta":{"footnotes":""},"categories":[1411],"tags":[1154,207,211,1011,27,209,60,210,969,212,208,213],"class_list":{"0":"post-104132","1":"post","2":"type-post","3":"status-publish","4":"format-standard","5":"has-post-thumbnail","7":"category-cyclisme","8":"tag-cycling","9":"tag-cyclisme","10":"tag-ffc","11":"tag-fr","12":"tag-france","13":"tag-route","14":"tag-sports","15":"tag-tour-de-france","16":"tag-transfert","17":"tag-uci","18":"tag-velo","19":"tag-world-tour"},"share_on_mastodon":{"url":"https:\/\/pubeurope.com\/@fr\/114516909301534102","error":""},"_links":{"self":[{"href":"https:\/\/www.europesays.com\/fr\/wp-json\/wp\/v2\/posts\/104132","targetHints":{"allow":["GET"]}}],"collection":[{"href":"https:\/\/www.europesays.com\/fr\/wp-json\/wp\/v2\/posts"}],"about":[{"href":"https:\/\/www.europesays.com\/fr\/wp-json\/wp\/v2\/types\/post"}],"author":[{"embeddable":true,"href":"https:\/\/www.europesays.com\/fr\/wp-json\/wp\/v2\/users\/2"}],"replies":[{"embeddable":true,"href":"https:\/\/www.europesays.com\/fr\/wp-json\/wp\/v2\/comments?post=104132"}],"version-history":[{"count":0,"href":"https:\/\/www.europesays.com\/fr\/wp-json\/wp\/v2\/posts\/104132\/revisions"}],"wp:featuredmedia":[{"embeddable":true,"href":"https:\/\/www.europesays.com\/fr\/wp-json\/wp\/v2\/media\/104133"}],"wp:attachment":[{"href":"https:\/\/www.europesays.com\/fr\/wp-json\/wp\/v2\/media?parent=104132"}],"wp:term":[{"taxonomy":"category","embeddable":true,"href":"https:\/\/www.europesays.com\/fr\/wp-json\/wp\/v2\/categories?post=104132"},{"taxonomy":"post_tag","embeddable":true,"href":"https:\/\/www.europesays.com\/fr\/wp-json\/wp\/v2\/tags?post=104132"}],"curies":[{"name":"wp","href":"https:\/\/api.w.org\/{rel}","templated":true}]}}