{"id":104138,"date":"2025-05-16T09:57:09","date_gmt":"2025-05-16T09:57:09","guid":{"rendered":"https:\/\/www.europesays.com\/fr\/104138\/"},"modified":"2025-05-16T09:57:09","modified_gmt":"2025-05-16T09:57:09","slug":"a-rome-cette-villa-art-nouveau-retrouve-son-eclat-dantan","status":"publish","type":"post","link":"https:\/\/www.europesays.com\/fr\/104138\/","title":{"rendered":"A\u0300 Rome, cette villa Art nouveau retrouve son e\u0301clat d&rsquo;antan"},"content":{"rendered":"<p>Le projet s&rsquo;est concentr\u00e9 sur la r\u00e9organisation fonctionnelle de l&rsquo;espace int\u00e9rieur, qui \u00e9tait limit\u00e9 et fragment\u00e9 par l&rsquo;ancien escalier en colima\u00e7on, comme nous l&rsquo;expliquent les architectes. \u00ab Il n&rsquo;\u00e9tait pas facile de trouver une solution permettant de relier confortablement les deux premiers niveaux, compte tenu de l&rsquo;escalier en colima\u00e7on pr\u00e9existant \u00bb. Une restructuration radicale mais sensible a donc \u00e9t\u00e9 entreprise : en d\u00e9pla\u00e7ant la kitchenette \u00e0 c\u00f4t\u00e9 de la nouvelle v\u00e9randa, l&rsquo;espace a \u00e9t\u00e9 lib\u00e9r\u00e9 pour un escalier alternatif en bois de ch\u00e2taignier, dont la premi\u00e8re marche, rev\u00eatue de marbre Verde Alpi, sert de base sculpturale \u00e0 une biblioth\u00e8que encastr\u00e9e dans le soubassement. \u00c0 c\u00f4t\u00e9, un volume de rangement en ch\u00e2taignier avec des portes en miroir dissimule la buanderie, \u00e9largissant visuellement l&rsquo;espace.<\/p>\n<p>Vue de dessus de l&rsquo;espace de vie spacieux. Sol en terre cuite recycl\u00e9e, canap\u00e9 Dema, suspensions Falkland Bruno Munari pour Danese Milano.<\/p>\n<p>SERENA ELLER<\/p>\n<p>Gr\u00e2ce \u00e0 la g\u00e9n\u00e9reuse fen\u00eatre \u00e0 double hauteur qui encadre les jardins environnants, le salon acquiert ainsi plus d&rsquo;espace de respiration, en dialogue avec les embl\u00e9matiques lampes suspendues Falkland de Munari. La cuisine, r\u00e9alis\u00e9e sur mesure, est d\u00e9pourvue d&rsquo;\u00e9l\u00e9ments muraux et se distingue par un meuble bas lin\u00e9aire avec un plan en marbre Verde Alpi et des portes aux finitions nuanc\u00e9es, allant du noir \u00e0 la terre cuite, en harmonie avec le sol d&rsquo;origine en terre cuite, habilement pr\u00e9serv\u00e9.<\/p>\n<p>En fil rouge, un volume bleu<\/p>\n<p>Ce qui distingue le rez-de-chauss\u00e9e, c&rsquo;est le volume bleu fonc\u00e9 qui d\u00e9finit les espaces : d&rsquo;un c\u00f4t\u00e9, il abrite les colonnes du <a href=\"https:\/\/www.admagazine.fr\/article\/organisation-frigo-conseils-appliquer-chez-soi\" rel=\"nofollow noopener\" target=\"_blank\">r\u00e9frig\u00e9rateur<\/a> et un garde-manger, de l&rsquo;autre, une petite salle de bain pratique. Le volume chromatique traverse visuellement la mezzanine et se poursuit au niveau sup\u00e9rieur pour d\u00e9limiter la salle de bains principale, meubl\u00e9e d&rsquo;\u00e9l\u00e9ments de style Nouveau par Ex.t, tandis que les carreaux en Mater de Patricia Urquiola pour Mutina recouvrent la douche et que la robinetterie est sign\u00e9e Quadro Design, dessin\u00e9e par <a href=\"https:\/\/www.admagazine.fr\/article\/formafantasma-installation-immersive-maison-perrier-jouet\" rel=\"nofollow noopener\" target=\"_blank\">Formafantasma<\/a>. Le loft, qui a \u00e9t\u00e9 ouvert \u00e0 la fen\u00eatre pour cr\u00e9er une double hauteur, cr\u00e9e un jeu \u00e9vocateur de transparences et de reflets : des parties du sol en verre structurel laissent entrevoir le niveau inf\u00e9rieur, tandis que la pr\u00e9sence de panneaux miroirs provoque un effet de perspective, \u00e9levant le volume bleu des espaces vers le haut.<\/p>\n","protected":false},"excerpt":{"rendered":"Le projet s&rsquo;est concentr\u00e9 sur la r\u00e9organisation fonctionnelle de l&rsquo;espace int\u00e9rieur, qui \u00e9tait limit\u00e9 et fragment\u00e9 par l&rsquo;ancien&hellip;\n","protected":false},"author":2,"featured_media":104139,"comment_status":"","ping_status":"","sticky":false,"template":"","format":"standard","meta":{"footnotes":""},"categories":[1358],"tags":[1348,1384,1385,1386,58,59,1011,27,452,3499],"class_list":{"0":"post-104138","1":"post","2":"type-post","3":"status-publish","4":"format-standard","5":"has-post-thumbnail","7":"category-arts-et-design","8":"tag-arts","9":"tag-arts-and-design","10":"tag-arts-et-design","11":"tag-design","12":"tag-divertissement","13":"tag-entertainment","14":"tag-fr","15":"tag-france","16":"tag-italie","17":"tag-rome"},"share_on_mastodon":{"url":"https:\/\/pubeurope.com\/@fr\/114516921093872622","error":""},"_links":{"self":[{"href":"https:\/\/www.europesays.com\/fr\/wp-json\/wp\/v2\/posts\/104138","targetHints":{"allow":["GET"]}}],"collection":[{"href":"https:\/\/www.europesays.com\/fr\/wp-json\/wp\/v2\/posts"}],"about":[{"href":"https:\/\/www.europesays.com\/fr\/wp-json\/wp\/v2\/types\/post"}],"author":[{"embeddable":true,"href":"https:\/\/www.europesays.com\/fr\/wp-json\/wp\/v2\/users\/2"}],"replies":[{"embeddable":true,"href":"https:\/\/www.europesays.com\/fr\/wp-json\/wp\/v2\/comments?post=104138"}],"version-history":[{"count":0,"href":"https:\/\/www.europesays.com\/fr\/wp-json\/wp\/v2\/posts\/104138\/revisions"}],"wp:featuredmedia":[{"embeddable":true,"href":"https:\/\/www.europesays.com\/fr\/wp-json\/wp\/v2\/media\/104139"}],"wp:attachment":[{"href":"https:\/\/www.europesays.com\/fr\/wp-json\/wp\/v2\/media?parent=104138"}],"wp:term":[{"taxonomy":"category","embeddable":true,"href":"https:\/\/www.europesays.com\/fr\/wp-json\/wp\/v2\/categories?post=104138"},{"taxonomy":"post_tag","embeddable":true,"href":"https:\/\/www.europesays.com\/fr\/wp-json\/wp\/v2\/tags?post=104138"}],"curies":[{"name":"wp","href":"https:\/\/api.w.org\/{rel}","templated":true}]}}