{"id":104140,"date":"2025-05-16T09:58:09","date_gmt":"2025-05-16T09:58:09","guid":{"rendered":"https:\/\/www.europesays.com\/fr\/104140\/"},"modified":"2025-05-16T09:58:09","modified_gmt":"2025-05-16T09:58:09","slug":"un-livre-choc-revient-sur-letat-de-sante-de-lex-president-joe-biden","status":"publish","type":"post","link":"https:\/\/www.europesays.com\/fr\/104140\/","title":{"rendered":"un livre \u00abchoc\u00bb revient sur l&rsquo;\u00e9tat de sant\u00e9 de l&rsquo;ex-pr\u00e9sident Joe Biden"},"content":{"rendered":"<p>Aux \u00c9tats-Unis, l\u2019\u00e9tat de sant\u00e9 de Joe Biden fait \u00e0 nouveau parler, quatre mois apr\u00e8s son d\u00e9part de la Maison Blanche. Un livre \u00ab choc \u00bb r\u00e9v\u00e8le comment le d\u00e9clin de l\u2019\u00e9tat de sant\u00e9 de l\u2019ancien pr\u00e9sident a \u00e9t\u00e9 maintenu secret. Le livre, intitul\u00e9 Original Sin, \u00ab le p\u00e9ch\u00e9 originel \u00bb, doit sortir mardi 20 mai.<\/p>\n<p>Avec notre correspondante \u00e0 New York, <strong>Loubna Anaki<\/strong><\/p>\n<p>Cet ouvrage est sign\u00e9 par deux journalistes chevronn\u00e9s qui d\u00e9noncent \u00ab une tromperie \u00bb \u00e0 l\u2019\u00e9gard du public, car les d\u00e9tails r\u00e9v\u00e9l\u00e9s dans ce livre sont assez fracassants. Sur la base de plus de 200 interviews, Jake Tapper un des journalistes vedettes de la cha\u00eene CNN et Alex Thompson d\u2019Axios d\u00e9crivent un Joe Biden vieux, faible, confus. \u00ab Ce qui \u00e9tait apparent de son \u00e9tat en public \u00e9tait bien pire en priv\u00e9 \u00bb, peut-on lire.<\/p>\n<p>Tout en assurant que <strong><a href=\"https:\/\/www.rfi.fr\/fr\/tag\/joe-biden\/\" class=\"link \" rel=\"nofollow noopener\" target=\"_blank\" data-ylk=\"slk:Joe Biden;elm:context_link;itc:0;sec:content-canvas\">Joe Biden<\/a> <\/strong>\u00e9tait encore capable de prendre des d\u00e9cisions et d\u2019assurer son r\u00f4le de dirigeant, les personnes interrog\u00e9es expliquent que le fonctionnement au quotidien devenait compliqu\u00e9. Le d\u00e9mocrate \u00e2g\u00e9 de plus de 80 ans ne pouvait plus travailler de longues heures, perdait parfois le fil de ses pens\u00e9es, oubliait les noms de ses collaborateurs ou avait du mal \u00e0 reconna\u00eetre certaines personnes.<\/p>\n<p>Le livre cite par exemple un incident survenu lors d\u2019un d\u00eener de donateurs, en pleine campagne pr\u00e9sidentielle, Joe Biden ne reconna\u00eet pas Georges Clooney. D\u2019ailleurs, apr\u00e8s ce d\u00eener, l\u2019acteur avait publiquement appel\u00e9 Joe Biden \u00e0 se retirer de la course \u00e0 la Maison Blanche.<\/p>\n<p>Un \u00e9tat de sant\u00e9 plus grave qu&rsquo;annonc\u00e9<\/p>\n<p><a href=\"https:\/\/www.rfi.fr\/fr\/am%C3%A9riques\/20250516-%C3%A9tats-unis-un-livre-enqu%C3%AAte-revient-sur-l-%C3%A9tat-de-sant%C3%A9-de-l-ex-pr%C3%A9sident-joe-biden\" rel=\"nofollow noopener\" target=\"_blank\" data-ylk=\"slk:Lire la suite sur RFI;elm:context_link;itc:0;sec:content-canvas\" class=\"link \">Lire la suite sur RFI<\/a><\/p>\n","protected":false},"excerpt":{"rendered":"Aux \u00c9tats-Unis, l\u2019\u00e9tat de sant\u00e9 de Joe Biden fait \u00e0 nouveau parler, quatre mois apr\u00e8s son d\u00e9part de&hellip;\n","protected":false},"author":2,"featured_media":104141,"comment_status":"","ping_status":"","sticky":false,"template":"","format":"standard","meta":{"footnotes":""},"categories":[1357],"tags":[22080,1379,58,59,1011,27,22081,457,1324,1380,16084],"class_list":{"0":"post-104140","1":"post","2":"type-post","3":"status-publish","4":"format-standard","5":"has-post-thumbnail","7":"category-livres","8":"tag-alex-thompson","9":"tag-books","10":"tag-divertissement","11":"tag-entertainment","12":"tag-fr","13":"tag-france","14":"tag-jake-tapper","15":"tag-joe-biden","16":"tag-la-maison-blanche","17":"tag-livres","18":"tag-un-livre"},"share_on_mastodon":{"url":"https:\/\/pubeurope.com\/@fr\/114516925068888807","error":""},"_links":{"self":[{"href":"https:\/\/www.europesays.com\/fr\/wp-json\/wp\/v2\/posts\/104140","targetHints":{"allow":["GET"]}}],"collection":[{"href":"https:\/\/www.europesays.com\/fr\/wp-json\/wp\/v2\/posts"}],"about":[{"href":"https:\/\/www.europesays.com\/fr\/wp-json\/wp\/v2\/types\/post"}],"author":[{"embeddable":true,"href":"https:\/\/www.europesays.com\/fr\/wp-json\/wp\/v2\/users\/2"}],"replies":[{"embeddable":true,"href":"https:\/\/www.europesays.com\/fr\/wp-json\/wp\/v2\/comments?post=104140"}],"version-history":[{"count":0,"href":"https:\/\/www.europesays.com\/fr\/wp-json\/wp\/v2\/posts\/104140\/revisions"}],"wp:featuredmedia":[{"embeddable":true,"href":"https:\/\/www.europesays.com\/fr\/wp-json\/wp\/v2\/media\/104141"}],"wp:attachment":[{"href":"https:\/\/www.europesays.com\/fr\/wp-json\/wp\/v2\/media?parent=104140"}],"wp:term":[{"taxonomy":"category","embeddable":true,"href":"https:\/\/www.europesays.com\/fr\/wp-json\/wp\/v2\/categories?post=104140"},{"taxonomy":"post_tag","embeddable":true,"href":"https:\/\/www.europesays.com\/fr\/wp-json\/wp\/v2\/tags?post=104140"}],"curies":[{"name":"wp","href":"https:\/\/api.w.org\/{rel}","templated":true}]}}