{"id":104156,"date":"2025-05-16T10:07:08","date_gmt":"2025-05-16T10:07:08","guid":{"rendered":"https:\/\/www.europesays.com\/fr\/104156\/"},"modified":"2025-05-16T10:07:08","modified_gmt":"2025-05-16T10:07:08","slug":"aux-etats-unis-la-radio-publique-voice-of-america-se-separe-de-centaines-de-contractuels","status":"publish","type":"post","link":"https:\/\/www.europesays.com\/fr\/104156\/","title":{"rendered":"aux \u00c9tats-Unis, la radio publique Voice of America se s\u00e9pare de centaines de contractuels"},"content":{"rendered":"<p>Cr\u00e9\u00e9e pendant la Seconde Guerre mondiale et instrument du \u00absoft power\u00bb am\u00e9ricain depuis des d\u00e9cennies, cette radio est brocard\u00e9e par la Maison-Blanche qui l\u2019a rebaptis\u00e9e dans un document \u00abVoice of radical America\u00bb pour d\u00e9noncer son suppos\u00e9 parti pris de gauche.<\/p>\n<p class=\"fig-paragraph\">La radio publique\u00a0<a href=\"http:\/\/www.lefigaro.fr\/flash-actu\/la-justice-ordonne-le-retablissement-de-voice-of-america-20250423\" target=\"_blank\" data-fig-type=\"NewsFlash\" rel=\"noopener nofollow\" data-gtm-custom-categorie=\"navigation\" data-gtm-custom-action=\"crossclick\" data-gtm-custom-label=\"Contextuel\" data-gtm-event=\"customEventSPE\" data-fig-domain=\"LEFIGARO\">Voice of America<\/a>\u00a0(VOA), que l&rsquo;administration Trump veut d\u00e9manteler et dont la diffusion est suspendue, va se s\u00e9parer de plusieurs centaines de contractuels, selon plusieurs m\u00e9dias am\u00e9ricains. Entre 500 et 600 collaborateurs sont concern\u00e9s, selon le New York Times et le Washington Post. Selon ce dernier, les contrats se termineront \u00e0 partir du 30 mai.<\/p>\n<p class=\"fig-paragraph\">\u00abConform\u00e9ment au d\u00e9cret du pr\u00e9sident Trump du 14 mars, nous sommes en train de redimensionner l&rsquo;agence et de r\u00e9duire la bureaucratie f\u00e9d\u00e9rale afin de r\u00e9pondre aux priorit\u00e9s de l&rsquo;administration\u00bb, a d\u00e9clar\u00e9 au Washington Post\u00a0<a href=\"https:\/\/www.lefigaro.fr\/international\/midterms-kari-lake-la-pasionaria-conspirationniste-de-l-arizona-20221027\" target=\"_blank\" data-fig-type=\"Article\" rel=\"noopener nofollow\" data-gtm-custom-categorie=\"navigation\" data-gtm-custom-action=\"crossclick\" data-gtm-custom-label=\"Contextuel\" data-gtm-event=\"customEventSPE\" data-fig-domain=\"LEFIGARO\">Kari Lake<\/a>, patronne de l&rsquo;organisme f\u00e9d\u00e9ral supervisant plusieurs m\u00e9dias publics am\u00e9ricains \u00e0 l&rsquo;\u00e9tranger (USAGM), autorit\u00e9 de tutelle de VOA. Le New York Times affirme que la plupart des personnes concern\u00e9es sont des journalistes, mais pas exclusivement, et que le total repr\u00e9sente environ un tiers des effectifs de VOA.<\/p>\n<p class=\"fig-body-link\">\n            \u00c0 lire aussi<br \/>\n        <a class=\"fig-body-link__link fig-premium-mark\" href=\"http:\/\/www.lefigaro.fr\/medias\/un-enorme-cadeau-aux-ennemis-de-l-amerique-donald-trump-suspend-brutalement-les-journalistes-de-voice-of-america-20250316\" target=\"_blank\" data-fig-type=\"Article\" rel=\"noopener nofollow\" data-gtm-custom-categorie=\"navigation\" data-gtm-custom-action=\"crossclick\" data-gtm-custom-label=\"Contextuel\" data-gtm-event=\"customEventSPE\" data-fig-domain=\"LEFIGARO\">\u00abUn \u00e9norme cadeau aux ennemis de l\u2019Am\u00e9rique\u00bb: Donald Trump suspend brutalement les journalistes de Voice of America<br \/>\n    <\/a>\n<\/p>\n<p>Un instrument du \u00absoft power\u00bb am\u00e9ricain<\/p>\n<p class=\"fig-paragraph\">Cr\u00e9\u00e9e pendant la Seconde Guerre mondiale et instrument du \u00absoft power\u00bb am\u00e9ricain depuis des d\u00e9cennies, cette radio est brocard\u00e9e par la\u00a0<a href=\"http:\/\/www.lefigaro.fr\/secteur\/high-tech\/ia-la-maison-blanche-annonce-un-investissement-saoudien-de-20-milliards-de-dollars-aux-etats-unis-20250513\" target=\"_blank\" data-fig-type=\"NewsFlash\" rel=\"noopener nofollow\" data-gtm-custom-categorie=\"navigation\" data-gtm-custom-action=\"crossclick\" data-gtm-custom-label=\"Contextuel\" data-gtm-event=\"customEventSPE\" data-fig-domain=\"LEFIGARO\">Maison Blanche<\/a>\u00a0qui l&rsquo;a rebaptis\u00e9e dans un document \u00abVoice of radical America\u00bb pour d\u00e9noncer son suppos\u00e9 parti pris de gauche.<\/p>\n<p class=\"fig-paragraph\">Depuis la mi-mars, des journalistes ont \u00e9t\u00e9 mis en cong\u00e9 et la diffusion de la radio est suspendue. \u00abJe trouve cette action inexplicable et, \u00e0 ma connaissance, l&rsquo;USAGM n&rsquo;a fourni aucune justification. Nous continuerons de d\u00e9ployer tous les efforts possibles pour aider les contractuels, en particulier ceux qui risquent de retourner dans des pays hostiles, en cette p\u00e9riode difficile\u00bb, a r\u00e9agi sur Linkedin Michael Abramowitz, directeur de VOA. \u00abSachez que je continue d&rsquo;\u0153uvrer en votre nom pour r\u00e9tablir VOA afin qu&rsquo;elle puisse \u00e0 nouveau remplir la mission qui lui a \u00e9t\u00e9 confi\u00e9e par le Congr\u00e8s\u00bb, a-t-il ajout\u00e9.<\/p>\n<p>Des personnes pourraient \u00eatre contraintes de quitter les \u00c9tats-Unis<\/p>\n<p class=\"fig-paragraph\">Steve Herman, un des journalistes embl\u00e9matiques de VOA, a soulign\u00e9 lui aussi que certaines des personnes concern\u00e9es pourraient \u00eatre contraintes de quitter les\u00a0<a href=\"http:\/\/www.lefigaro.fr\/flash-actu\/etats-unis-un-condamne-a-mort-en-instance-d-execution-en-floride-20250515\" target=\"_blank\" data-fig-type=\"NewsFlash\" rel=\"noopener nofollow\" data-gtm-custom-categorie=\"navigation\" data-gtm-custom-action=\"crossclick\" data-gtm-custom-label=\"Contextuel\" data-gtm-event=\"customEventSPE\" data-fig-domain=\"LEFIGARO\">\u00c9tats-Unis<\/a>\u00a0dans les 30 jours, la perte de leur contrat signifiant la fin de leur visa de travail. \u00abPlusieurs de ces journalistes viennent de pays o\u00f9 ils risquent d&rsquo;\u00eatre arr\u00eat\u00e9s, voire pire, en raison de leurs reportages\u00bb, a-t-il d\u00e9nonc\u00e9 sur le r\u00e9seau Mastodon.<\/p>\n<p class=\"fig-paragraph\">La diffusion de VOA est arr\u00eat\u00e9e et une \u00e9ventuelle reprise d&rsquo;antenne est d\u00e9battue devant les tribunaux. D\u00e9but mai, une cour d&rsquo;appel de Washington a annul\u00e9 des d\u00e9cisions de premi\u00e8re instance de juges de la capitale et de New York, en mars et avril, qui s&rsquo;\u00e9taient oppos\u00e9es \u00e0 une ordonnance de la Maison Blanche r\u00e9clamant la suspension de la diffusion.<\/p>\n","protected":false},"excerpt":{"rendered":"Cr\u00e9\u00e9e pendant la Seconde Guerre mondiale et instrument du \u00absoft power\u00bb am\u00e9ricain depuis des d\u00e9cennies, cette radio est&hellip;\n","protected":false},"author":2,"featured_media":104157,"comment_status":"","ping_status":"","sticky":false,"template":"","format":"standard","meta":{"footnotes":""},"categories":[5],"tags":[259,11,260,75,1011,27,14,261,12,262,1825,28],"class_list":{"0":"post-104156","1":"post","2":"type-post","3":"status-publish","4":"format-standard","5":"has-post-thumbnail","7":"category-international","8":"tag-actualite-internationale","9":"tag-actualites","10":"tag-affaires-etrangeres","11":"tag-donald-trump","12":"tag-fr","13":"tag-france","14":"tag-international","15":"tag-ministere-des-affaires-etrangeres","16":"tag-news","17":"tag-politique-etrangere","18":"tag-radio","19":"tag-world"},"share_on_mastodon":{"url":"https:\/\/pubeurope.com\/@fr\/114516960465898508","error":""},"_links":{"self":[{"href":"https:\/\/www.europesays.com\/fr\/wp-json\/wp\/v2\/posts\/104156","targetHints":{"allow":["GET"]}}],"collection":[{"href":"https:\/\/www.europesays.com\/fr\/wp-json\/wp\/v2\/posts"}],"about":[{"href":"https:\/\/www.europesays.com\/fr\/wp-json\/wp\/v2\/types\/post"}],"author":[{"embeddable":true,"href":"https:\/\/www.europesays.com\/fr\/wp-json\/wp\/v2\/users\/2"}],"replies":[{"embeddable":true,"href":"https:\/\/www.europesays.com\/fr\/wp-json\/wp\/v2\/comments?post=104156"}],"version-history":[{"count":0,"href":"https:\/\/www.europesays.com\/fr\/wp-json\/wp\/v2\/posts\/104156\/revisions"}],"wp:featuredmedia":[{"embeddable":true,"href":"https:\/\/www.europesays.com\/fr\/wp-json\/wp\/v2\/media\/104157"}],"wp:attachment":[{"href":"https:\/\/www.europesays.com\/fr\/wp-json\/wp\/v2\/media?parent=104156"}],"wp:term":[{"taxonomy":"category","embeddable":true,"href":"https:\/\/www.europesays.com\/fr\/wp-json\/wp\/v2\/categories?post=104156"},{"taxonomy":"post_tag","embeddable":true,"href":"https:\/\/www.europesays.com\/fr\/wp-json\/wp\/v2\/tags?post=104156"}],"curies":[{"name":"wp","href":"https:\/\/api.w.org\/{rel}","templated":true}]}}