{"id":104165,"date":"2025-05-16T10:12:10","date_gmt":"2025-05-16T10:12:10","guid":{"rendered":"https:\/\/www.europesays.com\/fr\/104165\/"},"modified":"2025-05-16T10:12:10","modified_gmt":"2025-05-16T10:12:10","slug":"visites-guidees-nocturne-de-la-chapelle-des-cordeliers","status":"publish","type":"post","link":"https:\/\/www.europesays.com\/fr\/104165\/","title":{"rendered":"Visites guid\u00e9es nocturne de la chapelle des Cordeliers"},"content":{"rendered":"<p>Dans le cadre de la 21e\u00a0 \u00a0Nuit europ\u00e9enne des mus\u00e9es d\u00e9couvrez ce monument \u00e9difi\u00e9 \u00e0 la fin du XVe\u00a0 \u00a0si\u00e8cle, devenu la n\u00e9cropole dynastique de la Maison de Lorraine et un lieu embl\u00e9matique du pouvoir ducal. Les nombreuses \u0153uvres pr\u00e9sent\u00e9es, tableaux, sculptures, vitraux et objets d\u2019art retracent cinq si\u00e8cles d\u2019histoire lorraine au sein de la plus ancienne \u00e9glise de Nancy.<\/p>\n<p class=\"note\">Samedi 17\u00a0mai 66, Grande Rue. Visites guid\u00e9es \u00e0 20\u00a0h\u00a015, 20\u00a0h\u00a045, 21\u00a0h\u00a015, 21\u00a0h\u00a045, 22\u00a0h\u00a015, 22\u00a0h\u00a045 et 23\u00a0h\u00a015.<\/p>\n","protected":false},"excerpt":{"rendered":"Dans le cadre de la 21e\u00a0 \u00a0Nuit europ\u00e9enne des mus\u00e9es d\u00e9couvrez ce monument \u00e9difi\u00e9 \u00e0 la fin du&hellip;\n","protected":false},"author":2,"featured_media":104166,"comment_status":"","ping_status":"","sticky":false,"template":"","format":"standard","meta":{"footnotes":""},"categories":[9635],"tags":[1111,11,1687,1704,1777,674,2271,1011,27,775,1702,1703,12,25],"class_list":{"0":"post-104165","1":"post","2":"type-post","3":"status-publish","4":"format-standard","5":"has-post-thumbnail","7":"category-nancy","8":"tag-actu","9":"tag-actualites","10":"tag-culture-loisirs","11":"tag-edition-nancy-et-agglomeration","12":"tag-eu","13":"tag-europe","14":"tag-exposition-arts-plastiques","15":"tag-fr","16":"tag-france","17":"tag-grand-est","18":"tag-nancy","19":"tag-nancy-ville-54b","20":"tag-news","21":"tag-republique-francaise"},"share_on_mastodon":{"url":"https:\/\/pubeurope.com\/@fr\/114516980201831940","error":""},"_links":{"self":[{"href":"https:\/\/www.europesays.com\/fr\/wp-json\/wp\/v2\/posts\/104165","targetHints":{"allow":["GET"]}}],"collection":[{"href":"https:\/\/www.europesays.com\/fr\/wp-json\/wp\/v2\/posts"}],"about":[{"href":"https:\/\/www.europesays.com\/fr\/wp-json\/wp\/v2\/types\/post"}],"author":[{"embeddable":true,"href":"https:\/\/www.europesays.com\/fr\/wp-json\/wp\/v2\/users\/2"}],"replies":[{"embeddable":true,"href":"https:\/\/www.europesays.com\/fr\/wp-json\/wp\/v2\/comments?post=104165"}],"version-history":[{"count":0,"href":"https:\/\/www.europesays.com\/fr\/wp-json\/wp\/v2\/posts\/104165\/revisions"}],"wp:featuredmedia":[{"embeddable":true,"href":"https:\/\/www.europesays.com\/fr\/wp-json\/wp\/v2\/media\/104166"}],"wp:attachment":[{"href":"https:\/\/www.europesays.com\/fr\/wp-json\/wp\/v2\/media?parent=104165"}],"wp:term":[{"taxonomy":"category","embeddable":true,"href":"https:\/\/www.europesays.com\/fr\/wp-json\/wp\/v2\/categories?post=104165"},{"taxonomy":"post_tag","embeddable":true,"href":"https:\/\/www.europesays.com\/fr\/wp-json\/wp\/v2\/tags?post=104165"}],"curies":[{"name":"wp","href":"https:\/\/api.w.org\/{rel}","templated":true}]}}