{"id":104167,"date":"2025-05-16T10:13:14","date_gmt":"2025-05-16T10:13:14","guid":{"rendered":"https:\/\/www.europesays.com\/fr\/104167\/"},"modified":"2025-05-16T10:13:14","modified_gmt":"2025-05-16T10:13:14","slug":"football-deux-jeunes-a-la-fete-bouriaud-au-repos-toure-de-retour-decouvrez-le-groupe-de-las-nancy-lorraine-pour-le-dernier-match-contre-rouen","status":"publish","type":"post","link":"https:\/\/www.europesays.com\/fr\/104167\/","title":{"rendered":"Football Deux jeunes \u00e0 la f\u00eate, Bouriaud au repos, Tour\u00e9 de retour\u2026 D\u00e9couvrez le groupe de l\u2019AS Nancy Lorraine pour le dernier match contre Rouen"},"content":{"rendered":"<p>Comme il l\u2019avait annonc\u00e9 juste <a href=\"https:\/\/www.estrepublicain.fr\/sport\/2025\/05\/09\/national-suivez-le-match-de-l-as-nancy-lorraine-a-valenciennes-avec-nous\" target=\"_blank\" rel=\"noopener\">apr\u00e8s le succ\u00e8s \u00e0 Valenciennes (3-4)<\/a> , le coach nanc\u00e9ien Pablo Correa a incorpor\u00e9 le gardien Yanis Kouini et le lat\u00e9ral Enzo Tacafred dans le groupe pour ce dernier match contre Rouen. Avec l\u2019id\u00e9e de leur donner quelques minutes de temps de jeu pour que les deux jeunes deviennent, eux aussi, officiellement champions du National. Une excellente id\u00e9e qui confirme toute la solidarit\u00e9 et la super ambiance qui existent dans ce groupe, <a href=\"https:\/\/www.estrepublicain.fr\/sport\/2025\/05\/16\/national-suivez-le-dernier-match-de-l-as-nancy-lorraine-face-a-rouen-avec-nous\" target=\"_blank\" rel=\"noopener\">promis \u00e0 une belle f\u00eate<\/a> , ce vendredi soir, au stade Marcel-Picot.<\/p>\n<p><strong>Le groupe\u00a0:<\/strong> Sourzac, Kouini, Julloux, Saint-Ruf, Thiar\u00e9, Exp\u00e9rience, Tacafred, Suljic, Camara, Carlier, Gomel, Tour\u00e9, Bouabdeli, Dabasse, Sidib\u00e9, Bokangu, Evans.<\/p>\n<p>Absents\u00a0: Bouriaud, Fdaouch, Ciss\u00e9 (soins), Ebonog, Diaby, Pellegrini, Tayot, Giagnorio (choix).<\/p>\n","protected":false},"excerpt":{"rendered":"Comme il l\u2019avait annonc\u00e9 juste apr\u00e8s le succ\u00e8s \u00e0 Valenciennes (3-4) , le coach nanc\u00e9ien Pablo Correa a&hellip;\n","protected":false},"author":2,"featured_media":104168,"comment_status":"","ping_status":"","sticky":false,"template":"","format":"standard","meta":{"footnotes":""},"categories":[9635],"tags":[1111,11,3703,1704,1777,674,107,1701,17649,1795,63,1011,27,775,1702,1703,12,25,517,1700],"class_list":{"0":"post-104167","1":"post","2":"type-post","3":"status-publish","4":"format-standard","5":"has-post-thumbnail","7":"category-nancy","8":"tag-actu","9":"tag-actualites","10":"tag-asnl","11":"tag-edition-nancy-et-agglomeration","12":"tag-eu","13":"tag-europe","14":"tag-fil-info","15":"tag-fil-info-sport","16":"tag-fil-print","17":"tag-fil-web","18":"tag-football","19":"tag-fr","20":"tag-france","21":"tag-grand-est","22":"tag-nancy","23":"tag-nancy-ville-54b","24":"tag-news","25":"tag-republique-francaise","26":"tag-sport","27":"tag-sport-lorrain"},"share_on_mastodon":{"url":"https:\/\/pubeurope.com\/@fr\/114516984008233088","error":""},"_links":{"self":[{"href":"https:\/\/www.europesays.com\/fr\/wp-json\/wp\/v2\/posts\/104167","targetHints":{"allow":["GET"]}}],"collection":[{"href":"https:\/\/www.europesays.com\/fr\/wp-json\/wp\/v2\/posts"}],"about":[{"href":"https:\/\/www.europesays.com\/fr\/wp-json\/wp\/v2\/types\/post"}],"author":[{"embeddable":true,"href":"https:\/\/www.europesays.com\/fr\/wp-json\/wp\/v2\/users\/2"}],"replies":[{"embeddable":true,"href":"https:\/\/www.europesays.com\/fr\/wp-json\/wp\/v2\/comments?post=104167"}],"version-history":[{"count":0,"href":"https:\/\/www.europesays.com\/fr\/wp-json\/wp\/v2\/posts\/104167\/revisions"}],"wp:featuredmedia":[{"embeddable":true,"href":"https:\/\/www.europesays.com\/fr\/wp-json\/wp\/v2\/media\/104168"}],"wp:attachment":[{"href":"https:\/\/www.europesays.com\/fr\/wp-json\/wp\/v2\/media?parent=104167"}],"wp:term":[{"taxonomy":"category","embeddable":true,"href":"https:\/\/www.europesays.com\/fr\/wp-json\/wp\/v2\/categories?post=104167"},{"taxonomy":"post_tag","embeddable":true,"href":"https:\/\/www.europesays.com\/fr\/wp-json\/wp\/v2\/tags?post=104167"}],"curies":[{"name":"wp","href":"https:\/\/api.w.org\/{rel}","templated":true}]}}