{"id":104177,"date":"2025-05-16T10:23:11","date_gmt":"2025-05-16T10:23:11","guid":{"rendered":"https:\/\/www.europesays.com\/fr\/104177\/"},"modified":"2025-05-16T10:23:11","modified_gmt":"2025-05-16T10:23:11","slug":"grenoble-six-nouveaux-commerces-arrivent-en-centre-ville-et-dautres-vont-suivre","status":"publish","type":"post","link":"https:\/\/www.europesays.com\/fr\/104177\/","title":{"rendered":"Grenoble. Six nouveaux commerces arrivent en centre-ville, et d&rsquo;autres vont suivre"},"content":{"rendered":"<p>            Par<br \/>\n        <strong><br \/>\n            <a href=\"https:\/\/actu.fr\/auteur\/lisa-rodrigues\" title=\"Consulter tous les articles de Lisa Rodrigues\" target=\"_blank\" rel=\"noopener\">Lisa Rodrigues<\/a><br \/>\n        <\/strong><\/p>\n<p>        Publi\u00e9 le<\/p>\n<p>            16 mai 2025 \u00e0 11h26        <\/p>\n<p><strong>INFO ACTU GRENOBLE.<\/strong> Depuis quelques semaines, le t\u00e9l\u00e9phone des professionnels de l\u2019immobilier d\u2019entreprise \u00e0 <a href=\"https:\/\/actu.fr\/auvergne-rhone-alpes\/grenoble_38185\" target=\"_blank\" rel=\"noopener\">Grenoble<\/a> n\u2019arr\u00eatent pas de sonner. \u00c0 rebours de discours plus pessimistes sur l\u2019\u00e9tat du commerce en centre-ville, ils l\u2019assurent : la situation est loin d\u2019\u00eatre aussi catastrophique. <br \/>La r\u00e9daction a ainsi appris la reprise prochaine de six locaux commerciaux dans le centre-ville, certains \u00e9tant vacants depuis plusieurs ann\u00e9es. <strong>Voici lesquels<\/strong>.<\/p>\n<p>Des petits nouveaux dans le centre-ville pi\u00e9ton\u00a0<\/p>\n<p class=\" wall-content\">En hypercentre, deux locaux vont rouvrir leurs portes. Le premier, au 4 rue de la R\u00e9publique, dans les locaux de l\u2019ancien Burton. C\u2019est une boutique d\u2019articles pour les animaux (accessoires, nourriture) <strong>Animalis<\/strong> qui doit ouvrir ses portes le 28 mai.<\/p>\n<p>    <a href=\"https:\/\/www.google.com\/maps\/embed?pb=!1m18!1m12!1m3!1d497.0660544890611!2d5.728466804955999!3d45.19053291363617!2m3!1f0!2f0!3f0!3m2!1i1024!2i768!4f13.1!3m3!1m2!1s0x478af48bce1e6b8f%3A0x18dc7a7f5da5a7b1!2sBurton%20of%20London!5e0!3m2!1sfr!2sfr!4v1747385637129!5m2!1sfr!2sfr\" title=\"Ouvrie le lien\" target=\"_blank\" rel=\"noopener\">Cliquez ici pour visualiser le contenu<\/a><\/p>\n<p class=\" wall-content\">Le second est sur la place Grenette. Il va y avoir du mouvement du c\u00f4t\u00e9 de l\u2019ex-boutique Paris New York : une <strong>brasserie<\/strong>, Le Cintra, va d\u00e9marrer son service d\u2019ici la fin du mois de mai.\u00a0<\/p>\n<p class=\" wall-content\">D\u2019autres locaux devraient prochainement trouver preneur, notamment <a href=\"https:\/\/actu.fr\/auvergne-rhone-alpes\/grenoble_38185\/grenoble-cette-fontaine-tres-appreciee-va-etre-relancee-voici-quand_62361851.html\" target=\"_blank\" rel=\"noopener\">place Victor-Hugo<\/a> sur l\u2019emplacement du Zara, ou rue de Bonne, dans l\u2019ancienne boutique de La Chaise Longue. Pour cette derni\u00e8re, une enseigne de lunettes durables serait int\u00e9ress\u00e9e pour sa premi\u00e8re implantation en France.<\/p>\n<p>Un supermarch\u00e9 discount<\/p>\n<p class=\" wall-content\">\u00c7a bouge aussi du c\u00f4t\u00e9 du cours Jean-Jaur\u00e8s, \u00e0 l\u2019angle de l\u2019avenue Alsace-Lorraine, dans les anciens locaux du Cr\u00e9dit Agricole. L\u2019agence immobili\u00e8re <strong>Citya<\/strong> doit y prendre ses quartiers prochainement, sur plusieurs \u00e9tages du b\u00e2timent.<\/p>\n<p class=\" wall-content\">Au 5 rue B\u00e9ranger, au croisement avec le boulevard Gambetta, l\u2019adresse historique de la Caisse d\u2019\u00e9pargne \u2013 ferm\u00e9e depuis des ann\u00e9es \u2013 va revivre d\u00e8s l\u2019automne. Alors qu\u2019un Carrefour avait un temps \u00e9t\u00e9 envisag\u00e9, c\u2019est finalement une boutique premium de chaussures et articles de sport, <strong>I Run<\/strong>, qui va arriver pour sa deuxi\u00e8me implantation dans la r\u00e9gion, apr\u00e8s <a href=\"https:\/\/actu.fr\/auvergne-rhone-alpes\/lyon_69123\" target=\"_blank\" rel=\"noopener\">Lyon<\/a>.<\/p>\n<p>    <a href=\"https:\/\/www.google.com\/maps\/embed?pb=!1m18!1m12!1m3!1d175.74726454638102!2d5.723726528717997!3d45.18798220918016!2m3!1f0!2f0!3f0!3m2!1i1024!2i768!4f13.1!3m3!1m2!1s0x478af48f230130b3%3A0x8549326b357a9069!2s4%20Rue%20B%C3%A9ranger%2C%2038000%20Grenoble!5e0!3m2!1sfr!2sfr!4v1747385689037!5m2!1sfr!2sfr\" title=\"Ouvrie le lien\" target=\"_blank\" rel=\"noopener\">Cliquez ici pour visualiser le contenu<\/a><\/p>\n<p class=\" wall-content\">Place de la Gare, l\u2019ancien restaurant chinois va, lui, \u00eatre remplac\u00e9e par une <strong>pharmacie<\/strong>.<\/p>\n<p class=\" wall-content\">Enfin, rue Hoche, dans l\u2019ex-Habitat, la cha\u00eene de hard discount allemande <strong>Aldi<\/strong> pr\u00e9pare son arriv\u00e9e, pour sa premi\u00e8re implantation \u00e0 Grenoble. L\u2019enseigne est d\u00e9j\u00e0 pr\u00e9sente dans la m\u00e9tropole, \u00e0 <a href=\"https:\/\/actu.fr\/auvergne-rhone-alpes\/echirolles_38151\" target=\"_blank\" rel=\"noopener\">\u00c9chirolles<\/a> ou Saint-\u00c9gr\u00e8ve.<\/p>\n<p class=\" wall-content\">Suivez toute l\u2019actualit\u00e9 de vos villes et m\u00e9dias favoris en vous inscrivant \u00e0 <a href=\"https:\/\/moncompte.actu.fr\" title=\"D\u00e9couvez Mon Actu\" rel=\"nofollow noopener\" data-trk=\"{&quot;cta&quot;:{&quot;action&quot;:&quot;https:\\\/\\\/moncompte.actu.fr&quot;,&quot;category&quot;:&quot;mon compte&quot;,&quot;from&quot;:&quot;article footer&quot;,&quot;name&quot;:&quot;Mon actu&quot;,&quot;type&quot;:&quot;cta&quot;}}\" target=\"_blank\">Mon Actu<\/a>.<\/p>\n<ul class=\"ac-article-tag wall-content\">\n<li><a href=\"https:\/\/actu.fr\/tag\/commerce\" data-trk=\"{&quot;cta&quot;:{&quot;action&quot;:&quot;Commerce&quot;,&quot;category&quot;:&quot;tag&quot;,&quot;from&quot;:&quot;article footer&quot;,&quot;name&quot;:&quot;Commerce&quot;,&quot;type&quot;:&quot;cta&quot;}}\" target=\"_blank\" rel=\"noopener\">#Commerce<\/a><\/li>\n<li><a href=\"https:\/\/actu.fr\/tag\/nouveaux-commerces\" data-trk=\"{&quot;cta&quot;:{&quot;action&quot;:&quot;Nouveaux commerces&quot;,&quot;category&quot;:&quot;tag&quot;,&quot;from&quot;:&quot;article footer&quot;,&quot;name&quot;:&quot;Nouveaux commerces&quot;,&quot;type&quot;:&quot;cta&quot;}}\" target=\"_blank\" rel=\"noopener\">#Nouveaux commerces<\/a><\/li>\n<\/ul>\n","protected":false},"excerpt":{"rendered":"Par Lisa Rodrigues Publi\u00e9 le 16 mai 2025 \u00e0 11h26 INFO ACTU GRENOBLE. Depuis quelques semaines, le t\u00e9l\u00e9phone&hellip;\n","protected":false},"author":2,"featured_media":104178,"comment_status":"","ping_status":"","sticky":false,"template":"","format":"standard","meta":{"footnotes":""},"categories":[9566],"tags":[1111,11,2430,215,33,1777,674,1011,27,2731,12,3147,25],"class_list":{"0":"post-104177","1":"post","2":"type-post","3":"status-publish","4":"format-standard","5":"has-post-thumbnail","7":"category-grenoble","8":"tag-actu","9":"tag-actualites","10":"tag-auvergne-rhone-alpes","11":"tag-commerce","12":"tag-economie","13":"tag-eu","14":"tag-europe","15":"tag-fr","16":"tag-france","17":"tag-grenoble","18":"tag-news","19":"tag-nouveaux-commerces","20":"tag-republique-francaise"},"share_on_mastodon":{"url":"https:\/\/pubeurope.com\/@fr\/114517023319905973","error":""},"_links":{"self":[{"href":"https:\/\/www.europesays.com\/fr\/wp-json\/wp\/v2\/posts\/104177","targetHints":{"allow":["GET"]}}],"collection":[{"href":"https:\/\/www.europesays.com\/fr\/wp-json\/wp\/v2\/posts"}],"about":[{"href":"https:\/\/www.europesays.com\/fr\/wp-json\/wp\/v2\/types\/post"}],"author":[{"embeddable":true,"href":"https:\/\/www.europesays.com\/fr\/wp-json\/wp\/v2\/users\/2"}],"replies":[{"embeddable":true,"href":"https:\/\/www.europesays.com\/fr\/wp-json\/wp\/v2\/comments?post=104177"}],"version-history":[{"count":0,"href":"https:\/\/www.europesays.com\/fr\/wp-json\/wp\/v2\/posts\/104177\/revisions"}],"wp:featuredmedia":[{"embeddable":true,"href":"https:\/\/www.europesays.com\/fr\/wp-json\/wp\/v2\/media\/104178"}],"wp:attachment":[{"href":"https:\/\/www.europesays.com\/fr\/wp-json\/wp\/v2\/media?parent=104177"}],"wp:term":[{"taxonomy":"category","embeddable":true,"href":"https:\/\/www.europesays.com\/fr\/wp-json\/wp\/v2\/categories?post=104177"},{"taxonomy":"post_tag","embeddable":true,"href":"https:\/\/www.europesays.com\/fr\/wp-json\/wp\/v2\/tags?post=104177"}],"curies":[{"name":"wp","href":"https:\/\/api.w.org\/{rel}","templated":true}]}}