{"id":104206,"date":"2025-05-16T10:40:08","date_gmt":"2025-05-16T10:40:08","guid":{"rendered":"https:\/\/www.europesays.com\/fr\/104206\/"},"modified":"2025-05-16T10:40:08","modified_gmt":"2025-05-16T10:40:08","slug":"un-militant-socialiste-soupconne-davoir-vole-la-recette-de-la-fete-de-la-rose-locale","status":"publish","type":"post","link":"https:\/\/www.europesays.com\/fr\/104206\/","title":{"rendered":"un militant socialiste soup\u00e7onn\u00e9 d\u2019avoir vol\u00e9 la recette de la F\u00eate de la rose locale"},"content":{"rendered":"<p>Lundi, un militant socialiste est appel\u00e9 \u00e0 compara\u00eetre devant le tribunal correctionnel de Marseille, soup\u00e7onn\u00e9 d\u2019avoir vol\u00e9 la caisse de la F\u00eate de la rose organis\u00e9e par la f\u00e9d\u00e9ration des Bouches-du-Rh\u00f4ne, \u00e0 Marseille, en septembre dernier.<\/p>\n<p class=\"fig-paragraph\">Ce lundi, un militant\u00a0<a href=\"http:\/\/www.lefigaro.fr\/marseille\/agressions-de-militants-lfi-a-marseille-un-ex-adjoint-ps-de-benoit-payan-place-sous-controle-judiciaire-20250313\" data-fig-type=\"NewsFlash\" data-gtm-custom-categorie=\"navigation\" data-gtm-custom-action=\"crossclick\" data-gtm-custom-label=\"Contextuel\" data-gtm-event=\"customEventSPE\" data-fig-domain=\"LEFIGARO\" target=\"_blank\" rel=\"noopener\">socialiste\u00a0<\/a>est appel\u00e9 \u00e0 compara\u00eetre devant le tribunal correctionnel de Marseille pour des faits de vols en r\u00e9union au pr\u00e9judice de la f\u00e9d\u00e9ration des Bouches-du-Rh\u00f4ne du\u00a0<a href=\"https:\/\/www.lefigaro.fr\/politique\/a-marseille-le-maire-ps-benoit-payan-tente-de-tenir-la-barre-sous-les-assauts-de-ses-opposants-20230625\" data-fig-type=\"Article\" data-gtm-custom-categorie=\"navigation\" data-gtm-custom-action=\"crossclick\" data-gtm-custom-label=\"Contextuel\" data-gtm-event=\"customEventSPE\" data-fig-domain=\"LEFIGARO\" target=\"_blank\" rel=\"noopener\">PS<\/a>, a appris Le Figaro aupr\u00e8s du parquet de Marseille, confirmant une information initiale de\u00a0<a href=\"https:\/\/marsactu.fr\/un-militant-socialiste-au-tribunal-pour-avoir-vole-la-recette-de-la-fete-de-la-rose-du-ps-13\/\" target=\"_blank\" rel=\"nofollow noopener\" data-gtm-custom-categorie=\"navigation\" data-gtm-custom-action=\"crossclick\" data-gtm-custom-label=\"Contextuel\" data-gtm-event=\"customEventSPE\">Marsactu<\/a>.<\/p>\n<p>Un pr\u00e9judice de 1500 euros<\/p>\n<p class=\"fig-paragraph\">Ce militant aurait d\u00e9rob\u00e9 la caisse de la F\u00eate de la rose organis\u00e9e par la f\u00e9d\u00e9ration d\u00e9partementale du PS \u00e0 la Friche de la Belle-de-Mai, \u00e0 Marseille, en septembre dernier. Le pr\u00e9judice est \u00e9valu\u00e9 \u00e0 1500 euros selon nos confr\u00e8res du journal d\u2019investigation local. Une plainte avait \u00e9t\u00e9 d\u00e9pos\u00e9e par le PS avant d\u2019\u00eatre retir\u00e9 lorsque le pr\u00e9venu a restitu\u00e9 l\u2019argent.<\/p>\n<p class=\"fig-paragraph\">Dans deux semaines se tiendra le premier tour de l\u2019\u00e9lection du premier secr\u00e9taire du Parti socialiste. Trois candidats sont en lice. L\u2019actuel premier secr\u00e9taire, Olivier Faure, affrontera Boris Vallaud et Nicolas Mayer-Rossignol. Un second tour est pr\u00e9vu le 5 juin. Le r\u00e9sultat sera ent\u00e9rin\u00e9 lors du congr\u00e8s, pr\u00e9vu du 13 au 15 juin \u00e0 Nancy.<\/p>\n","protected":false},"excerpt":{"rendered":"Lundi, un militant socialiste est appel\u00e9 \u00e0 compara\u00eetre devant le tribunal correctionnel de Marseille, soup\u00e7onn\u00e9 d\u2019avoir vol\u00e9 la&hellip;\n","protected":false},"author":2,"featured_media":104207,"comment_status":"","ping_status":"","sticky":false,"template":"","format":"standard","meta":{"footnotes":""},"categories":[2814],"tags":[1111,11,885,1182,1180,1181,1777,674,1011,27,1184,1185,884,12,1177,1176,149,1186,882,429,25,1178,1183,3693,1179,1175],"class_list":{"0":"post-104206","1":"post","2":"type-post","3":"status-publish","4":"format-standard","5":"has-post-thumbnail","7":"category-marseille","8":"tag-actu","9":"tag-actualites","10":"tag-bouches-du-rhone","11":"tag-calanques","12":"tag-canebiere","13":"tag-cite-phoceenne","14":"tag-eu","15":"tag-europe","16":"tag-fr","17":"tag-france","18":"tag-la-timone","19":"tag-les-baumettes-mediterranee","20":"tag-marseille","21":"tag-news","22":"tag-notre-dame-de-la-garde","23":"tag-olympique-de-marseille","24":"tag-om","25":"tag-provence","26":"tag-provence-alpes-cote-dazur","27":"tag-ps","28":"tag-republique-francaise","29":"tag-saint-charles","30":"tag-sormiou","31":"tag-tribunal","32":"tag-vieux-port","33":"tag-vol"},"share_on_mastodon":{"url":"https:\/\/pubeurope.com\/@fr\/114517090167671867","error":""},"_links":{"self":[{"href":"https:\/\/www.europesays.com\/fr\/wp-json\/wp\/v2\/posts\/104206","targetHints":{"allow":["GET"]}}],"collection":[{"href":"https:\/\/www.europesays.com\/fr\/wp-json\/wp\/v2\/posts"}],"about":[{"href":"https:\/\/www.europesays.com\/fr\/wp-json\/wp\/v2\/types\/post"}],"author":[{"embeddable":true,"href":"https:\/\/www.europesays.com\/fr\/wp-json\/wp\/v2\/users\/2"}],"replies":[{"embeddable":true,"href":"https:\/\/www.europesays.com\/fr\/wp-json\/wp\/v2\/comments?post=104206"}],"version-history":[{"count":0,"href":"https:\/\/www.europesays.com\/fr\/wp-json\/wp\/v2\/posts\/104206\/revisions"}],"wp:featuredmedia":[{"embeddable":true,"href":"https:\/\/www.europesays.com\/fr\/wp-json\/wp\/v2\/media\/104207"}],"wp:attachment":[{"href":"https:\/\/www.europesays.com\/fr\/wp-json\/wp\/v2\/media?parent=104206"}],"wp:term":[{"taxonomy":"category","embeddable":true,"href":"https:\/\/www.europesays.com\/fr\/wp-json\/wp\/v2\/categories?post=104206"},{"taxonomy":"post_tag","embeddable":true,"href":"https:\/\/www.europesays.com\/fr\/wp-json\/wp\/v2\/tags?post=104206"}],"curies":[{"name":"wp","href":"https:\/\/api.w.org\/{rel}","templated":true}]}}