{"id":104208,"date":"2025-05-16T10:41:11","date_gmt":"2025-05-16T10:41:11","guid":{"rendered":"https:\/\/www.europesays.com\/fr\/104208\/"},"modified":"2025-05-16T10:41:11","modified_gmt":"2025-05-16T10:41:11","slug":"musiques-lyon-folk-rock-tinariwen-libres-comme-l%c2%92air-lents-comme-le-sable-par-laure-sole-petit-bulletin-lyon","status":"publish","type":"post","link":"https:\/\/www.europesays.com\/fr\/104208\/","title":{"rendered":"Musiques Lyon &#8211; Folk-rock &#8211; Tinariwen : Libres comme l\u0092air, lents comme le sable par Laure Sol\u00e9 Petit Bulletin Lyon"},"content":{"rendered":"<p class=\"intro\">Folk-rock \/ Les Nuits de Fourvi\u00e8re consacrent une soir\u00e9e au continent africain. Parmi les groupes invit\u00e9s, le folk-rock de Tinariwen invite \u00e0 une d\u00e9ambulation hypnotique dans la m\u00e9moire touareg.<\/p>\n<p>Ils \u00e9taient pass\u00e9s par la cale du Sonic le 23 septembre 2023, les voici reprogramm\u00e9s pour une jauge un poil plus cons\u00e9quente, 4 400 places au Grand th\u00e9\u00e2tre antique des Nuits de Fourvi\u00e8re. Le groupe de blues et de rock malien Tinariwen propose une exp\u00e9rience de live unique, form\u00e9e de grands paysages sonores, tirant vers le folk psych\u00e9d\u00e9lique, et port\u00e9e par des chants profonds, presque plaintifs, entonn\u00e9s en tamasheq (la langue touareg).<\/p>\n<p>Leur aventure a commenc\u00e9 il y a plus de 35 ans, alors que le jeune Ibrahim Ag Alhabib \u00e9tait contraint \u00e0 vivre dans un camp de r\u00e9fugi\u00e9s libyen. Aujourd&rsquo;hui Tinariwen (d\u00e9sert en tamasheq) a remport\u00e9 un Grammy award (pour Tassili, en 2012), a pris part \u00e0 de nombreuses tourn\u00e9es internationales et a ouvert la voie \u00e0 d&rsquo;autres groupes issus du m\u00eame territoire tels que Bombino, Terakaft ou Tamikrest. Rien n&rsquo;a infl\u00e9chi ou alt\u00e9r\u00e9 la ligne directrice du projet artistique des cinq hommes, support de leur travail de m\u00e9moire. De la r\u00e9bellion touar\u00e8gue qui a vu mourir le p\u00e8re du leader du groupe en 1963 \u00e0 la douleur de l&rsquo;exil (l&rsquo;assouf en tamasheq), Ibrahim Ag Alhabib chante la r\u00e9volte et ses musiciens y r\u00e9pondent en ch\u0153ur, jouant de la guitare, de la basse ou du djemb\u00e9.<\/p>\n<p>En transe<\/p>\n<p>Difficile de diff\u00e9rencier les membres du groupe car ils ne se d\u00e9partissent pas de leur tenue traditionnelle, comprenant un tagelmust (ou ch\u00e8che) qui couvre une grande partie de leur visage, parfois tout sauf leurs yeux. De plus, ils ne s&#8217;embarrassent pas de faire le show, ils sautillent ou frappent dans leurs mains occasionnellement, mais restent la plupart du temps sto\u00efques, de grandes silhouettes envelopp\u00e9es de tissu donnant vie \u00e0 des m\u00e9lodies presque mystiques.<\/p>\n<p>La soir\u00e9e African grooves des Nuits de Fourvi\u00e8re fera le grand \u00e9cart, et conviera le m\u00eame soir et sur cette m\u00eame sc\u00e8ne Mulatu Astatke, vedette du vibraphone invoquant des sonorit\u00e9s funk et soul en jouant avec les codes de la musique traditionnelle \u00e9thiopienne. L&rsquo;\u00e9nergie communicative des Amazones d&rsquo;Afrique cl\u00f4turera la soir\u00e9e.<\/p>\n<p><strong>African groove : Tinariwen, Mulatu Astatke, Les Amazones d&rsquo;Afrique<\/strong><br \/>Samedi 7 juin au Grand th\u00e9\u00e2tre antique (Lyon 5e) ; de 22 \u00e0 36\u0080<\/p>\n","protected":false},"excerpt":{"rendered":"Folk-rock \/ Les Nuits de Fourvi\u00e8re consacrent une soir\u00e9e au continent africain. Parmi les groupes invit\u00e9s, le folk-rock&hellip;\n","protected":false},"author":2,"featured_media":104209,"comment_status":"","ping_status":"","sticky":false,"template":"","format":"standard","meta":{"footnotes":""},"categories":[1889],"tags":[1111,11,2430,1777,674,1011,27,22088,2428,22087,1698,12,25,22086],"class_list":{"0":"post-104208","1":"post","2":"type-post","3":"status-publish","4":"format-standard","5":"has-post-thumbnail","7":"category-lyon","8":"tag-actu","9":"tag-actualites","10":"tag-auvergne-rhone-alpes","11":"tag-eu","12":"tag-europe","13":"tag-fr","14":"tag-france","15":"tag-les-amazones-dafrique","16":"tag-lyon","17":"tag-mulatu-astatke","18":"tag-musiques","19":"tag-news","20":"tag-republique-francaise","21":"tag-tinariwen"},"share_on_mastodon":{"url":"https:\/\/pubeurope.com\/@fr\/114517094157943096","error":""},"_links":{"self":[{"href":"https:\/\/www.europesays.com\/fr\/wp-json\/wp\/v2\/posts\/104208","targetHints":{"allow":["GET"]}}],"collection":[{"href":"https:\/\/www.europesays.com\/fr\/wp-json\/wp\/v2\/posts"}],"about":[{"href":"https:\/\/www.europesays.com\/fr\/wp-json\/wp\/v2\/types\/post"}],"author":[{"embeddable":true,"href":"https:\/\/www.europesays.com\/fr\/wp-json\/wp\/v2\/users\/2"}],"replies":[{"embeddable":true,"href":"https:\/\/www.europesays.com\/fr\/wp-json\/wp\/v2\/comments?post=104208"}],"version-history":[{"count":0,"href":"https:\/\/www.europesays.com\/fr\/wp-json\/wp\/v2\/posts\/104208\/revisions"}],"wp:featuredmedia":[{"embeddable":true,"href":"https:\/\/www.europesays.com\/fr\/wp-json\/wp\/v2\/media\/104209"}],"wp:attachment":[{"href":"https:\/\/www.europesays.com\/fr\/wp-json\/wp\/v2\/media?parent=104208"}],"wp:term":[{"taxonomy":"category","embeddable":true,"href":"https:\/\/www.europesays.com\/fr\/wp-json\/wp\/v2\/categories?post=104208"},{"taxonomy":"post_tag","embeddable":true,"href":"https:\/\/www.europesays.com\/fr\/wp-json\/wp\/v2\/tags?post=104208"}],"curies":[{"name":"wp","href":"https:\/\/api.w.org\/{rel}","templated":true}]}}