{"id":104210,"date":"2025-05-16T10:42:10","date_gmt":"2025-05-16T10:42:10","guid":{"rendered":"https:\/\/www.europesays.com\/fr\/104210\/"},"modified":"2025-05-16T10:42:10","modified_gmt":"2025-05-16T10:42:10","slug":"on-a-vu-le-concert-de-dua-lipa-a-la-ldlc-arena-voici-ce-quon-a-pense-du-show","status":"publish","type":"post","link":"https:\/\/www.europesays.com\/fr\/104210\/","title":{"rendered":"on a vu le concert de Dua Lipa \u00e0 la LDLC Arena, voici ce qu&rsquo;on a pens\u00e9 du show"},"content":{"rendered":"<p>            Par<br \/>\n        <strong><br \/>\n            <a href=\"https:\/\/actu.fr\/auteur\/ludivine-caporal\" title=\"Consulter tous les articles de Ludivine Caporal\" rel=\"nofollow noopener\" target=\"_blank\">Ludivine Caporal<\/a><br \/>\n        <\/strong><\/p>\n<p>        Publi\u00e9 le<\/p>\n<p>            16 mai 2025 \u00e0 12h19        <\/p>\n<p>Show \u00e0 l\u2019am\u00e9ricaine, tenues de d\u00e9esse, ambiance \u00e9lectrique\u2026 On a assist\u00e9 (et dans\u00e9) au premier concert de <a href=\"https:\/\/actu.fr\/auvergne-rhone-alpes\/lyon_69123\/dua-lipa-en-concert-a-la-ldlc-arena-de-lyon-l-enorme-star-arrive-tout-savoir_62638812.html\" rel=\"nofollow noopener\" target=\"_blank\">la chanteuse Dua Lipa<\/a> \u00e0 la <a href=\"https:\/\/actu.fr\/tag\/ldlc-arena\" rel=\"nofollow noopener\" target=\"_blank\">LDLC Arena<\/a> de Lyon-D\u00e9cines, ce jeudi 15\u00a0mai. Et autant vous dire d\u2019embl\u00e9e qu\u2019on en a pris <strong>plein les oreilles, et surtout plein les yeux.<\/strong><\/p>\n<p>Encha\u00eenement de hits et voix plus que ma\u00eetris\u00e9e<\/p>\n<p class=\" wall-content\">Avec une entr\u00e9e digne des plus grands sur son hit <strong>Training Season<\/strong>, la superstar britannique a instantan\u00e9ment mis le feu \u00e0 la salle d\u00e8s l\u2019ouverture du show d\u00e9but\u00e9 \u00e0 20h30 pile, t\u00e9moignant d\u2019une gestion impeccable des \u00e9quipes de l\u2019artiste et de la LDLC.<\/p>\n<p class=\" wall-content\"><a href=\"https:\/\/www.instagram.com\/reel\/DJr25e9oE9E\/embed\" title=\"Ouvrir le lien sur Instagram\" rel=\"nofollow noopener\" target=\"_blank\">Visualiser le contenu sur Instagram<\/a><\/p>\n<p class=\" wall-content\">Accompagn\u00e9e de ses danseurs et musiciens, changeant par moments de tenue et sans jamais oublier ses pas de danse, Dua Lipa a ensuite encha\u00een\u00e9 ses tubes avec <strong>une \u00e9nergie d\u00e9bordante<\/strong>\u2009: One Kiss, Break My Heart, Levitating, Illusion, Be The One ou encore New Rules, le tout devant un public lyonnais conquis qui chantait \u00e0 tue-t\u00eate, t\u00e9l\u00e9phone en main.<\/p>\n<p class=\" wall-content\">\n<p class=\" wall-content\">Au-del\u00e0 de la folle sc\u00e9nographie, des confettis et des flammes, la chanteuse a surtout s\u00e9duit par sa voix <strong>groovie et singuli\u00e8re<\/strong> qu\u2019elle a r\u00e9ussi \u00e0 ma\u00eetriser, m\u00eame pendant les moments les plus sportifs de sa performance.<\/p>\n<p class=\" wall-content\">\n<p>Reprise de la chanson fran\u00e7aise Derni\u00e8re Danse<\/p>\n<p class=\" wall-content\">Mais la v\u00e9ritable apoth\u00e9ose, pour quelques chanceux du premier rang, a \u00e9t\u00e9 lorsque Dua Lipa s\u2019est approch\u00e9e d\u2019eux pour discuter, prendre des selfies et leur faire des c\u00e2lins. Un \u00e9change touchant qui semblait sinc\u00e8re.<\/p>\n<p class=\" wall-content\">Sur sc\u00e8ne, apr\u00e8s quelques mots en fran\u00e7ais, la star s\u2019est \u00e9galement appropri\u00e9 <strong>une chanson locale<\/strong>, reprise en version acoustique\u2009: le titre Derni\u00e8re Danse, de la chanteuse Indila. Une \u00ab\u2009surprise\u2009\u00bb qu\u2019elle pr\u00e9voit \u00e0 chaque date du \u00ab\u2009Radical Optisim Tour\u2009\u00bb, en choisissant sa chanson en fonction du pays dans lequel elle se produit.<\/p>\n<p>Pr\u00e8s de 2h de show<\/p>\n<p class=\" wall-content\">Apr\u00e8s plus d\u20191h30 de show, l\u2019interpr\u00e9tation de Physical, Dance The Night, Don\u2019t Start Now et un premier au revoir au public lyonnais, l\u2019artiste est finalement r\u00e9apparue pour <strong>Houdini <\/strong>en guise de bouquet final. De quoi terminer en beaut\u00e9 un spectacle que l\u2019on pourrait presque se risquer \u00e0 qualifier de parfait.<\/p>\n<p class=\" wall-content\">Seule petite d\u00e9ception, et parce qu\u2019il faut tout de m\u00eame en citer une\u2009: l\u2019absence de la chanson Fever, en feat avec la belge <a href=\"https:\/\/actu.fr\/tag\/angele\" rel=\"nofollow noopener\" target=\"_blank\">Ang\u00e8le<\/a>, qu\u2019on aurait bien aim\u00e9 entendre en live.<\/p>\n<p class=\" wall-content\">Quant \u00e0 son deuxi\u00e8me concert lyonnais, il se tiendra ce vendredi 16\u00a0mai, toujours dans la m\u00eame salle. Et on est quasiment s\u00fbrs qu\u2019il sera aussi bien que le premier\u2009!<\/p>\n<p class=\" wall-content\">Suivez toute l\u2019actualit\u00e9 de vos villes et m\u00e9dias favoris en vous inscrivant \u00e0 <a href=\"https:\/\/moncompte.actu.fr\" title=\"D\u00e9couvez Mon Actu\" rel=\"nofollow noopener\" data-trk=\"{&quot;cta&quot;:{&quot;action&quot;:&quot;https:\\\/\\\/moncompte.actu.fr&quot;,&quot;category&quot;:&quot;mon compte&quot;,&quot;from&quot;:&quot;article footer&quot;,&quot;name&quot;:&quot;Mon actu&quot;,&quot;type&quot;:&quot;cta&quot;}}\" target=\"_blank\">Mon Actu<\/a>.<\/p>\n<p>                    <script async src=\"\/\/www.instagram.com\/embed.js\"><\/script><\/p>\n","protected":false},"excerpt":{"rendered":"Par Ludivine Caporal Publi\u00e9 le 16 mai 2025 \u00e0 12h19 Show \u00e0 l\u2019am\u00e9ricaine, tenues de d\u00e9esse, ambiance \u00e9lectrique\u2026&hellip;\n","protected":false},"author":2,"featured_media":104211,"comment_status":"","ping_status":"","sticky":false,"template":"","format":"standard","meta":{"footnotes":""},"categories":[1889],"tags":[1111,11,2430,1697,1777,674,1011,27,7602,1652,2428,12,25],"class_list":{"0":"post-104210","1":"post","2":"type-post","3":"status-publish","4":"format-standard","5":"has-post-thumbnail","7":"category-lyon","8":"tag-actu","9":"tag-actualites","10":"tag-auvergne-rhone-alpes","11":"tag-concert","12":"tag-eu","13":"tag-europe","14":"tag-fr","15":"tag-france","16":"tag-ldlc-arena","17":"tag-loisirs-culture","18":"tag-lyon","19":"tag-news","20":"tag-republique-francaise"},"share_on_mastodon":{"url":"https:\/\/pubeurope.com\/@fr\/114517098022567318","error":""},"_links":{"self":[{"href":"https:\/\/www.europesays.com\/fr\/wp-json\/wp\/v2\/posts\/104210","targetHints":{"allow":["GET"]}}],"collection":[{"href":"https:\/\/www.europesays.com\/fr\/wp-json\/wp\/v2\/posts"}],"about":[{"href":"https:\/\/www.europesays.com\/fr\/wp-json\/wp\/v2\/types\/post"}],"author":[{"embeddable":true,"href":"https:\/\/www.europesays.com\/fr\/wp-json\/wp\/v2\/users\/2"}],"replies":[{"embeddable":true,"href":"https:\/\/www.europesays.com\/fr\/wp-json\/wp\/v2\/comments?post=104210"}],"version-history":[{"count":0,"href":"https:\/\/www.europesays.com\/fr\/wp-json\/wp\/v2\/posts\/104210\/revisions"}],"wp:featuredmedia":[{"embeddable":true,"href":"https:\/\/www.europesays.com\/fr\/wp-json\/wp\/v2\/media\/104211"}],"wp:attachment":[{"href":"https:\/\/www.europesays.com\/fr\/wp-json\/wp\/v2\/media?parent=104210"}],"wp:term":[{"taxonomy":"category","embeddable":true,"href":"https:\/\/www.europesays.com\/fr\/wp-json\/wp\/v2\/categories?post=104210"},{"taxonomy":"post_tag","embeddable":true,"href":"https:\/\/www.europesays.com\/fr\/wp-json\/wp\/v2\/tags?post=104210"}],"curies":[{"name":"wp","href":"https:\/\/api.w.org\/{rel}","templated":true}]}}