{"id":104216,"date":"2025-05-16T10:46:12","date_gmt":"2025-05-16T10:46:12","guid":{"rendered":"https:\/\/www.europesays.com\/fr\/104216\/"},"modified":"2025-05-16T10:46:12","modified_gmt":"2025-05-16T10:46:12","slug":"le-message-de-kim-kardashian-apres-son-temoignage-au-proces-de-ses-braqueurs","status":"publish","type":"post","link":"https:\/\/www.europesays.com\/fr\/104216\/","title":{"rendered":"le message de Kim Kardashian apr\u00e8s son t\u00e9moignage au proc\u00e8s de ses braqueurs"},"content":{"rendered":"<p>Un court message et des photos de son passage \u00e0 Paris<a href=\"https:\/\/fr.news.yahoo.com\/j%C3%A9tais-certaine-mourir-nuit-l%C3%A0-121545630.html\" data-ylk=\"slk:Kim Kardashian;elm:context_link;itc:0;sec:content-canvas;outcm:mb_qualified_link;_E:mb_qualified_link;ct:story;\" class=\"link  yahoo-link\" target=\"_blank\" rel=\"noopener\"> Kim Kardashian <\/a>a tenu \u00e0 remercier la France. La star de t\u00e9l\u00e9r\u00e9alit\u00e9 venue le 13 mai t\u00e9moigner au proc\u00e8s de ses cambrioleurs, a ainsi \u00e9crit sur Instagram: \u00ab\u00a0Merci Paris! Vive la France\u00a0\u00bb.<\/p>\n<p>Dans la s\u00e9rie de photos accompagnant ce message, Kim Kardashian d\u00e9voile les coulisses de son arriv\u00e9e au palais de justice de Paris. Bard\u00e9e de diamants et sangl\u00e9e dans un tailleur couture noir, l&rsquo;Am\u00e9ricaine \u00e9tait accompagn\u00e9e de sa m\u00e8re, Kris Jenner, et flanqu\u00e9e de son avocat Michael Rhodes.<\/p>\n<p>Selfie avec son avocat<\/p>\n<p>Kim Kardashian a \u00e9galement publi\u00e9 un selfie avec l&rsquo;avocat, mettant en valeur sa manucure&#8230; et l&rsquo;\u00e9norme diamant qu&rsquo;elle porte \u00e0 l&rsquo;annulaire.<\/p>\n<p>Selon le magazine People, Kim Kardahsian et sa m\u00e8re ont profit\u00e9 de leur passage \u00e0 Paris pour assister \u00e0 une f\u00eate organis\u00e9e par Lauren Sanchez, future \u00e9pouse de Jeff Bezos, avant son mariage \u00e0 le milliardaire. Un enterrement de vie de jeune fille de luxe, dans le restaurant \u00e9toil\u00e9 sur le toit de la Samaritaine.<\/p>\n<p>Kim Kardashian a livr\u00e9 mardi un t\u00e9moignage poignant de l&rsquo;exp\u00e9rience traumatisante qu&rsquo;elle a v\u00e9cue en 2016, lorsqu&rsquo;une<a href=\"https:\/\/fr.news.yahoo.com\/braquage-kim-kardashian-enqu%C3%AAteurs-racontent-155456553.html\" data-ylk=\"slk:bande de cambrioleurs;elm:context_link;itc:0;sec:content-canvas;outcm:mb_qualified_link;_E:mb_qualified_link;ct:story;\" class=\"link  yahoo-link\" target=\"_blank\" rel=\"noopener\"> bande de cambrioleurs<\/a> a fait irruption dans la suite de son h\u00f4tel parisien, en pleine Fashion Week, pour la ligoter et la d\u00e9pouiller de ses bijoux.<\/p>\n<p>\u00ab\u00a0Mais \u00e7a a tout chang\u00e9\u00a0\u00bb<\/p>\n<p>\u00ab\u00a0J&rsquo;\u00e9tais certaine que j&rsquo;allais mourir (&#8230;). C&rsquo;\u00e9tait absolument terrifiant\u00a0\u00bb, a-t-elle ainsi livr\u00e9, racontant cette nuit de septembre et comment sa vie en a \u00e9t\u00e9 boulevers\u00e9e.<\/p>\n<p>\u00ab\u00a0Je suis venue \u00e0 Paris pour la Fashion Week (en 2016). C&rsquo;est une ville que j&rsquo;ai toujours ador\u00e9e. J&rsquo;avais l&rsquo;habitude de marcher dans les rues, m\u00eame quand je me r\u00e9veillais en pleine nuit. Je me sentais toujours en s\u00e9curit\u00e9 dans cette ville, c&rsquo;\u00e9tait un endroit magique. Mais \u00e7a a tout chang\u00e9.\u00a0\u00bb<\/p>\n<p>\u00ab\u00a0J&rsquo;ai d\u00fb suivre une th\u00e9rapie\u00a0\u00bb, a-t-elle aussi expliqu\u00e9, racontant avoir chang\u00e9 de mode de vie apr\u00e8s l&rsquo;agression. \u00ab\u00a0J&rsquo;ai des enfants \u00e0 \u00e9lever et ne veux pas vivre dans la peur, mais j&rsquo;ai d\u00fb changer ma fa\u00e7on de vivre. J&rsquo;essaie de rester forte\u00a0\u00bb.<\/p>\n<p>\u00ab\u00a0Je vous pardonne pour ce qu&rsquo;il s&rsquo;est pass\u00e9, mais \u00e7a ne change rien aux \u00e9motions, au trauma et \u00e0 la fa\u00e7on dont ma vie a chang\u00e9\u00a0\u00bb, a-t-elle conclu.<\/p>\n<p><a href=\"https:\/\/www.bfmtv.com\/people\/cinema\/merci-paris-vive-la-france-le-message-de-kim-kardashian-apres-son-temoignage-au-proces-de-ses-braqueurs_AV-202505160384.html#xtor=AL-68\" rel=\"nofollow noopener\" target=\"_blank\" data-ylk=\"slk:Article original publi\u00e9 sur BFMTV.com;elm:context_link;itc:0;sec:content-canvas\" class=\"link \">Article original publi\u00e9 sur BFMTV.com<\/a><\/p>\n","protected":false},"excerpt":{"rendered":"Un court message et des photos de son passage \u00e0 Paris Kim Kardashian a tenu \u00e0 remercier la&hellip;\n","protected":false},"author":2,"featured_media":104217,"comment_status":"","ping_status":"","sticky":false,"template":"","format":"standard","meta":{"footnotes":""},"categories":[1888],"tags":[1111,1928,11,1927,22091,1777,674,1011,27,8932,22090,8934,12,1926,22089,626,1925,25,22092],"class_list":{"0":"post-104216","1":"post","2":"type-post","3":"status-publish","4":"format-standard","5":"has-post-thumbnail","7":"category-paris","8":"tag-actu","9":"tag-actu-paris","10":"tag-actualites","11":"tag-actualites-paris","12":"tag-enterrement-de-vie-de-jeune-fille","13":"tag-eu","14":"tag-europe","15":"tag-fr","16":"tag-france","17":"tag-kim-kardashian","18":"tag-lauren-sanchez","19":"tag-michael-rhodes","20":"tag-news","21":"tag-news-paris","22":"tag-palais-de-justice-de-paris","23":"tag-paris","24":"tag-paris-news","25":"tag-republique-francaise","26":"tag-vivre-dans-la-peur"},"share_on_mastodon":{"url":"https:\/\/pubeurope.com\/@fr\/114517113791885487","error":""},"_links":{"self":[{"href":"https:\/\/www.europesays.com\/fr\/wp-json\/wp\/v2\/posts\/104216","targetHints":{"allow":["GET"]}}],"collection":[{"href":"https:\/\/www.europesays.com\/fr\/wp-json\/wp\/v2\/posts"}],"about":[{"href":"https:\/\/www.europesays.com\/fr\/wp-json\/wp\/v2\/types\/post"}],"author":[{"embeddable":true,"href":"https:\/\/www.europesays.com\/fr\/wp-json\/wp\/v2\/users\/2"}],"replies":[{"embeddable":true,"href":"https:\/\/www.europesays.com\/fr\/wp-json\/wp\/v2\/comments?post=104216"}],"version-history":[{"count":0,"href":"https:\/\/www.europesays.com\/fr\/wp-json\/wp\/v2\/posts\/104216\/revisions"}],"wp:featuredmedia":[{"embeddable":true,"href":"https:\/\/www.europesays.com\/fr\/wp-json\/wp\/v2\/media\/104217"}],"wp:attachment":[{"href":"https:\/\/www.europesays.com\/fr\/wp-json\/wp\/v2\/media?parent=104216"}],"wp:term":[{"taxonomy":"category","embeddable":true,"href":"https:\/\/www.europesays.com\/fr\/wp-json\/wp\/v2\/categories?post=104216"},{"taxonomy":"post_tag","embeddable":true,"href":"https:\/\/www.europesays.com\/fr\/wp-json\/wp\/v2\/tags?post=104216"}],"curies":[{"name":"wp","href":"https:\/\/api.w.org\/{rel}","templated":true}]}}