{"id":104220,"date":"2025-05-16T10:48:11","date_gmt":"2025-05-16T10:48:11","guid":{"rendered":"https:\/\/www.europesays.com\/fr\/104220\/"},"modified":"2025-05-16T10:48:11","modified_gmt":"2025-05-16T10:48:11","slug":"une-femme-condamnee-a-un-an-de-prison-ferme-pour-de-faux-tags-antisemites","status":"publish","type":"post","link":"https:\/\/www.europesays.com\/fr\/104220\/","title":{"rendered":"une femme condamn\u00e9e \u00e0 un an de prison ferme pour de faux tags antis\u00e9mites"},"content":{"rendered":"<p class=\"article-p mdl\">Le parquet de Paris a fait savoir, vendredi 16 mai, que <strong>Nancy S., se disant victime d&rsquo;actes antis\u00e9mites, a \u00e9t\u00e9 condamn\u00e9e<\/strong> \u00e0 deux ans et demi de prison, dont un an ferme, pour d\u00e9nonciation de d\u00e9lit imaginaire et d\u00e9gradation en raison de la religion.\u00a0<\/p>\n<p class=\"article-p mdl\">\u00c0 l&rsquo;automne 2024, la femme de 51 ans, a d\u00e9pos\u00e9 plusieurs plaintes au commissariat du XIe arrondissement, <strong>d\u00e9non\u00e7ant des tags antis\u00e9mites dans les parties communes<\/strong> du b\u00e2timent \u00e0 dix reprises entre le 19 septembre et le 24 octobre 2024. Il s&rsquo;agit du m\u00eame immeuble o\u00f9\u00a0<a class=\"link\" href=\"https:\/\/www.rtl.fr\/actu\/justice-faits-divers\/proces-du-meurtre-de-mireille-knoll-le-meurtrier-yacine-mihoub-ecope-de-la-perpetuite-7900095283\" title=\"Proc\u00e8s du meurtre de Mireille Knoll : le meurtrier Yacine Mihoub \u00e9cope de la perp\u00e9tuit\u00e9\" target=\"_blank\" rel=\"nofollow noopener\">Mireille Knoll, rescap\u00e9e de la Shoah, avait \u00e9t\u00e9 tu\u00e9e<\/a>\u00a0\u00e0 son domicile, d\u2019un acte antis\u00e9mite, le 23 mars 2018. Nancy S. a d\u00e9sormais l&rsquo;interdiction de para\u00eetre \u00e0 l&rsquo;adresse.<\/p>\n<p class=\"article-p mdl\">Le parquet de Paris avait <strong>ouvert une enqu\u00eate en octobre pour d\u00e9gradations en raison de la religion<\/strong>, confi\u00e9e au commissariat du 11e arrondissement. Mais les investigations \u00ab\u00a0et notamment l&rsquo;exploitation de toutes les cam\u00e9ras avoisinantes n&rsquo;a pas permis d&rsquo;identifier d&rsquo;intrus susceptible d&rsquo;\u00eatre entr\u00e9 commettre ces d\u00e9gradations\u00a0\u00bb. Le 20 d\u00e9cembre, Nancy S. a de nouveau d\u00e9pos\u00e9 plainte, affirmant avoir re\u00e7u un courrier antis\u00e9mite. Les v\u00e9rifications ont alors permis de l&rsquo;identifier \u00ab\u00a0elle-m\u00eame comme ayant acquis le timbre appos\u00e9 sur ce courrier\u00a0\u00bb, selon le parquet.<\/p>\n<p class=\"article-p mdl\">Un nouveau dispositif de captation d&rsquo;images, install\u00e9 cette fois dans l&rsquo;ascenseur de l&rsquo;immeuble, avait \u00e9galement permis d&rsquo;identifier <strong>Nancy S. et sa fille alors qu&rsquo;elles d\u00e9gradaient elles-m\u00eames les parties communes<\/strong>. L&rsquo;avocat de la plaignante a annonc\u00e9 faire appel de cette condamnation.<\/p>\n<p>    La r\u00e9daction vous recommande<\/p>\n<p class=\"s-newsletter__title\">\n                L\u2019actualit\u00e9 par la r\u00e9daction de RTL dans votre bo\u00eete mail.\n            <\/p>\n<p class=\"s-newsletter__subtitle\">\n                Gr\u00e2ce \u00e0 votre compte RTL abonnez-vous \u00e0 la newsletter RTL info pour suivre toute l&rsquo;actualit\u00e9 au quotidien\n            <\/p>\n<p>\n                                    Lire la suite\n                                <\/p>\n","protected":false},"excerpt":{"rendered":"Le parquet de Paris a fait savoir, vendredi 16 mai, que Nancy S., se disant victime d&rsquo;actes antis\u00e9mites,&hellip;\n","protected":false},"author":2,"featured_media":104221,"comment_status":"","ping_status":"","sticky":false,"template":"","format":"standard","meta":{"footnotes":""},"categories":[1888],"tags":[11,6155,1777,674,107,1011,27,303,12,626,25],"class_list":{"0":"post-104220","1":"post","2":"type-post","3":"status-publish","4":"format-standard","5":"has-post-thumbnail","7":"category-paris","8":"tag-actualites","9":"tag-antisemitisme","10":"tag-eu","11":"tag-europe","12":"tag-fil-info","13":"tag-fr","14":"tag-france","15":"tag-justice","16":"tag-news","17":"tag-paris","18":"tag-republique-francaise"},"share_on_mastodon":{"url":"https:\/\/pubeurope.com\/@fr\/114517121698541471","error":""},"_links":{"self":[{"href":"https:\/\/www.europesays.com\/fr\/wp-json\/wp\/v2\/posts\/104220","targetHints":{"allow":["GET"]}}],"collection":[{"href":"https:\/\/www.europesays.com\/fr\/wp-json\/wp\/v2\/posts"}],"about":[{"href":"https:\/\/www.europesays.com\/fr\/wp-json\/wp\/v2\/types\/post"}],"author":[{"embeddable":true,"href":"https:\/\/www.europesays.com\/fr\/wp-json\/wp\/v2\/users\/2"}],"replies":[{"embeddable":true,"href":"https:\/\/www.europesays.com\/fr\/wp-json\/wp\/v2\/comments?post=104220"}],"version-history":[{"count":0,"href":"https:\/\/www.europesays.com\/fr\/wp-json\/wp\/v2\/posts\/104220\/revisions"}],"wp:featuredmedia":[{"embeddable":true,"href":"https:\/\/www.europesays.com\/fr\/wp-json\/wp\/v2\/media\/104221"}],"wp:attachment":[{"href":"https:\/\/www.europesays.com\/fr\/wp-json\/wp\/v2\/media?parent=104220"}],"wp:term":[{"taxonomy":"category","embeddable":true,"href":"https:\/\/www.europesays.com\/fr\/wp-json\/wp\/v2\/categories?post=104220"},{"taxonomy":"post_tag","embeddable":true,"href":"https:\/\/www.europesays.com\/fr\/wp-json\/wp\/v2\/tags?post=104220"}],"curies":[{"name":"wp","href":"https:\/\/api.w.org\/{rel}","templated":true}]}}