{"id":104222,"date":"2025-05-16T10:49:10","date_gmt":"2025-05-16T10:49:10","guid":{"rendered":"https:\/\/www.europesays.com\/fr\/104222\/"},"modified":"2025-05-16T10:49:10","modified_gmt":"2025-05-16T10:49:10","slug":"la-commission-europeenne-va-augmenter-la-pression-sur-la-russie","status":"publish","type":"post","link":"https:\/\/www.europesays.com\/fr\/104222\/","title":{"rendered":"La Commission europ\u00e9enne va augmenter la pression sur la Russie"},"content":{"rendered":"<p>Ursula Von der Leyen veut accroitre la pression jusqu&rsquo;\u00e0 ce que Poutine soit \u00ab\u00a0pr\u00eat\u00a0\u00bb pour la paix<\/p>\n<p>La pr\u00e9sidente de la Commission europ\u00e9enne, Ursula von der Leyen, a promis vendredi d&rsquo;accro\u00eetre la pression sur Moscou jusqu&rsquo;\u00e0 ce que le pr\u00e9sident russe Vladimir Poutine soit \u00ab\u00a0pr\u00eat pour la paix\u00a0\u00bb dans les discussions avec l&rsquo;Ukraine.<\/p>\n<p>Le pr\u00e9sident ukrainien Volodymyr Zelensky \u00ab\u00a0\u00e9tait pr\u00eat \u00e0 une rencontre. Le pr\u00e9sident Poutine ne s&rsquo;est pas pr\u00e9sent\u00e9. Cela d\u00e9montre une chose: le pr\u00e9sident Poutine ne veut pas la paix\u00a0\u00bb, a-t-elle d\u00e9clar\u00e9 puis Tirana.<\/p>\n<p>\u00ab\u00a0Nous voulons la paix et nous devons accro\u00eetre la pression jusqu&rsquo;\u00e0 ce que le pr\u00e9sident Poutine soit pr\u00eat pour cela\u00a0\u00bb, a-t-elle ajout\u00e9, \u00e9voquant de nouvelles sanctions en pr\u00e9paration.<\/p>\n<p>\u00a0<\/p>\n<p>\u00a9 Agence France-Presse<\/p>\n","protected":false},"excerpt":{"rendered":"Ursula Von der Leyen veut accroitre la pression jusqu&rsquo;\u00e0 ce que Poutine soit \u00ab\u00a0pr\u00eat\u00a0\u00bb pour la paix La&hellip;\n","protected":false},"author":2,"featured_media":104223,"comment_status":"","ping_status":"","sticky":false,"template":"","format":"standard","meta":{"footnotes":""},"categories":[1591],"tags":[11,1887,12,1885,1886,132,2544,135],"class_list":{"0":"post-104222","1":"post","2":"type-post","3":"status-publish","4":"format-standard","5":"has-post-thumbnail","7":"category-russie","8":"tag-actualites","9":"tag-federation-de-russie","10":"tag-news","11":"tag-russia","12":"tag-russian-federation","13":"tag-russie","14":"tag-ursula-von-der-leyen","15":"tag-vladimir-poutine"},"share_on_mastodon":{"url":"https:\/\/pubeurope.com\/@fr\/114517125761607222","error":""},"_links":{"self":[{"href":"https:\/\/www.europesays.com\/fr\/wp-json\/wp\/v2\/posts\/104222","targetHints":{"allow":["GET"]}}],"collection":[{"href":"https:\/\/www.europesays.com\/fr\/wp-json\/wp\/v2\/posts"}],"about":[{"href":"https:\/\/www.europesays.com\/fr\/wp-json\/wp\/v2\/types\/post"}],"author":[{"embeddable":true,"href":"https:\/\/www.europesays.com\/fr\/wp-json\/wp\/v2\/users\/2"}],"replies":[{"embeddable":true,"href":"https:\/\/www.europesays.com\/fr\/wp-json\/wp\/v2\/comments?post=104222"}],"version-history":[{"count":0,"href":"https:\/\/www.europesays.com\/fr\/wp-json\/wp\/v2\/posts\/104222\/revisions"}],"wp:featuredmedia":[{"embeddable":true,"href":"https:\/\/www.europesays.com\/fr\/wp-json\/wp\/v2\/media\/104223"}],"wp:attachment":[{"href":"https:\/\/www.europesays.com\/fr\/wp-json\/wp\/v2\/media?parent=104222"}],"wp:term":[{"taxonomy":"category","embeddable":true,"href":"https:\/\/www.europesays.com\/fr\/wp-json\/wp\/v2\/categories?post=104222"},{"taxonomy":"post_tag","embeddable":true,"href":"https:\/\/www.europesays.com\/fr\/wp-json\/wp\/v2\/tags?post=104222"}],"curies":[{"name":"wp","href":"https:\/\/api.w.org\/{rel}","templated":true}]}}