{"id":1042223,"date":"2026-07-04T04:48:15","date_gmt":"2026-07-04T04:48:15","guid":{"rendered":"https:\/\/www.europesays.com\/fr\/1042223\/"},"modified":"2026-07-04T04:48:15","modified_gmt":"2026-07-04T04:48:15","slug":"la-creation-de-2-000-emplois-par-gregory-doucet-a-la-mairie-de-lyon-sanctionnee-par-la-justice","status":"publish","type":"post","link":"https:\/\/www.europesays.com\/fr\/1042223\/","title":{"rendered":"La cr\u00e9ation de 2 000 emplois par Gr\u00e9gory Doucet \u00e0 la mairie de Lyon sanctionn\u00e9e par la justice"},"content":{"rendered":"<p>                    Par<br \/>\n        <strong><br \/>\n            <a href=\"https:\/\/actu.fr\/auteur\/nicolas-zaugra\" title=\"Consulter tous les articles de Nicolas Zaugra\" rel=\"nofollow noopener\" target=\"_blank\">Nicolas Zaugra<\/a><br \/>\n                    <\/strong><\/p>\n<p>        Publi\u00e9 le<\/p>\n<p>            4 juil. 2026 \u00e0 6h22        <\/p>\n<p><strong>INFO PRESS PEPPER\/ ACTU LYON<\/strong>. Le tribunal administratif de <a href=\"https:\/\/actu.fr\/auvergne-rhone-alpes\/lyon_69123\" rel=\"nofollow noopener\" target=\"_blank\">Lyon<\/a> a donn\u00e9 raison \u00e0 Sud Collectivit\u00e9s territoriales 69 en annulant la d\u00e9lib\u00e9ration du conseil municipal de Lyon qui avait autoris\u00e9 le maire (Les \u00c9cologistes) <a href=\"https:\/\/actu.fr\/auvergne-rhone-alpes\/lyon_69123\/la-zone-a-trafic-limite-de-lyon-sabree-par-la-metropole-gregory-doucet-fulmine-et-propose-un-referendum_64488260.html\" rel=\"nofollow noopener\" target=\"_blank\">Gr\u00e9gory Doucet<\/a> \u00e0 <strong>cr\u00e9er 2 000 emplois en 2024 pour \u00ab\u00a0r\u00e9pondre \u00e0 un accroissement temporaire d\u2019activit\u00e9\u00a0\u00bb au sein des services<\/strong>.<br \/>Le syndicat avait d\u00e9pos\u00e9 un recours le 20 f\u00e9vrier 2024 : la d\u00e9lib\u00e9ration litigieuse \u00ab\u00a0ne pr\u00e9cise ni le motif invoqu\u00e9 pour que l\u2019emploi puisse \u00eatre pourvu par un (\u2026) contractuel (\u2026), ni le niveau de recrutement, ni la r\u00e9mun\u00e9ration de l\u2019emploi cr\u00e9\u00e9\u00a0\u00bb.<\/p>\n<p>\u00ab\u00a0P\u00e9renniser le recrutement d\u2019agents contractuels pour satisfaire des besoins permanents\u00a0\u00bb<\/p>\n<p class=\" wall-content\">\u00ab\u00a0La d\u00e9lib\u00e9ration (\u2026) ne vise pas \u00e0 cr\u00e9er des emplois temporaires pour satisfaire des accroissements temporaires et saisonniers (\u2026) mais \u00e0 p\u00e9renniser le recrutement d\u2019agents contractuels pour satisfaire des besoins permanents, en violation des dispositions (\u2026) du code g\u00e9n\u00e9ral de la fonction publique\u00a0\u00bb, jugeait\u00a0Me Karin Hammerer, l\u2019avocate de Sud CT 69.<\/p>\n<p class=\" wall-content\">\u00ab\u00a0L\u2019activit\u00e9 de ce syndicat, qui a son si\u00e8ge \u00e0 Lyon, s\u2019exerce dans les collectivit\u00e9s territoriales (\u2026) relevant du d\u00e9partement du Rh\u00f4ne\u00a0\u00bb, commence par resituer le tribunal administratif de Lyon dans un jugement en date du 23 avril 2026 qui vient d\u2019\u00eatre rendu public.<\/p>\n<p class=\" wall-content\">\u00ab\u00a0Il s\u2019est notamment donn\u00e9 pour but de \u00ab\u00a0repr\u00e9senter les int\u00e9r\u00eats professionnels, \u00e9conomiques ou sociaux des agents de droit public de son activit\u00e9, de d\u00e9fendre les int\u00e9r\u00eats socio-\u00e9conomiques imm\u00e9diats des travailleuses et des travailleurs, de promouvoir et d\u00e9fendre le service public\u00a0\u00bb.<\/p>\n<p>\u00ab\u00a0Porter atteinte aux int\u00e9r\u00eats collectifs des agents de la ville de Lyon\u00a0\u00bb<\/p>\n<p class=\" wall-content\">\u00ab\u00a0Les statuts du syndicat l\u2019autorisent aussi \u00e0 \u00ab\u00a0ester en justice\u00a0\u00bb quand les \u00ab\u00a0int\u00e9r\u00eats collectifs\u00a0\u00bb de ses adh\u00e9rents ou les siens \u00ab\u00a0l\u2019exigent\u00a0\u00bb. Or \u00ab\u00a0la d\u00e9lib\u00e9ration (\u2026), par laquelle (\u2026) la Ville de Lyon a d\u00e9cid\u00e9 la cr\u00e9ation d\u2019emplois temporaires d\u2019agents contractuels (\u2026) au sein des diff\u00e9rentes d\u00e9l\u00e9gations et directions de la ville, est <strong>susceptible de porter atteinte aux int\u00e9r\u00eats collectifs des agents<\/strong> de la Ville de Lyon\u00a0\u00bb, consid\u00e8re le tribunal administratif de Lyon.<\/p>\n<p class=\" wall-content\">La m\u00eame d\u00e9lib\u00e9ration a \u00ab\u00a0pour objet de cr\u00e9er pour l\u2019ann\u00e9e 2024 environ 2 000 emplois ayant pour objet de r\u00e9pondre \u00e0 un accroissement d\u2019activit\u00e9 temporaire ou saisonnier\u00a0\u00bb, r\u00e9capitulent les juges. Ces 2 000 contractuels seraient \u00ab\u00a0mobilis\u00e9s sur la base d\u2019une analyse plus pr\u00e9cise des besoins r\u00e9els des services\u00a0\u00bb, pr\u00e9cisait la d\u00e9cision des \u00e9lus lyonnais.<\/p>\n<p>D\u00e9lib\u00e9ration annul\u00e9e et Ville de Lyon condamn\u00e9e<\/p>\n<p class=\" wall-content\">\u00ab\u00a0Toutefois, cette d\u00e9lib\u00e9ration se borne \u00e0 faire appara\u00eetre sous forme de tableau les services o\u00f9 seront affect\u00e9s les agents, leur cadre d\u2019emplois et le nombre d\u2019emplois cr\u00e9\u00e9s, sans indiquer la nature des fonctions, le niveau de recrutement et de r\u00e9mun\u00e9ration propres \u00e0 chacun des emplois cr\u00e9\u00e9s\u00a0\u00bb, rel\u00e8ve le tribunal.<\/p>\n<p class=\" wall-content\">\u00ab\u00a0D\u00e8s lors, elle a \u00e9t\u00e9 adopt\u00e9e en m\u00e9connaissance (\u2026) du code g\u00e9n\u00e9ral de la fonction publique.\u00a0\u00bb<\/p>\n<p class=\" wall-content\">La d\u00e9lib\u00e9ration a donc \u00e9t\u00e9 annul\u00e9e et la Ville de Lyon condamn\u00e9e \u00e0 payer 1.500 \u20ac au syndicat pour ses frais de justice.<\/p>\n<p class=\" wall-content\"><strong>GF (PressPepper)<\/strong><\/p>\n<p class=\" wall-content\">Personnalisez votre actualit\u00e9 en ajoutant vos villes et m\u00e9dias en favori avec <a href=\"https:\/\/moncompte.actu.fr\" title=\"D\u00e9couvez Mon Actu\" rel=\"nofollow noopener\" data-trk=\"{&quot;cta&quot;:{&quot;action&quot;:&quot;https:\\\/\\\/moncompte.actu.fr&quot;,&quot;category&quot;:&quot;mon compte&quot;,&quot;from&quot;:&quot;article footer&quot;,&quot;name&quot;:&quot;Mon actu&quot;,&quot;type&quot;:&quot;cta&quot;}}\" target=\"_blank\">Mon Actu<\/a>.<\/p>\n","protected":false},"excerpt":{"rendered":"Par Nicolas Zaugra Publi\u00e9 le 4 juil. 2026 \u00e0 6h22 INFO PRESS PEPPER\/ ACTU LYON. Le tribunal administratif&hellip;\n","protected":false},"author":2,"featured_media":1042224,"comment_status":"","ping_status":"","sticky":false,"template":"","format":"standard","meta":{"footnotes":"","_share_on_mastodon":"0"},"categories":[1889],"tags":[1111,11,2430,1777,674,1011,27,5226,303,2428,12,25,104],"class_list":["post-1042223","post","type-post","status-publish","format-standard","has-post-thumbnail","category-lyon","tag-actu","tag-actualites","tag-auvergne-rhone-alpes","tag-eu","tag-europe","tag-fr","tag-france","tag-gregory-doucet","tag-justice","tag-lyon","tag-news","tag-republique-francaise","tag-societe"],"share_on_mastodon":{"url":"https:\/\/pubeurope.com\/@fr\/116859902851810037","error":""},"_links":{"self":[{"href":"https:\/\/www.europesays.com\/fr\/wp-json\/wp\/v2\/posts\/1042223","targetHints":{"allow":["GET"]}}],"collection":[{"href":"https:\/\/www.europesays.com\/fr\/wp-json\/wp\/v2\/posts"}],"about":[{"href":"https:\/\/www.europesays.com\/fr\/wp-json\/wp\/v2\/types\/post"}],"author":[{"embeddable":true,"href":"https:\/\/www.europesays.com\/fr\/wp-json\/wp\/v2\/users\/2"}],"replies":[{"embeddable":true,"href":"https:\/\/www.europesays.com\/fr\/wp-json\/wp\/v2\/comments?post=1042223"}],"version-history":[{"count":0,"href":"https:\/\/www.europesays.com\/fr\/wp-json\/wp\/v2\/posts\/1042223\/revisions"}],"wp:featuredmedia":[{"embeddable":true,"href":"https:\/\/www.europesays.com\/fr\/wp-json\/wp\/v2\/media\/1042224"}],"wp:attachment":[{"href":"https:\/\/www.europesays.com\/fr\/wp-json\/wp\/v2\/media?parent=1042223"}],"wp:term":[{"taxonomy":"category","embeddable":true,"href":"https:\/\/www.europesays.com\/fr\/wp-json\/wp\/v2\/categories?post=1042223"},{"taxonomy":"post_tag","embeddable":true,"href":"https:\/\/www.europesays.com\/fr\/wp-json\/wp\/v2\/tags?post=1042223"}],"curies":[{"name":"wp","href":"https:\/\/api.w.org\/{rel}","templated":true}]}}