{"id":104226,"date":"2025-05-16T10:51:19","date_gmt":"2025-05-16T10:51:19","guid":{"rendered":"https:\/\/www.europesays.com\/fr\/104226\/"},"modified":"2025-05-16T10:51:19","modified_gmt":"2025-05-16T10:51:19","slug":"un-nombre-record-de-tornades-enregistre-depuis-pres-de-15-ans-pour-ce-debut-dannee-2025","status":"publish","type":"post","link":"https:\/\/www.europesays.com\/fr\/104226\/","title":{"rendered":"un nombre record de tornades enregistr\u00e9 depuis pr\u00e8s de 15 ans pour ce d\u00e9but d\u2019ann\u00e9e 2025"},"content":{"rendered":"<p>Plus de 750 \u00e9pisodes ont \u00e9t\u00e9 enregistr\u00e9s de janvier \u00e0 mai, selon un rapport publi\u00e9 cette semaine. Ce ph\u00e9nom\u00e8ne s\u2019inscrit dans la continuit\u00e9 d\u2019une ann\u00e9e 2024 record depuis 75 ans.<\/p>\n<p class=\"fig-paragraph\">La saison de tornades la plus active depuis presque quinze ans aux<a href=\"http:\/\/www.lefigaro.fr\/conjoncture\/jouets-vetements-electronique-la-treve-avec-la-chine-ne-dissipe-pas-les-craintes-de-penuries-aux-etats-unis-20250515\" target=\"_blank\" data-fig-type=\"NewsFlash\" rel=\"noopener nofollow\" data-gtm-custom-categorie=\"navigation\" data-gtm-custom-action=\"crossclick\" data-gtm-custom-label=\"Contextuel\" data-gtm-event=\"customEventSPE\" data-fig-domain=\"LEFIGARO\">\u00a0\u00c9tats-Unis<\/a>. Un rapport m\u00e9t\u00e9orologique publi\u00e9 le 12 mai par une agence m\u00e9t\u00e9orologique am\u00e9ricaine et relay\u00e9 par le quotidien britannique\u00a0<a href=\"https:\/\/www.independent.co.uk\/news\/world\/americas\/tornado-tornadoes-weather-storms-us-b2751936.html\" target=\"_blank\" rel=\"nofollow noopener\" data-gtm-custom-categorie=\"navigation\" data-gtm-custom-action=\"crossclick\" data-gtm-custom-label=\"Contextuel\" data-gtm-event=\"customEventSPE\">The Independent<\/a> \u00a0fait \u00e9tat de plus de 750 tornades enregistr\u00e9es de janvier \u00e0 mai, un chiffre largement sup\u00e9rieur \u00e0 la moyenne annuelle de 520 pour cette p\u00e9riode. Une telle intensit\u00e9 n\u2019avait plus \u00e9t\u00e9 atteinte depuis 2011.<\/p>\n<p class=\"fig-paragraph\">\u00abNous avons constat\u00e9 une forte augmentation du nombre de tornades en mars et au d\u00e9but du mois d\u2019avril. Malheureusement, nous nous attendons \u00e0 ce que ces chiffres continuent d\u2019augmenter au cours des prochains jours\u00bb, a d\u00e9clar\u00e9 le m\u00e9t\u00e9orologue Bernie Rayno, r\u00e9dacteur en chef de l\u2019agence priv\u00e9e am\u00e9ricaine de pr\u00e9visions m\u00e9t\u00e9orologiques\u00a0<a href=\"https:\/\/www.accuweather.com\/en\/severe-weather\/2024-tornado-season-was-2nd-worst-on-record-driven-by-hurricanes\/1710598\" target=\"_blank\" rel=\"nofollow noopener\" data-gtm-custom-categorie=\"navigation\" data-gtm-custom-action=\"crossclick\" data-gtm-custom-label=\"Contextuel\" data-gtm-event=\"customEventSPE\">AccuWeather,\u00a0<\/a>qui a publi\u00e9 les statistiques. Les \u00e9pisodes de tornades ou d\u2019ouragan (temp\u00eates tropicales, pouvant \u00eatre \u00e0 l\u2019origine de tornades sur les c\u00f4tes, NDLR), connaissent en effet g\u00e9n\u00e9ralement leur apog\u00e9e entre les mois de mai et d\u2019ao\u00fbt.<\/p>\n<p>Des tornades sur un territoire inhabituellement large<\/p>\n<p class=\"fig-paragraph\">Selon les m\u00e9t\u00e9orologues, l\u2019augmentation s\u2019inscrit dans la continuit\u00e9 d\u2019une ann\u00e9e 2024 record. L\u2019inqui\u00e9tude des chercheurs tient \u00e0 la formation de tornades violentes sur un territoire inhabituellement large. En\u00a0<a href=\"http:\/\/www.lefigaro.fr\/international\/tornades-devastatrices-tempetes-inondations-les-etats-unis-en-proie-a-un-evenement-meteorologique-d-une-rare-violence-20250403\" target=\"_blank\" data-fig-type=\"NewsFlash\" rel=\"noopener nofollow\" data-gtm-custom-categorie=\"navigation\" data-gtm-custom-action=\"crossclick\" data-gtm-custom-label=\"Contextuel\" data-gtm-event=\"customEventSPE\" data-fig-domain=\"LEFIGARO\">mars, une s\u00e9rie de tourbillons<\/a>\u00a0a touch\u00e9 le Midwest, mais aussi la r\u00e9gion de Los Angeles, du Mississipi, jusqu\u2019au Kentucky, l\u2019Ohio et le Michigan, des \u00c9tats de l\u2019Est g\u00e9n\u00e9ralement \u00e9pargn\u00e9s par ces ph\u00e9nom\u00e8nes climatiques extr\u00eames.<\/p>\n<p class=\"fig-paragraph\">Selon un rapport publi\u00e9 par l\u2019organisme f\u00e9d\u00e9ral\u00a0<a href=\"https:\/\/www.weather.gov\/news\/250703_tornado_activity\" target=\"_blank\" rel=\"nofollow noopener\" data-gtm-custom-categorie=\"navigation\" data-gtm-custom-action=\"crossclick\" data-gtm-custom-label=\"Contextuel\" data-gtm-event=\"customEventSPE\">National Weather service<\/a> \u00a0le 6 mai, l\u2019ann\u00e9e 2024 fut la deuxi\u00e8me pire saison de tornades jamais enregistr\u00e9e. 1950 \u00e9pisodes ont \u00e9t\u00e9 recens\u00e9s par les services f\u00e9d\u00e9raux, du jamais-vu depuis 1950. Les tornades de l\u2019an dernier ont entra\u00een\u00e9 la mort de 53 personnes, majoritairement des habitants de maisons mobiles et pr\u00e9fabriqu\u00e9es. Ce chiffre est toutefois faible au regard du nombre d\u2019\u00e9pisodes, ce qui s\u2019explique par la pr\u00e9pond\u00e9rance de tornades de faible puissance. D\u2019apr\u00e8s le rapport f\u00e9d\u00e9ral, l\u2019ann\u00e9e 2024 a enregistr\u00e9 un nombre record de tornades de niveau EF2, le deuxi\u00e8me niveau sur l\u2019\u00e9chelle de Fujita, qui classe les \u00e9pisodes de FO \u00e0 F5, selon la violence des vents. \u00c0 titre de comparaison, l\u2019ann\u00e9e 2011 est la plus meurtri\u00e8re du si\u00e8cle avec plus de 500 d\u00e9c\u00e8s.<\/p>\n<p class=\"fig-paragraph\">Comme le rapporte un article du\u00a0<a href=\"https:\/\/www.nytimes.com\/2025\/05\/15\/weather\/midwest-tornadoes-storms.html\" target=\"_blank\" rel=\"nofollow noopener\" data-gtm-custom-categorie=\"navigation\" data-gtm-custom-action=\"crossclick\" data-gtm-custom-label=\"Contextuel\" data-gtm-event=\"customEventSPE\">NY Times<\/a> \u00a0de ce jeudi, le Midwest se pr\u00e9pare \u00e0 affronter un nouvel \u00e9pisode orageux avec \u00abde nombreux cas de possibles tornades\u00bb dans les prochaines semaines. La r\u00e9gion comporte une zone de plaines baptis\u00e9e \u00abTornado Alley\u00bb, propice \u00e0 la formation de tornades, du fait de la rencontre des masses d\u2019air venues du golfe du Mexique, du Canada et du d\u00e9sert mexicain.<\/p>\n","protected":false},"excerpt":{"rendered":"Plus de 750 \u00e9pisodes ont \u00e9t\u00e9 enregistr\u00e9s de janvier \u00e0 mai, selon un rapport publi\u00e9 cette semaine. Ce&hellip;\n","protected":false},"author":2,"featured_media":104227,"comment_status":"","ping_status":"","sticky":false,"template":"","format":"standard","meta":{"footnotes":""},"categories":[1589],"tags":[259,11,260,73,1866,14,261,12,262,22094,1864,1865,1863,308],"class_list":{"0":"post-104226","1":"post","2":"type-post","3":"status-publish","4":"format-standard","5":"has-post-thumbnail","7":"category-etats-unis","8":"tag-actualite-internationale","9":"tag-actualites","10":"tag-affaires-etrangeres","11":"tag-etats-unis","12":"tag-etats-unis-damerique","13":"tag-international","14":"tag-ministere-des-affaires-etrangeres","15":"tag-news","16":"tag-politique-etrangere","17":"tag-tornade","18":"tag-united-states","19":"tag-united-states-of-america","20":"tag-us","21":"tag-usa"},"share_on_mastodon":{"url":"https:\/\/pubeurope.com\/@fr\/114517133451940945","error":""},"_links":{"self":[{"href":"https:\/\/www.europesays.com\/fr\/wp-json\/wp\/v2\/posts\/104226","targetHints":{"allow":["GET"]}}],"collection":[{"href":"https:\/\/www.europesays.com\/fr\/wp-json\/wp\/v2\/posts"}],"about":[{"href":"https:\/\/www.europesays.com\/fr\/wp-json\/wp\/v2\/types\/post"}],"author":[{"embeddable":true,"href":"https:\/\/www.europesays.com\/fr\/wp-json\/wp\/v2\/users\/2"}],"replies":[{"embeddable":true,"href":"https:\/\/www.europesays.com\/fr\/wp-json\/wp\/v2\/comments?post=104226"}],"version-history":[{"count":0,"href":"https:\/\/www.europesays.com\/fr\/wp-json\/wp\/v2\/posts\/104226\/revisions"}],"wp:featuredmedia":[{"embeddable":true,"href":"https:\/\/www.europesays.com\/fr\/wp-json\/wp\/v2\/media\/104227"}],"wp:attachment":[{"href":"https:\/\/www.europesays.com\/fr\/wp-json\/wp\/v2\/media?parent=104226"}],"wp:term":[{"taxonomy":"category","embeddable":true,"href":"https:\/\/www.europesays.com\/fr\/wp-json\/wp\/v2\/categories?post=104226"},{"taxonomy":"post_tag","embeddable":true,"href":"https:\/\/www.europesays.com\/fr\/wp-json\/wp\/v2\/tags?post=104226"}],"curies":[{"name":"wp","href":"https:\/\/api.w.org\/{rel}","templated":true}]}}