{"id":104228,"date":"2025-05-16T10:52:11","date_gmt":"2025-05-16T10:52:11","guid":{"rendered":"https:\/\/www.europesays.com\/fr\/104228\/"},"modified":"2025-05-16T10:52:11","modified_gmt":"2025-05-16T10:52:11","slug":"le-royaume-uni-veut-il-redevenir-un-partenaire-strategique-de-lunion-europeenne","status":"publish","type":"post","link":"https:\/\/www.europesays.com\/fr\/104228\/","title":{"rendered":"Le Royaume-Uni veut-il redevenir un partenaire strat\u00e9gique de l&rsquo;Union europ\u00e9enne\u00a0?"},"content":{"rendered":"<p>\tLe Royaume-Uni veut-il redevenir un partenaire strat\u00e9gique de l&rsquo;Union europ\u00e9enne\u00a0? &#8211; Touteleurope.eu<\/p>\n<p>\t\t<img decoding=\"async\" alt=\"fermer\" class=\"close-info\" src=\"https:\/\/www.europesays.com\/fr\/wp-content\/uploads\/2025\/04\/close-picto-blue.svg.svg+xml\"\/><\/p>\n<p>Touteleurope.eu est le site p\u00e9dagogique de r\u00e9f\u00e9rence sur les questions europ\u00e9ennes : <a href=\"https:\/\/www.touteleurope.eu\/qui-sommes-nous\/\" target=\"_blank\" rel=\"noopener\">Qui sommes-nous ?<\/a><\/p>\n<p><img decoding=\"async\" class=\"logo-pdf\" alt=\"Toute L'Europe \u2013 Comprendre l'Europe\" src=\"https:\/\/www.europesays.com\/fr\/wp-content\/uploads\/2025\/04\/logo-ttl.svg.svg+xml\"\/><\/p>\n","protected":false},"excerpt":{"rendered":"Le Royaume-Uni veut-il redevenir un partenaire strat\u00e9gique de l&rsquo;Union europ\u00e9enne\u00a0? &#8211; Touteleurope.eu Touteleurope.eu est le site p\u00e9dagogique de&hellip;\n","protected":false},"author":2,"featured_media":104229,"comment_status":"","ping_status":"","sticky":false,"template":"","format":"standard","meta":{"footnotes":""},"categories":[1588],"tags":[21744,14343,11,1353,215,2442,554,8273,1777,674,223,2443,2444,22095,12,4125,4838,22096,2543,473,1853,1851,1850,1852],"class_list":{"0":"post-104228","1":"post","2":"type-post","3":"status-publish","4":"format-standard","5":"has-post-thumbnail","7":"category-royaume-uni","8":"tag-accord-commercial-ue-royaume-uni","9":"tag-accords-commerciaux","10":"tag-actualites","11":"tag-brexit","12":"tag-commerce","13":"tag-consequences-du-brexit","14":"tag-defense","15":"tag-erasmus","16":"tag-eu","17":"tag-europe","18":"tag-intelligence-artificielle","19":"tag-libre-circulation","20":"tag-libre-circulation-des-personnes","21":"tag-mobilite-europeenne","22":"tag-news","23":"tag-numerique","24":"tag-peche","25":"tag-protocole-nord-irlandais","26":"tag-relations-internationales","27":"tag-royaume-uni","28":"tag-royaume-uni-de-grande-bretagne-et-dirlande-du-nord","29":"tag-uk","30":"tag-united-kingdom","31":"tag-united-kingdom-of-great-britain-and-northern-ireland"},"share_on_mastodon":{"url":"","error":"Validation failed: Text character limit of 500 exceeded"},"_links":{"self":[{"href":"https:\/\/www.europesays.com\/fr\/wp-json\/wp\/v2\/posts\/104228","targetHints":{"allow":["GET"]}}],"collection":[{"href":"https:\/\/www.europesays.com\/fr\/wp-json\/wp\/v2\/posts"}],"about":[{"href":"https:\/\/www.europesays.com\/fr\/wp-json\/wp\/v2\/types\/post"}],"author":[{"embeddable":true,"href":"https:\/\/www.europesays.com\/fr\/wp-json\/wp\/v2\/users\/2"}],"replies":[{"embeddable":true,"href":"https:\/\/www.europesays.com\/fr\/wp-json\/wp\/v2\/comments?post=104228"}],"version-history":[{"count":0,"href":"https:\/\/www.europesays.com\/fr\/wp-json\/wp\/v2\/posts\/104228\/revisions"}],"wp:featuredmedia":[{"embeddable":true,"href":"https:\/\/www.europesays.com\/fr\/wp-json\/wp\/v2\/media\/104229"}],"wp:attachment":[{"href":"https:\/\/www.europesays.com\/fr\/wp-json\/wp\/v2\/media?parent=104228"}],"wp:term":[{"taxonomy":"category","embeddable":true,"href":"https:\/\/www.europesays.com\/fr\/wp-json\/wp\/v2\/categories?post=104228"},{"taxonomy":"post_tag","embeddable":true,"href":"https:\/\/www.europesays.com\/fr\/wp-json\/wp\/v2\/tags?post=104228"}],"curies":[{"name":"wp","href":"https:\/\/api.w.org\/{rel}","templated":true}]}}