{"id":104240,"date":"2025-05-16T11:02:10","date_gmt":"2025-05-16T11:02:10","guid":{"rendered":"https:\/\/www.europesays.com\/fr\/104240\/"},"modified":"2025-05-16T11:02:10","modified_gmt":"2025-05-16T11:02:10","slug":"je-suis-ici-pour-comprendre-ou-jen-suis-avance-jannik-sinner-apres-sa-demonstration-en-quarts-a-rome","status":"publish","type":"post","link":"https:\/\/www.europesays.com\/fr\/104240\/","title":{"rendered":"\u00abJe suis ici pour comprendre o\u00f9 j\u2019en suis\u00bb, avance Jannik Sinner apr\u00e8s sa d\u00e9monstration en quarts \u00e0 Rome"},"content":{"rendered":"<p>De retour de trois mois de suspension, l\u2019Italien explique qu\u2019il ne se \u00abconcentre pas sur les r\u00e9sultats\u00bb mais sur ses sensations avant Roland-Garros.<\/p>\n<p class=\"fig-paragraph\">Le num\u00e9ro 1 mondial\u00a0<a href=\"http:\/\/www.lefigaro.fr\/sports\/tennis\/tennis-le-pape-leon-xiv-a-recu-jannik-sinner-20250514\" data-fig-type=\"NewsFlash\" data-gtm-custom-categorie=\"navigation\" data-gtm-custom-action=\"crossclick\" data-gtm-custom-label=\"Contextuel\" data-gtm-event=\"customEventSPE\" data-fig-domain=\"LEFIGARO\" target=\"_blank\" rel=\"noopener\">Jannik Sinner<\/a>, de retour de trois mois de suspension, a assur\u00e9 qu&rsquo;il ne se focalisait sur ses r\u00e9sultats malgr\u00e9\u00a0<a href=\"http:\/\/www.lefigaro.fr\/sports\/tennis\/tennis-sinner-etrille-ruud-et-file-en-demi-finales-a-rome-20250515\" data-fig-type=\"NewsFlash\" data-gtm-custom-categorie=\"navigation\" data-gtm-custom-action=\"crossclick\" data-gtm-custom-label=\"Contextuel\" data-gtm-event=\"customEventSPE\" data-fig-domain=\"LEFIGARO\" target=\"_blank\" rel=\"noopener\">sa d\u00e9monstration en quarts de finale du Masters 1000 de Rome<\/a>\u00a0face au Norv\u00e9gien Casper Ruud, balay\u00e9 6-0, 6-1, jeudi. \u00abJe suis ici pour comprendre o\u00f9 j&rsquo;en suis, pour savoir ce que je peux faire. Je sais qu&rsquo;on a beaucoup travaill\u00e9, il y a des r\u00e9sultats, mais pour le moment, je ne me concentre pas sur les r\u00e9sultats\u00bb, a expliqu\u00e9 l&rsquo;Italien en conf\u00e9rence de presse.<\/p>\n<p class=\"fig-paragraph\">Sinner a reconnu qu&rsquo;il avait r\u00e9alis\u00e9 contre Ruud, 7e mondial et vainqueur du Masters 1000 de Madrid, un match o\u00f9 \u00abil n&rsquo;y avait pas grand-chose \u00e0 am\u00e9liorer\u00bb mais a refus\u00e9 de s&#8217;emballer. \u00abJe suis bien s\u00fbr content d&rsquo;\u00eatre en demi-finale pour mon tournoi de reprise, j&rsquo;aurais sign\u00e9 tout de suite pour cela en d\u00e9but de tournoi\u00bb, a-t-il soulign\u00e9.<\/p>\n<p>\u00abCe qui compte ce sont les sensations qui vont me permettre d\u2019arriver \u00e0 Paris\u00bb<\/p>\n<p class=\"fig-paragraph\">En demi-finale vendredi, il sera oppos\u00e9 \u00e0 l&rsquo;Am\u00e9ricain Tommy Paul (12e) qui lui avait \u00abpos\u00e9 des probl\u00e8mes au dernier US Open\u00bb. Sur la route de son premier titre \u00e0 New York, l&rsquo;Italien s&rsquo;\u00e9tait impos\u00e9 face \u00e0 Paul en 8e de finale 7-6(7\/3), 7-6 (7\/5), 6-1. \u00abJe vais jouer (vendredi) mon cinqui\u00e8me match, c&rsquo;est positif (&#8230;) ce qui compte ce sont les sensations qui vont me permettre d&rsquo;arriver \u00e0 Paris (pour Roland-Garros) avec des sensations positives. C&rsquo;est une bonne p\u00e9riode mais d\u00e8s demain, cela sera un autre d\u00e9fi \u00e0 relever\u00bb, a-t-il pr\u00e9venu.<\/p>\n<p class=\"fig-paragraph\">L&rsquo;Italien, suspendu trois mois pour deux contr\u00f4les antidopage positifs \u00e0 un anabolisant, attribu\u00e9s \u00e0 une contamination accidentelle, est par ailleurs revenu sur sa rencontre avec le nouveau pape L\u00e9on XIV mercredi au Vatican. \u00abC&rsquo;\u00e9tait un honneur, quelque chose d&rsquo;\u00e9mouvant, je ne savais pas trop quoi dire, c&rsquo;est quelque chose que je ne vais pas oublier\u00bb, a-t-il d\u00e9clar\u00e9.<\/p>\n<p class=\"fig-paragraph\">\u00abC&rsquo;\u00e9tait vraiment quelque chose d&rsquo;une autre dimension, quelque chose que je n&rsquo;avais jamais v\u00e9cu, m\u00eame si j&rsquo;ai d\u00e9j\u00e0 rencontr\u00e9 des gens importants dans ma vie\u00bb, a conclu le natif du Haut-Adige, cette r\u00e9gion germanophone du nord-est de l&rsquo;Italie.<\/p>\n<p class=\"fig-paragraph\"><strong>\u00c0 VOIR AUSSI &#8211; <\/strong>Ligue 1\u00a0: Ousmane Demb\u00e9l\u00e9 \u00e9lu meilleur joueur de la saison<\/p>\n<p>\u00a0\u00bb<br \/>\n        data-script=\u00a0\u00bbhttps:\/\/static.lefigaro.fr\/widget-video\/short-ttl\/dugout\/index.js\u00a0\u00bb<br \/>\n    &gt;<\/p>\n","protected":false},"excerpt":{"rendered":"De retour de trois mois de suspension, l\u2019Italien explique qu\u2019il ne se \u00abconcentre pas sur les r\u00e9sultats\u00bb mais&hellip;\n","protected":false},"author":2,"featured_media":104241,"comment_status":"","ping_status":"","sticky":false,"template":"","format":"standard","meta":{"footnotes":""},"categories":[1415],"tags":[47,4169,525,15536,1981,4178,4179,1011,27,1114,20859,3996,4177,4176,4174,4175,1980,4171,60,1467,4172,4173,4170],"class_list":{"0":"post-104240","1":"post","2":"type-post","3":"status-publish","4":"format-standard","5":"has-post-thumbnail","7":"category-tennis","8":"tag-actualite","9":"tag-atp","10":"tag-calendrier","11":"tag-casper-ruud","12":"tag-classement","13":"tag-coupe-davis","14":"tag-fed-cup","15":"tag-fr","16":"tag-france","17":"tag-infos","18":"tag-jannik-sinner","19":"tag-jeux-olympiques","20":"tag-masters-1000","21":"tag-masters-500","22":"tag-masters-series","23":"tag-open-daustralie","24":"tag-resultats","25":"tag-roland-garros","26":"tag-sports","27":"tag-tennis","28":"tag-us-open","29":"tag-wimbledon","30":"tag-wta"},"share_on_mastodon":{"url":"https:\/\/pubeurope.com\/@fr\/114517176715143085","error":""},"_links":{"self":[{"href":"https:\/\/www.europesays.com\/fr\/wp-json\/wp\/v2\/posts\/104240","targetHints":{"allow":["GET"]}}],"collection":[{"href":"https:\/\/www.europesays.com\/fr\/wp-json\/wp\/v2\/posts"}],"about":[{"href":"https:\/\/www.europesays.com\/fr\/wp-json\/wp\/v2\/types\/post"}],"author":[{"embeddable":true,"href":"https:\/\/www.europesays.com\/fr\/wp-json\/wp\/v2\/users\/2"}],"replies":[{"embeddable":true,"href":"https:\/\/www.europesays.com\/fr\/wp-json\/wp\/v2\/comments?post=104240"}],"version-history":[{"count":0,"href":"https:\/\/www.europesays.com\/fr\/wp-json\/wp\/v2\/posts\/104240\/revisions"}],"wp:featuredmedia":[{"embeddable":true,"href":"https:\/\/www.europesays.com\/fr\/wp-json\/wp\/v2\/media\/104241"}],"wp:attachment":[{"href":"https:\/\/www.europesays.com\/fr\/wp-json\/wp\/v2\/media?parent=104240"}],"wp:term":[{"taxonomy":"category","embeddable":true,"href":"https:\/\/www.europesays.com\/fr\/wp-json\/wp\/v2\/categories?post=104240"},{"taxonomy":"post_tag","embeddable":true,"href":"https:\/\/www.europesays.com\/fr\/wp-json\/wp\/v2\/tags?post=104240"}],"curies":[{"name":"wp","href":"https:\/\/api.w.org\/{rel}","templated":true}]}}