{"id":104273,"date":"2025-05-16T11:20:08","date_gmt":"2025-05-16T11:20:08","guid":{"rendered":"https:\/\/www.europesays.com\/fr\/104273\/"},"modified":"2025-05-16T11:20:08","modified_gmt":"2025-05-16T11:20:08","slug":"paul-bozzi-frere-de-valerie-bozzi-elu-maire-de-a-grosseto-prugna-apres-la-demission-de-sa-soeur","status":"publish","type":"post","link":"https:\/\/www.europesays.com\/fr\/104273\/","title":{"rendered":"Paul Bozzi, fr\u00e8re de Val\u00e9rie Bozzi, \u00e9lu maire de \u00e0 Grosseto-Prugna apr\u00e8s la d\u00e9mission de sa s\u0153ur"},"content":{"rendered":"<p>La d\u00e9cision est intervenue beaucoup plus vite que pr\u00e9vu. Paul Bozzi, 45 ans, a \u00e9t\u00e9 \u00e9lu maire de Grosseto-Prugna (Corse-du-Sud) par le conseil municipal, ce vendredi 16\u00a0mai. Il assurera cette fonction au moins jusqu&rsquo;aux prochaines \u00e9lections municipales de mars\u00a02026. Contrairement \u00e0 ce que nous \u00e9crivions dans notre \u00e9dition de ce jour, le fr\u00e8re de Val\u00e9rie Bozzi si\u00e8ge au sein de ce conseil depuis 2014.<\/p>\n<p>Paul Bozzi \u00e0 sa s\u0153ur\u00a0: \u00ab\u00a0Je travaillerai, pour les 10 mois qui me restent, \u00e0 poursuivre et \u00e0 achever les projets que tu as initi\u00e9s\u00a0\u00bb<\/p>\n<p>Val\u00e9rie Bozzi n&rsquo;a pas attendu la notification de la pr\u00e9fecture pour quitter ses fonctions, comme elle l&rsquo;avait pourtant confi\u00e9 \u00e0 notre titre jeudi 15\u00a0mai. Le palais Lantivy confirme qu&rsquo;elle a pr\u00e9sent\u00e9 sa d\u00e9mission le jour de sa condamnation par le tribunal correctionnel de Bastia, mercredi 14\u00a0mai, \u00e0 un an de prison avec sursis et trois ans d&rsquo;in\u00e9ligibilit\u00e9 avec ex\u00e9cution provisoire, pour favoritisme et prise ill\u00e9gale d&rsquo;int\u00e9r\u00eats et que le pr\u00e9fet l&rsquo;a accept\u00e9e le soir m\u00eame.<\/p>\n<p>Pour la remplacer \u00e0 la t\u00eate de la commune, c&rsquo;est donc le choix de la famille qui a \u00e9t\u00e9 fait, \u00ab\u00a0\u00e0 l&rsquo;unanimit\u00e9 des votes exprim\u00e9s\u00a0\u00bb, affirme un communiqu\u00e9 de la mairie.\u00a0Apr\u00e8s son \u00e9lection, Paul Bozzi a rendu un hommage appuy\u00e9 \u00e0 sa s\u0153ur. \u00ab\u00a0Je travaillerai, pour les 10 mois qui me restent, \u00e0 poursuivre et \u00e0 achever les projets que tu as initi\u00e9s, comme la promenade du littoral ou encore la r\u00e9novation du ponton.\u00a0\u00bb Tout en affirmant vouloir exercer \u00ab\u00a0\u00e0 fond\u00a0\u00bb ses nouvelles fonctions.<\/p>\n","protected":false},"excerpt":{"rendered":"La d\u00e9cision est intervenue beaucoup plus vite que pr\u00e9vu. Paul Bozzi, 45 ans, a \u00e9t\u00e9 \u00e9lu maire de&hellip;\n","protected":false},"author":2,"featured_media":104274,"comment_status":"","ping_status":"","sticky":false,"template":"","format":"standard","meta":{"footnotes":""},"categories":[4],"tags":[17,11,22100,1102,14192,1011,27,22101,5107,12,22099,316,25,22102],"class_list":{"0":"post-104273","1":"post","2":"type-post","3":"status-publish","4":"format-standard","5":"has-post-thumbnail","7":"category-france","8":"tag-17","9":"tag-actualites","10":"tag-bozzi","11":"tag-breakingnews","12":"tag-elu","13":"tag-fr","14":"tag-france","15":"tag-frere","16":"tag-maire","17":"tag-news","18":"tag-paul","19":"tag-politique","20":"tag-republique-francaise","21":"tag-valerie"},"share_on_mastodon":{"url":"https:\/\/pubeurope.com\/@fr\/114517247554017461","error":""},"_links":{"self":[{"href":"https:\/\/www.europesays.com\/fr\/wp-json\/wp\/v2\/posts\/104273","targetHints":{"allow":["GET"]}}],"collection":[{"href":"https:\/\/www.europesays.com\/fr\/wp-json\/wp\/v2\/posts"}],"about":[{"href":"https:\/\/www.europesays.com\/fr\/wp-json\/wp\/v2\/types\/post"}],"author":[{"embeddable":true,"href":"https:\/\/www.europesays.com\/fr\/wp-json\/wp\/v2\/users\/2"}],"replies":[{"embeddable":true,"href":"https:\/\/www.europesays.com\/fr\/wp-json\/wp\/v2\/comments?post=104273"}],"version-history":[{"count":0,"href":"https:\/\/www.europesays.com\/fr\/wp-json\/wp\/v2\/posts\/104273\/revisions"}],"wp:featuredmedia":[{"embeddable":true,"href":"https:\/\/www.europesays.com\/fr\/wp-json\/wp\/v2\/media\/104274"}],"wp:attachment":[{"href":"https:\/\/www.europesays.com\/fr\/wp-json\/wp\/v2\/media?parent=104273"}],"wp:term":[{"taxonomy":"category","embeddable":true,"href":"https:\/\/www.europesays.com\/fr\/wp-json\/wp\/v2\/categories?post=104273"},{"taxonomy":"post_tag","embeddable":true,"href":"https:\/\/www.europesays.com\/fr\/wp-json\/wp\/v2\/tags?post=104273"}],"curies":[{"name":"wp","href":"https:\/\/api.w.org\/{rel}","templated":true}]}}