{"id":104277,"date":"2025-05-16T11:22:13","date_gmt":"2025-05-16T11:22:13","guid":{"rendered":"https:\/\/www.europesays.com\/fr\/104277\/"},"modified":"2025-05-16T11:22:13","modified_gmt":"2025-05-16T11:22:13","slug":"plus-de-50-emplois-a-pourvoir-voici-comment-postuler","status":"publish","type":"post","link":"https:\/\/www.europesays.com\/fr\/104277\/","title":{"rendered":"plus de 50 emplois \u00e0 pourvoir, voici comment postuler"},"content":{"rendered":"<p>            Par<br \/>\n        <strong><br \/>\n            <a href=\"https:\/\/actu.fr\/auteur\/julien-sournies\" title=\"Consulter tous les articles de Julien Sournies\" rel=\"nofollow noopener\" target=\"_blank\">Julien Sournies<\/a><br \/>\n        <\/strong><\/p>\n<p>        Publi\u00e9 le<\/p>\n<p>            16 mai 2025 \u00e0 12h23        <\/p>\n<p>Des emplois viennent r\u00e9cemment de se cr\u00e9er chez <strong>Burger King<\/strong>.<\/p>\n<p class=\" wall-content\">En effet, la c\u00e9l\u00e8bre enseigne de fast-food, principale concurrente de McDonald\u2019s, propose pas moins de 325 emplois \u00e0 pourvoir d\u00e8s que possible sur toute la r\u00e9gion Auvergne-Rh\u00f4ne-Alpes, dont<strong> plus d\u2019une cinquantaine<\/strong> rien que dans la <a href=\"https:\/\/actu.fr\/auvergne-rhone-alpes\/loire_42\" rel=\"nofollow noopener\" target=\"_blank\">Loire<\/a>.<\/p>\n<p>52 emplois chez Burger King dans la Loire<\/p>\n<p class=\" wall-content\">Au total, ce sont tr\u00e8s exactement 52 jobs \u00e0 d\u00e9crocher au plus vite sur l\u2019ensemble du territoire lig\u00e9rien. Dans le d\u00e9tail, le \u00ab\u00a0roi du burger\u00a0\u00bb a publi\u00e9 38, 12 et 2 offres pour respectivement devenir manager, \u00e9quipier polyvalent ou encore directeur de restaurant.\u00a0<\/p>\n<p class=\" wall-content\">Pour ce faire, rien de plus simple. Il suffit juste de se munir d\u2019un <strong>CV<\/strong> et de postuler sur le <a href=\"https:\/\/nosoffres.burgerking.fr\/fr\/annonces?bottom_right_lat=45.37148400205033&amp;bottom_right_lon=4.488874937353691&amp;top_left_lat=45.4767360318839&amp;top_left_lon=4.244054067649839&amp;place_label=Saint-%C3%89tienne,%20France&amp;place_type=locality&amp;q=directeur\" rel=\"nofollow noopener\" target=\"_blank\">site internet<\/a> ou de se rendre directement au sein du restaurant concern\u00e9.<\/p>\n<p class=\" wall-content\">\u00ab\u00a0Nous recrutons des talents partout en France. \u00c9tudiants, jeunes actifs ou personnes en reconversion : ce que nous recherchons avant tout, ce sont des personnalit\u00e9s et des gens qui veulent grandir avec nous\u00a0\u00bb, promet le fast-food dans un communiqu\u00e9.<\/p>\n<p>Vid\u00e9os : en ce moment sur Actu<\/p>\n<p class=\" wall-content\">Suivez toute l\u2019actualit\u00e9 de vos villes et m\u00e9dias favoris en vous inscrivant \u00e0 <a href=\"https:\/\/moncompte.actu.fr\" title=\"D\u00e9couvez Mon Actu\" rel=\"nofollow noopener\" data-trk=\"{&quot;cta&quot;:{&quot;action&quot;:&quot;https:\\\/\\\/moncompte.actu.fr&quot;,&quot;category&quot;:&quot;mon compte&quot;,&quot;from&quot;:&quot;article footer&quot;,&quot;name&quot;:&quot;Mon actu&quot;,&quot;type&quot;:&quot;cta&quot;}}\" target=\"_blank\">Mon Actu<\/a>.<\/p>\n","protected":false},"excerpt":{"rendered":"Par Julien Sournies Publi\u00e9 le 16 mai 2025 \u00e0 12h23 Des emplois viennent r\u00e9cemment de se cr\u00e9er chez&hellip;\n","protected":false},"author":2,"featured_media":32957,"comment_status":"","ping_status":"","sticky":false,"template":"","format":"standard","meta":{"footnotes":""},"categories":[9653],"tags":[1111,11,2430,215,33,341,1777,674,1011,27,12,25,1340,4001],"class_list":{"0":"post-104277","1":"post","2":"type-post","3":"status-publish","4":"format-standard","5":"has-post-thumbnail","7":"category-saint-etienne","8":"tag-actu","9":"tag-actualites","10":"tag-auvergne-rhone-alpes","11":"tag-commerce","12":"tag-economie","13":"tag-emploi","14":"tag-eu","15":"tag-europe","16":"tag-fr","17":"tag-france","18":"tag-news","19":"tag-republique-francaise","20":"tag-restaurant","21":"tag-saint-etienne"},"share_on_mastodon":{"url":"https:\/\/pubeurope.com\/@fr\/114517255429988901","error":""},"_links":{"self":[{"href":"https:\/\/www.europesays.com\/fr\/wp-json\/wp\/v2\/posts\/104277","targetHints":{"allow":["GET"]}}],"collection":[{"href":"https:\/\/www.europesays.com\/fr\/wp-json\/wp\/v2\/posts"}],"about":[{"href":"https:\/\/www.europesays.com\/fr\/wp-json\/wp\/v2\/types\/post"}],"author":[{"embeddable":true,"href":"https:\/\/www.europesays.com\/fr\/wp-json\/wp\/v2\/users\/2"}],"replies":[{"embeddable":true,"href":"https:\/\/www.europesays.com\/fr\/wp-json\/wp\/v2\/comments?post=104277"}],"version-history":[{"count":0,"href":"https:\/\/www.europesays.com\/fr\/wp-json\/wp\/v2\/posts\/104277\/revisions"}],"wp:featuredmedia":[{"embeddable":true,"href":"https:\/\/www.europesays.com\/fr\/wp-json\/wp\/v2\/media\/32957"}],"wp:attachment":[{"href":"https:\/\/www.europesays.com\/fr\/wp-json\/wp\/v2\/media?parent=104277"}],"wp:term":[{"taxonomy":"category","embeddable":true,"href":"https:\/\/www.europesays.com\/fr\/wp-json\/wp\/v2\/categories?post=104277"},{"taxonomy":"post_tag","embeddable":true,"href":"https:\/\/www.europesays.com\/fr\/wp-json\/wp\/v2\/tags?post=104277"}],"curies":[{"name":"wp","href":"https:\/\/api.w.org\/{rel}","templated":true}]}}