{"id":104280,"date":"2025-05-16T11:24:09","date_gmt":"2025-05-16T11:24:09","guid":{"rendered":"https:\/\/www.europesays.com\/fr\/104280\/"},"modified":"2025-05-16T11:24:09","modified_gmt":"2025-05-16T11:24:09","slug":"nancy-mike-m-aux-platines-de-la-place-ce-vendredi-soir","status":"publish","type":"post","link":"https:\/\/www.europesays.com\/fr\/104280\/","title":{"rendered":"Nancy. Mike M aux platines de La Place ce vendredi soir"},"content":{"rendered":"<p>Mike Mini, plus connu sous le nom de Mike M, fait son grand retour dans la cit\u00e9 des Ducs. N\u00e9 \u00e0 Nancy en juin\u00a01963, il grandit dans le sud avant de remonter dans sa Lorraine natale lors de son adolescence. C\u2019est d\u2019ailleurs durant cette p\u00e9riode qu\u2019il a trouv\u00e9 sa vocation. \u00ab\u00a0J\u2019ai commenc\u00e9 la musique tr\u00e8s jeune, lorsque j\u2019avais 7 ans. \u00c0 mes 13 ans, ma m\u00e8re et mon grand-p\u00e8re ont repris le bar du Point central \u00e0 Neuves-Maisons, c\u2019est l\u00e0 que j\u2019ai commenc\u00e9 \u00e0 \u00eatre DJ\u00a0\u00bb, rapporte-t-il fi\u00e8rement.<\/p>\n<p>Form\u00e9 sur le tas, il poursuit avec la cr\u00e9ation de MasterFunk en 1979, une marque d\u00e9pos\u00e9e, ainsi qu\u2019une radio \u00ab\u00a0pirate\u00a0\u00bb, devenue l\u00e9gale sous Mitterrand. \u00ab\u00a0En 1984, NRJ a d\u00e9barqu\u00e9, et j\u2019y suis rest\u00e9 plus de 15 ans. C\u2019\u00e9tait g\u00e9nial, c\u2019\u00e9tait dingue\u00a0\u00bb, se souvient Mike Mini. Pour ce passionn\u00e9 de funk, de soul et de tout type de musique, vivre de sa passion \u00e9tait un objectif.<\/p>\n<p>  Plusieurs casquettes<\/p>\n<p>Dans le m\u00eame temps, Mike M a \u00e9galement mont\u00e9 son entreprise, un label de musique et de production audio lorsque la techno avait le vent en poupe dans les ann\u00e9es 2000. Tout en continuant \u00e0 mixer, il se mettra \u00e0 enseigner sa passion. Si aujourd\u2019hui Mike Mini fait parler de lui, c\u2019est pour son MasterFunk Summer Tour, qui aura lieu cet \u00e9t\u00e9 sur toute La C\u00f4te d&rsquo;Azur, de Saint-Tropez jusqu\u2019\u00e0 Cannes. Mais avant de se lancer en bord de mer, c\u2019est \u00e0 Nancy qu\u2019il va \u00ab\u00a0faire danser les gens.\u00a0\u00bb<\/p>\n<p>  Quatre heures de show<\/p>\n<p>En effet, ce vendredi, il mixera en avant-premi\u00e8re \u00e0 La Place, place Stanislas. Au menu, du funk revisit\u00e9. \u00ab\u00a0Je prends les tubes des ann\u00e9es 80 et je les remixe de fa\u00e7on actuelle avec de la house\u00a0\u00bb, d\u00e9taille-t-il. \u00ab\u00a0Je suis un grand f\u00eatard, donc faire faire la f\u00eate aux gens, c\u2019est mon truc.\u00a0\u00bb<\/p>\n<p>Il sera aux platines \u00e0 partir de 1\u00a0h\u00a030 jusqu\u2019\u00e0 5\u00a0h\u00a030, que le DJ habituel Captain Toons, son ami d\u2019enfance, lui a laiss\u00e9 pour l\u2019occasion. On pourra \u00e9galement le retrouver, de temps en temps, sur la piste de danse car il n\u2019a pas perdu ses bonnes habitudes. Avis aux amateurs.<\/p>\n","protected":false},"excerpt":{"rendered":"Mike Mini, plus connu sous le nom de Mike M, fait son grand retour dans la cit\u00e9 des&hellip;\n","protected":false},"author":2,"featured_media":104281,"comment_status":"","ping_status":"","sticky":false,"template":"","format":"standard","meta":{"footnotes":""},"categories":[9635],"tags":[1111,11,1687,1704,1777,674,1011,27,775,873,1702,1703,12,25,3140],"class_list":{"0":"post-104280","1":"post","2":"type-post","3":"status-publish","4":"format-standard","5":"has-post-thumbnail","7":"category-nancy","8":"tag-actu","9":"tag-actualites","10":"tag-culture-loisirs","11":"tag-edition-nancy-et-agglomeration","12":"tag-eu","13":"tag-europe","14":"tag-fr","15":"tag-france","16":"tag-grand-est","17":"tag-musique","18":"tag-nancy","19":"tag-nancy-ville-54b","20":"tag-news","21":"tag-republique-francaise","22":"tag-spectacle"},"share_on_mastodon":{"url":"https:\/\/pubeurope.com\/@fr\/114517263277567585","error":""},"_links":{"self":[{"href":"https:\/\/www.europesays.com\/fr\/wp-json\/wp\/v2\/posts\/104280","targetHints":{"allow":["GET"]}}],"collection":[{"href":"https:\/\/www.europesays.com\/fr\/wp-json\/wp\/v2\/posts"}],"about":[{"href":"https:\/\/www.europesays.com\/fr\/wp-json\/wp\/v2\/types\/post"}],"author":[{"embeddable":true,"href":"https:\/\/www.europesays.com\/fr\/wp-json\/wp\/v2\/users\/2"}],"replies":[{"embeddable":true,"href":"https:\/\/www.europesays.com\/fr\/wp-json\/wp\/v2\/comments?post=104280"}],"version-history":[{"count":0,"href":"https:\/\/www.europesays.com\/fr\/wp-json\/wp\/v2\/posts\/104280\/revisions"}],"wp:featuredmedia":[{"embeddable":true,"href":"https:\/\/www.europesays.com\/fr\/wp-json\/wp\/v2\/media\/104281"}],"wp:attachment":[{"href":"https:\/\/www.europesays.com\/fr\/wp-json\/wp\/v2\/media?parent=104280"}],"wp:term":[{"taxonomy":"category","embeddable":true,"href":"https:\/\/www.europesays.com\/fr\/wp-json\/wp\/v2\/categories?post=104280"},{"taxonomy":"post_tag","embeddable":true,"href":"https:\/\/www.europesays.com\/fr\/wp-json\/wp\/v2\/tags?post=104280"}],"curies":[{"name":"wp","href":"https:\/\/api.w.org\/{rel}","templated":true}]}}