{"id":104284,"date":"2025-05-16T11:26:08","date_gmt":"2025-05-16T11:26:08","guid":{"rendered":"https:\/\/www.europesays.com\/fr\/104284\/"},"modified":"2025-05-16T11:26:08","modified_gmt":"2025-05-16T11:26:08","slug":"lex-maire-de-toulon-hubert-falco-juge-pour-injures-contre-un-journaliste","status":"publish","type":"post","link":"https:\/\/www.europesays.com\/fr\/104284\/","title":{"rendered":"L&rsquo;ex-maire de Toulon Hubert Falco jug\u00e9 pour injures contre un journaliste"},"content":{"rendered":"<p>La d\u00e9cision du tribunal correctionnel de Toulon sera rendue le 23 mai.<\/p>\n<p>Quelques jours plus tard, le 28 mai, une autre \u00e9ch\u00e9ance judiciaire cruciale attend l&rsquo;ex-baron de la politique varoise, qui conteste aupr\u00e8s de la Cour de cassation la peine d&rsquo;in\u00e9ligibilit\u00e9 imm\u00e9diate prononc\u00e9e en 2023 contre lui dans un dossier de d\u00e9tournements de fonds public. De cette d\u00e9cision d\u00e9pend son avenir politique, \u00e0 moins d&rsquo;un an des municipales.<\/p>\n<p>Dans le dossier du jour, Hubert Falco, qui n&rsquo;avait pas fait le d\u00e9placement &#8211; et c&rsquo;est \u00ab\u00a0fort dommage\u00a0\u00bb a soulign\u00e9 la pr\u00e9sidente &#8211; est accus\u00e9 par un journaliste de l&rsquo;avoir insult\u00e9, enregistrement \u00e0 l&rsquo;appui.<\/p>\n<p>\u00ab\u00a0Je suis journaliste ind\u00e9pendant\u00a0\u00bb et \u00e0 ce titre \u00ab\u00a0vuln\u00e9rable\u00a0\u00bb, a expliqu\u00e9 \u00e0 la barre Simon Fontvieille, journaliste de 34 ans, revenant sur ce qu&rsquo;il estime \u00eatre des tentatives d'\u00a0\u00bbintimidation\u00a0\u00bb r\u00e9p\u00e9t\u00e9es de la part d&rsquo;Hubert Falco, \u00e0 qui il a consacr\u00e9 plusieurs enqu\u00eates.<\/p>\n<p>Ainsi, en avril 2023, au moment de sa premi\u00e8re condamnation \u00e0 Marseille, pour recel de d\u00e9tournement de fonds publics, l&rsquo;\u00e9lu lui lance, devant d&rsquo;autres journalistes: \u00ab\u00a0d\u00e9gage ordure!\u00a0\u00bb<\/p>\n<p>Les faits jug\u00e9s vendredi se sont produits quelques mois plus tard, en ao\u00fbt 2023, en marge d&rsquo;une c\u00e9r\u00e9monie publique c\u00e9l\u00e9brant les 79 ans de la lib\u00e9ration de Toulon.<\/p>\n<p>Hubert Falco, qui n&rsquo;a alors plus de mandat, est pr\u00e9sent et le journaliste le prend en photo, comme d&rsquo;autres personnalit\u00e9s. L&rsquo;ex-\u00e9lu, aujourd&rsquo;hui \u00e2g\u00e9 de 78 ans, lui lance alors: \u00ab\u00a0\u00e7a te g\u00eane que je sois l\u00e0 ?\u00a0\u00bb, le traitant d'\u00a0\u00bbesp\u00e8ce de chien\u00a0\u00bb, \u00ab\u00a0chien galeux\u00a0\u00bb.<\/p>\n<p>\u00ab\u00a0Enfin M. Falco, +chien galeux+, pourquoi vous \u00eates aussi grossier ?\u00a0\u00bb, lui r\u00e9pond le journaliste.<\/p>\n<p>Hubert Falco le traite alors de \u00ab\u00a0connard\u00a0\u00bb, ajoutant: \u00ab\u00a0Oui, je te le dis ! Ecris-le \u00e0 Mediapart que je t&rsquo;ai dit que tu \u00e9tais un connard\u00a0\u00bb.<\/p>\n<p>Comme l&rsquo;affaire est partie d&rsquo;une plainte avec constitution de partie civile, la procureure n&rsquo;a pas formul\u00e9 de r\u00e9quisition, s&rsquo;en remettant \u00e0 la d\u00e9cision du tribunal.<\/p>\n<p>\u00ab\u00a0C&rsquo;est une affaire d&rsquo;injures publiques d\u00e9sagr\u00e9ables\u00a0\u00bb, avec \u00ab\u00a0des propos qui sont regrett\u00e9s\u00a0\u00bb, selon l&rsquo;avocat d&rsquo;Hubert Falco, Me Thierry Fradet: \u00ab\u00a0Il n&rsquo;est plus \u00e9lu, n&rsquo;a plus rien\u00a0\u00bb, il n&rsquo;est \u00ab\u00a0plus le m\u00eame homme et \u00e7a n&rsquo;arrivera plus\u00a0\u00bb.<\/p>\n<p>\u00ab\u00a0Pourquoi il lui en veut ? La r\u00e9ponse est dans ses articles (&#8230;) et c&rsquo;est dramatique\u00a0\u00bb, a estim\u00e9 l&rsquo;avocate du journaliste, Me Olivia Levy, du cabinet parisien Seattle Avocats qui d\u00e9fend M\u00e9diapart.<\/p>\n<p>Et pour elle, c&rsquo;est un proc\u00e8s de \u00ab\u00a0David contre Goliath\u00a0\u00bb, comme en t\u00e9moigne la grande difficult\u00e9 que son cabinet a eu pour trouver un avocat acceptant de faire le relais localement. Du \u00ab\u00a0jamais vu\u00a0\u00bb, selon l&rsquo;avocate, qui a demand\u00e9 notamment 10.000 euros de dommages et int\u00e9r\u00eats pour son client.<\/p>\n<p>Le Syndicat national des journalistes (SNJ), qui s&rsquo;\u00e9tait aussi constitu\u00e9 partie civile, a lui r\u00e9clam\u00e9 5.000 euros. Le SNJ-CGT et la CFDT-Journalistes avaient apport\u00e9 leur soutien au journaliste, soulignant dans un communiqu\u00e9 son \u00ab\u00a0courage\u00a0\u00bb d&rsquo;avoir port\u00e9 plainte.<\/p>\n","protected":false},"excerpt":{"rendered":"La d\u00e9cision du tribunal correctionnel de Toulon sera rendue le 23 mai. Quelques jours plus tard, le 28&hellip;\n","protected":false},"author":2,"featured_media":104285,"comment_status":"","ping_status":"","sticky":false,"template":"","format":"standard","meta":{"footnotes":""},"categories":[9619],"tags":[17,1111,11,1777,674,22105,1011,27,329,22104,22106,9342,22103,12,471,882,25,2310],"class_list":{"0":"post-104284","1":"post","2":"type-post","3":"status-publish","4":"format-standard","5":"has-post-thumbnail","7":"category-toulon","8":"tag-17","9":"tag-actu","10":"tag-actualites","11":"tag-eu","12":"tag-europe","13":"tag-falco","14":"tag-fr","15":"tag-france","16":"tag-france-monde","17":"tag-hubert","18":"tag-injures","19":"tag-juge","20":"tag-lex-maire","21":"tag-news","22":"tag-pour","23":"tag-provence-alpes-cote-dazur","24":"tag-republique-francaise","25":"tag-toulon"},"share_on_mastodon":{"url":"https:\/\/pubeurope.com\/@fr\/114517271061643547","error":""},"_links":{"self":[{"href":"https:\/\/www.europesays.com\/fr\/wp-json\/wp\/v2\/posts\/104284","targetHints":{"allow":["GET"]}}],"collection":[{"href":"https:\/\/www.europesays.com\/fr\/wp-json\/wp\/v2\/posts"}],"about":[{"href":"https:\/\/www.europesays.com\/fr\/wp-json\/wp\/v2\/types\/post"}],"author":[{"embeddable":true,"href":"https:\/\/www.europesays.com\/fr\/wp-json\/wp\/v2\/users\/2"}],"replies":[{"embeddable":true,"href":"https:\/\/www.europesays.com\/fr\/wp-json\/wp\/v2\/comments?post=104284"}],"version-history":[{"count":0,"href":"https:\/\/www.europesays.com\/fr\/wp-json\/wp\/v2\/posts\/104284\/revisions"}],"wp:featuredmedia":[{"embeddable":true,"href":"https:\/\/www.europesays.com\/fr\/wp-json\/wp\/v2\/media\/104285"}],"wp:attachment":[{"href":"https:\/\/www.europesays.com\/fr\/wp-json\/wp\/v2\/media?parent=104284"}],"wp:term":[{"taxonomy":"category","embeddable":true,"href":"https:\/\/www.europesays.com\/fr\/wp-json\/wp\/v2\/categories?post=104284"},{"taxonomy":"post_tag","embeddable":true,"href":"https:\/\/www.europesays.com\/fr\/wp-json\/wp\/v2\/tags?post=104284"}],"curies":[{"name":"wp","href":"https:\/\/api.w.org\/{rel}","templated":true}]}}