{"id":104290,"date":"2025-05-16T11:29:08","date_gmt":"2025-05-16T11:29:08","guid":{"rendered":"https:\/\/www.europesays.com\/fr\/104290\/"},"modified":"2025-05-16T11:29:08","modified_gmt":"2025-05-16T11:29:08","slug":"lequipe-de-football-chemin-des-cimes-de-montpellier-au-tournoi-national","status":"publish","type":"post","link":"https:\/\/www.europesays.com\/fr\/104290\/","title":{"rendered":"l&rsquo;\u00e9quipe de football \u00ab\u00a0Chemin des Cimes\u00a0\u00bb de Montpellier au tournoi national"},"content":{"rendered":"<p>            Par<br \/>\n        <strong><br \/>\n            <a href=\"https:\/\/actu.fr\/auteur\/jm-aubert\" title=\"Consulter tous les articles de Jean-Marc Aubert\" target=\"_blank\" rel=\"noopener\">Jean-Marc Aubert<\/a><br \/>\n        <\/strong><\/p>\n<p>        Publi\u00e9 le<\/p>\n<p>            16 mai 2025 \u00e0 13h24        <\/p>\n<p>L\u2019\u00e9quipe<strong> \u00ab\u00a0Le Chemin des Cimes\u00a0\u00bb<\/strong> de Montpellier participe ce week-end des 17 et 18 mai 2025, \u00e0 Clairefontaine, au premier <strong>tournoi de football des Fiert\u00e9s LGBTi+,<\/strong>\u00a0dans le cadre de la <strong>Journ\u00e9e mondiale contre l\u2019Homophobie.<\/strong><\/p>\n<p class=\" wall-content\">\u00ab\u00a0C\u2019est la F\u00e9d\u00e9ration fran\u00e7aise de football qui organise ce dimanche 18 mai ce premier tournoi. Une grande f\u00e9d\u00e9ration moderne doit \u00eatre en phase avec la soci\u00e9t\u00e9 sur la question des LGBT-phobies \u00ab\u00a0, expliqu Philippe Diallo, le pr\u00e9sident de la FFF, fier que cet \u00e9v\u00e9nement se d\u00e9roule sur le site du centre d\u2019entra\u00eenement des \u00e9quipes de France.<\/p>\n<p>Un tournoi \u00e0 7<\/p>\n<p class=\" wall-content\">\u00ab\u00a0Sous le slogan \u00ab\u00a0Jouons ensemble avec fiert\u00e9\u00a0\u00bb, <strong>huit \u00e9quipes gayfriendly<\/strong> mixtes de football s\u2019affronteront durant ce tournoi \u00e0 7. Le vainqueur remettra son titre en jeu en 2026, car ce tournoi n\u2019est pas une simple opportunit\u00e9 m\u00e9diatique, mais un vrai engagement de soci\u00e9t\u00e9 p\u00e9renne et \u00e9minemment ancr\u00e9 dans la nouvelle politique f\u00e9d\u00e9rale d\u2019engagemens soci\u00e9taux \u00ab\u00a0, ajoute Philippe Diallo, en pr\u00e9sence du Montpelli\u00e9rain Jean-Bernard Moles.<\/p>\n<p class=\" wall-content\">Deux \u00e9quipes de la capitale, Paname Pride FC et le FC Paris Arc-en-Ciel, deux \u00e9quipes marseillaises du Must, le Marseille United Sports pour Tous.tes pr\u00e9sid\u00e9e par Sylvie Abulius, Chemin des Cimes de Montpellier, deux \u00e9quipes \u00a0\u00bb Des quartiers parlent \u00e0 la R\u00e9publique \u00a0\u00bb (Pdt Daouda-Ba), Team Oise et Team Baker Arc-en-ciel, dirig\u00e9 par le fils de Josephine Baker, et qui dans la droite ligne de sa m\u00e8re, milite pour l\u2019acceptation des diff\u00e9rences et du vivre-ensemble, enfin le RC. Chamb\u00e9ry, club FFF d\u2019un quartier sensible de Bordeaux, tr\u00e8s engag\u00e9 dans le respect et l\u2019inclusion des joueuses et joueurs LGBTI, r\u00e9compens\u00e9 d\u2019ailleurs en 2020 aux Troph\u00e9es de la Fondaction Philippe Seguin fouleront les pelouses de Clairefontaine.<\/p>\n<p class=\" wall-content\">Le parrain du tournoi est l\u2019ex-international Olivier Rouyer (17 s\u00e9lections de 1976 \u00e0 1981), bras et pied droits de Michel Platini, qui choisira une \u00e9quipe compos\u00e9e des meilleurs joueurs,es du tournoi, pour un match de gala final \u00e0 onze contre onze face au RC Chamb\u00e9ry.<\/p>\n<p>Vid\u00e9os : en ce moment sur Actu<\/p>\n<p class=\" wall-content\">\u00ab\u00a0Ce tournoi est fait pour donner confiance \u00e0 la communaut\u00e9 LGBTi de notre f\u00e9d\u00e9ration, il faut permettre \u00e0 tous les gens de jouer tels qu\u2019ils sont, rien ne doit les emp\u00eacher d\u2019\u00eatre eux-m\u00eames au sein de notre f\u00e9d\u00e9ration \u00ab\u00a0, poursuit Amel Bouzoura, directeur g\u00e9n\u00e9ral de la Commission f\u00e9d\u00e9rale d\u2019engagement.<\/p>\n<p class=\" wall-content\">Cet \u00e9v\u00e8nement, honor\u00e9 par Marie Barsacq, ministre des sports, Mathias Ott, d\u00e9l\u00e9gu\u00e9 interminist\u00e9riel de la DILCRAH et Am\u00e9lie Oud\u00e9a-Castera, ex-ministre des sports et candidate \u00e0 la pr\u00e9sidence du CNOSF est \u00ab\u00a0un vrai symbole de la politique d\u2019ouverture engag\u00e9e depuis au moins deux ans par la f\u00e9d\u00e9ration sur toutes les questions soci\u00e9tales\u00a0\u00bb rel\u00e8ve Philippe Diallo, pour qui \u00ab\u00a0l\u2019ADN du football, c\u2019est de rassembler \u00ab\u00a0.<\/p>\n<p>JB Moles : \u00ab\u00a0Une \u00e9volution remarquable\u00a0\u00bb<\/p>\n<p class=\" wall-content\">Pour JB Moles, docteur en Sciences des Sports, co-pr\u00e9sident avec Antonio Teixera (pr\u00e9sident de la Ligue du Centre Val de Loire) du Cleved(Comit\u00e9 de lutte envers les VSS et les discriminations FFF), \u00ab\u00a085 % des Fran\u00e7ais consid\u00e8rent aujourd\u2019hui l\u2019homosexualit\u00e9 comme une sexualit\u00e9 aussi normale que les autres \u00ab\u00a0. Selon un sondage Ipsos, ils n\u2019\u00e9taient que 24% il y a 50 ans, en 1975 !. Le Montpelli\u00e9rain se f\u00e9licite que, \u00ab\u00a0notre f\u00e9d\u00e9ration se met en phase avec cette \u00e9volution remarquable, cette r\u00e9alit\u00e9 bienveillante, cordiale. L\u2019\u00e9poque de l\u2019indiff\u00e9rence est totalement r\u00e9volue, c\u2019est \u00e0 mettre au cr\u00e9dit de Philippe Diallo et celui du directeur g\u00e9n\u00e9ral Jean-Fran\u00e7ois Vilotte, novateur et d\u00e9termin\u00e9 pour que la FFF devienne l\u2019\u00e9tendard du libre-arbitre et du vivre-ensemble\u00a0\u00bb.<\/p>\n<p class=\" wall-content\">JB Moles, qui oeuvre \u00e9galement pour faire \u00e9voluer les mentalit\u00e9s dans le rugby, l\u2019assure : \u00ab\u00a0Ce tournoi est une lumi\u00e8re au bout d\u2019un tunnel trop longtemps obscur. Il envoie un message clair : la communaut\u00e9 LGBTi a toute sa place dans la F\u00e9d\u00e9ration fran\u00e7aise de football. Alors Jouons ensemble avec fiert\u00e9\u00a0\u00bb.<\/p>\n<p>\u00ab\u00a0Chemin des Cimes\u00a0\u00bb : sport et culture<\/p>\n<p class=\" wall-content\"><a href=\"https:\/\/www.chemindescimes.fr\/page\/689190-presentation\" target=\"_blank\" rel=\"noopener\">Chemin des Cimes<\/a>, pr\u00e9sid\u00e9e par la Montpelli\u00e9raine Ma\u00eblle Parveaux, est une<strong> association de personnes LGBTQIA+ et sympathisant\u00b7e\u00b7s, qui propose des activit\u00e9s sportives, culturelles, conviviales<\/strong> et milite pour une meilleure reconnaissance de ces sp\u00e9cificit\u00e9s dans le monde du sport. Apr\u00e8s la participation au tournoi de la FF \u00e0 Clarefontaine, l\u2019association organise un TiMM les 29, 30 et 31 ao\u00fbt 2025, avec des \u00e9preuves de badminton, de basket flinta, de la course \u00e0 pied, de football flinta, de natation, de squash et de volleyball.<\/p>\n<p class=\" wall-content\">Ma\u00eblle Parveaux \u00e9voque son action : \u00ab\u00a0Rejoindre notre association,\u00a0c\u2019est\u00a0acc\u00e9der \u00e0\u00a017\u00a0activit\u00e9s sportives et culturelles, ouvertes \u00e0 tou\u00b7te\u00b7s\u00a0et de tous niveaux, en semaine et le week-end, du Badminton, Basket F\u00e9minin, Chorale, Course \u00e0 Pied, Cuisine, Danse chor\u00e9graphique, Foot F\u00e9minin, Jeux, Natation, Randonn\u00e9e, Squash, Sophrologie, Self-d\u00e9fense, \u00a0Th\u00e9\u00e2tre, V\u00e9lo, Volley, Yoga et\u00a0acc\u00e9der \u00e0 des ateliers, ouverts \u00e0 tou\u00b7te\u00b7s et tous niveaux : Th\u00e9\u00e2tre improvisation, etc.,\u00a0participer aux\u00a0week-ends et s\u00e9jours sportifs organis\u00e9s par les diff\u00e9rentes sections : rando, jeux, etc.,\u00a0repr\u00e9senter l\u2019association dans diff\u00e9rents tournois LGBTQIA+ ou f\u00e9d\u00e9raux, d\u2019envergure d\u00e9partementale, nationale\u00a0et internationale,\u00a0pratiquer un sport au sein des structures sportives f\u00e9d\u00e9rales\u00a0comme la FFRando, la FSGL, la\u00a0FSGT, la FFBadminton,\u00a0rencontrer les adh\u00e9rent\u00b7e\u00b7s lors de rendez-vous conviviaux, ap\u00e9ritif de rentr\u00e9e, galette du nouvel an,\u00a0anniversaire de l\u2019association, assembl\u00e9e g\u00e9n\u00e9rale,\u00a0militer pour un projet\u00a0qui \u0153uvre pour l\u2019int\u00e9gration, la visibilit\u00e9, l\u2019esprit d\u2019\u00e9quipe, la convivialit\u00e9, la tol\u00e9rance et le refus de toute discrimination,\u00a0l\u2019implication dans des actions militantes, comme la Marche des Fiert\u00e9s\u00a0\u00bb.<\/p>\n<p>Ce week-end, le Festival des familles LGBTQIA+<\/p>\n<p class=\" wall-content\">Dans le cadre de la Journ\u00e9e mondiale contre l\u2019Homophobie, le Domaine d\u2019O, \u00e0 <strong>Montpellier<\/strong> abritera le premier <strong>Family Pride,<\/strong>\u00a0un\u00a0<strong>festival pour toutes les familles LGBTQIA+, <\/strong>avec au\u00a0programme\u00a0: rencontres, spectacles, d\u00e9bats, jeux\u2026 \u00ab\u00a0Tout le monde est le bienvenu\u00a0\u00bb insiste\u00a0Marie Durand, la pr\u00e9sidente de l\u2019association le Collectif Famille. s, \u00e0 l\u2019origine de la cr\u00e9ation de cet \u00e9v\u00e9nement. Rendez-vous ce samedi 17 et ce dimanche 18 mai \u00e0 Malbosc.<\/p>\n<p class=\" wall-content\">Suivez toute l\u2019actualit\u00e9 de vos villes et m\u00e9dias favoris en vous inscrivant \u00e0 <a href=\"https:\/\/moncompte.actu.fr\" title=\"D\u00e9couvez Mon Actu\" rel=\"nofollow noopener\" data-trk=\"{&quot;cta&quot;:{&quot;action&quot;:&quot;https:\\\/\\\/moncompte.actu.fr&quot;,&quot;category&quot;:&quot;mon compte&quot;,&quot;from&quot;:&quot;article footer&quot;,&quot;name&quot;:&quot;Mon actu&quot;,&quot;type&quot;:&quot;cta&quot;}}\" target=\"_blank\">Mon Actu<\/a>.<\/p>\n","protected":false},"excerpt":{"rendered":"Par Jean-Marc Aubert Publi\u00e9 le 16 mai 2025 \u00e0 13h24 L\u2019\u00e9quipe \u00ab\u00a0Le Chemin des Cimes\u00a0\u00bb de Montpellier participe&hellip;\n","protected":false},"author":2,"featured_media":104291,"comment_status":"","ping_status":"","sticky":false,"template":"","format":"standard","meta":{"footnotes":""},"categories":[9599],"tags":[1111,11,1777,674,63,1011,27,9087,2208,12,2680,25,60],"class_list":{"0":"post-104290","1":"post","2":"type-post","3":"status-publish","4":"format-standard","5":"has-post-thumbnail","7":"category-montpellier","8":"tag-actu","9":"tag-actualites","10":"tag-eu","11":"tag-europe","12":"tag-football","13":"tag-fr","14":"tag-france","15":"tag-lgbt","16":"tag-montpellier","17":"tag-news","18":"tag-occitanie","19":"tag-republique-francaise","20":"tag-sports"},"share_on_mastodon":{"url":"https:\/\/pubeurope.com\/@fr\/114517282867909990","error":""},"_links":{"self":[{"href":"https:\/\/www.europesays.com\/fr\/wp-json\/wp\/v2\/posts\/104290","targetHints":{"allow":["GET"]}}],"collection":[{"href":"https:\/\/www.europesays.com\/fr\/wp-json\/wp\/v2\/posts"}],"about":[{"href":"https:\/\/www.europesays.com\/fr\/wp-json\/wp\/v2\/types\/post"}],"author":[{"embeddable":true,"href":"https:\/\/www.europesays.com\/fr\/wp-json\/wp\/v2\/users\/2"}],"replies":[{"embeddable":true,"href":"https:\/\/www.europesays.com\/fr\/wp-json\/wp\/v2\/comments?post=104290"}],"version-history":[{"count":0,"href":"https:\/\/www.europesays.com\/fr\/wp-json\/wp\/v2\/posts\/104290\/revisions"}],"wp:featuredmedia":[{"embeddable":true,"href":"https:\/\/www.europesays.com\/fr\/wp-json\/wp\/v2\/media\/104291"}],"wp:attachment":[{"href":"https:\/\/www.europesays.com\/fr\/wp-json\/wp\/v2\/media?parent=104290"}],"wp:term":[{"taxonomy":"category","embeddable":true,"href":"https:\/\/www.europesays.com\/fr\/wp-json\/wp\/v2\/categories?post=104290"},{"taxonomy":"post_tag","embeddable":true,"href":"https:\/\/www.europesays.com\/fr\/wp-json\/wp\/v2\/tags?post=104290"}],"curies":[{"name":"wp","href":"https:\/\/api.w.org\/{rel}","templated":true}]}}