{"id":1042908,"date":"2026-07-04T12:29:20","date_gmt":"2026-07-04T12:29:20","guid":{"rendered":"https:\/\/www.europesays.com\/fr\/1042908\/"},"modified":"2026-07-04T12:29:20","modified_gmt":"2026-07-04T12:29:20","slug":"la-gazette-de-gerland-lame-dun-quartier-lyonnais","status":"publish","type":"post","link":"https:\/\/www.europesays.com\/fr\/1042908\/","title":{"rendered":"La Gazette de Gerland : l&rsquo;\u00e2me d&rsquo;un quartier lyonnais"},"content":{"rendered":"<p>\t\t\t\t<img decoding=\"async\" src=\"https:\/\/www.europesays.com\/fr\/wp-content\/uploads\/2026\/07\/Georges-Duriez-150x150.jpg\" alt=\"Le Quart d'heure Lyonnais\" title=\"Le Quart d'heure Lyonnais\"\/><\/p>\n<p>\n\t\t\t\t\t\tLe Quart d&rsquo;heure Lyonnais\t\t\t\t\t<\/p>\n<p>La Gazette de Gerland : l&rsquo;\u00e2me d&rsquo;un quartier lyonnais<\/p>\n<p>\t\t\t\t\t\t\tPlay Episode<\/p>\n<p>\t\t\t\t\t\t\tPause Episode<\/p>\n<p>\t\t\t\t\t\t<img decoding=\"async\" src=\"https:\/\/www.lyondemain.fr\/wp-content\/plugins\/seriously-simple-podcasting\/assets\/css\/images\/player\/images\/icon-loader.svg\" alt=\"Loading\" class=\"ssp-loader hide\"\/><\/p>\n<p>\t\t\t\t\t\t\t\t\t\t\t\t\tSubscribe<br \/>\n\t\t\t\t\t\t\t\t\t\t\t\t\t\t\t\t\t\t\tShare<\/p>\n<p class=\"wp-block-paragraph\">L\u2019histoire de La Gazette de Gerland commence en 2018. R\u00e9cemment retrait\u00e9 et fort d\u2019une exp\u00e9rience pass\u00e9e dans le journalisme, Georges Duriez s\u2019installe alors \u00e0 Gerland avec sa compagne Agn\u00e8s. <\/p>\n<p class=\"wp-block-paragraph\">Ecoutez aussi : <a href=\"https:\/\/www.lyondemain.fr\/50-ans-petit-fute\/\" type=\"link\" id=\"https:\/\/www.lyondemain.fr\/50-ans-petit-fute\/\" target=\"_blank\" rel=\"noreferrer noopener nofollow\">Les 50 ans du Petit Fut\u00e9<\/a><\/p>\n<p>Un projet n\u00e9 du d\u00e9sir de \u00ab\u00a0mieux comprendre\u00a0\u00bb son propre quartier<\/p>\n<p class=\"wp-block-paragraph\">Face \u00e0 ce territoire en profonde transformation, une question l\u2019anime : comment s\u2019approprier et d\u00e9crypter ce nouvel environnement ?<\/p>\n<blockquote class=\"wp-block-quote is-layout-flow wp-block-quote-is-layout-flow\">\n<p class=\"wp-block-paragraph\">\u00ab\u00a0Quand j\u2019ai \u00e9t\u00e9 \u00e0 la retraite, j\u2019avais du temps [\u2026] et je me suis dit : je peux peut-\u00eatre mieux comprendre ce <strong>quartier<\/strong> dans lequel on habite maintenant.\u00a0\u00bb explique <strong>Georges Duriez<\/strong>.<\/p>\n<\/blockquote>\n<p><img loading=\"lazy\" decoding=\"async\" width=\"1200\" height=\"675\" src=\"https:\/\/www.europesays.com\/fr\/wp-content\/uploads\/2026\/07\/La-Gazette-de-Gerland-Georges-Duriez.jpg\" alt=\"Georges Duriez\" class=\"wp-image-254905\"  \/>Georges Duriez<\/p>\n<p class=\"wp-block-paragraph\">Ce qui ne devait \u00eatre au d\u00e9part qu\u2019un simple agenda mensuel des <strong>initiatives locales<\/strong>, distribu\u00e9 au centre social, va rapidement prendre de l\u2019ampleur. Pendant un temps, le rythme s\u2019acc\u00e9l\u00e8re m\u00eame tous les quinze jours. Mais c\u2019est un \u00e9v\u00e9nement mondial qui va profond\u00e9ment red\u00e9finir la <strong>ligne \u00e9ditoriale<\/strong> de la publication : la crise du Covid-19.<\/p>\n<p class=\"wp-block-paragraph\">Ecoutez le podcast<\/p>\n<p>La Gazette de Gerland num\u00e9ro 100<\/p>\n<p>Du journal d\u2019annonces au r\u00e9cit historique<\/p>\n<p class=\"wp-block-paragraph\">Confin\u00e9 comme le reste des Lyonnais et priv\u00e9 d\u2019\u00e9v\u00e9nements culturels ou associatifs \u00e0 annoncer, le cr\u00e9ateur du journal d\u00e9cide de plonger dans les archives. Il d\u00e9vore ainsi les livres et les revues pour documenter le <strong>riche pass\u00e9 industriel de Gerland<\/strong>.<\/p>\n<p class=\"wp-block-paragraph\">Aujourd\u2019hui, <strong>La Gazette de Gerland<\/strong> propose ainsi un subtil m\u00e9lange entre :<\/p>\n<ul class=\"wp-block-list\">\n<li>L\u2019<strong>actualit\u00e9 culturelle et associative locale<\/strong>.<\/li>\n<li>Des <strong>enqu\u00eates de proximit\u00e9<\/strong>.<\/li>\n<li>Des <strong>dossiers historiques approfondis<\/strong> (notamment sur l\u2019\u00e9volution des usines et des ateliers du XIXe au XXe si\u00e8cle : Jules Weitz, Le Bon Lait, Les c\u00e2bles de Lyon, la CIAPEM\u2026)).<\/li>\n<li>Des <strong>portraits<\/strong> de <strong>figures locales<\/strong> et de <strong>nouveaux habitants<\/strong>.<\/li>\n<\/ul>\n<p class=\"wp-block-paragraph\">Ecoutez aussi : <a href=\"https:\/\/www.lyondemain.fr\/batiment-jules-weitz-gerland-lyon\/\" type=\"link\" id=\"https:\/\/www.lyondemain.fr\/batiment-jules-weitz-gerland-lyon\/\" target=\"_blank\" rel=\"noreferrer noopener nofollow\">Jules Weitz : la m\u00e9moire industrielle de Gerland<\/a><\/p>\n<p>Un travail de titan pour, au final, cr\u00e9er du lien social<\/p>\n<p class=\"wp-block-paragraph\">Sortir un<strong> journal papier<\/strong> de mani\u00e8re totalement ind\u00e9pendante rel\u00e8ve du parcours du combattant. <strong>Georges Duriez<\/strong> assume presque tous les r\u00f4les : il enqu\u00eate, r\u00e9dige les articles, prend les photos, g\u00e8re la mise en page et assure lui-m\u00eame la distribution physique des exemplaires.<\/p>\n<p class=\"wp-block-paragraph\">Imprim\u00e9e aujourd\u2019hui \u00e0 <strong>plus de 1 400 exemplaires<\/strong>, la Gazette touche ainsi un public vari\u00e9. Son objectif principal ? <strong>Donner des racines aux nouveaux arrivants<\/strong> tout en valorisant la m\u00e9moire des anciens. Gerland est un quartier \u00ab\u00a0patchwork\u00a0\u00bb, qui abrite aujourd\u2019hui pr\u00e8s de 38 000 habitants. Entre les <strong>cit\u00e9s sociales historiques<\/strong> pens\u00e9es par \u00c9douard Herriot dans les ann\u00e9es 1920 et le <strong>d\u00e9veloppement de la tech ou de la recherche biom\u00e9dicale<\/strong> (biotechnologies, ENS), la sociologie y est ainsi extr\u00eamement vari\u00e9e.<\/p>\n<p class=\"wp-block-paragraph\">Ecoutez aussi : <a href=\"https:\/\/www.lyondemain.fr\/elements-de-facades-transport-fluvial\/\" type=\"link\" id=\"https:\/\/www.lyondemain.fr\/elements-de-facades-transport-fluvial\/\" target=\"_blank\" rel=\"noreferrer noopener nofollow\">Des \u00e9l\u00e9ments de fa\u00e7ades achemin\u00e9es en barge par le Rh\u00f4ne<\/a><\/p>\n<p>La mixit\u00e9 sociale comme ligne de conduite<\/p>\n<p class=\"wp-block-paragraph\">Pour le fondateur de <strong>la Gazette de Gerland<\/strong>, l\u2019important est de faire dialoguer ces deux mondes qui se croisent sans toujours se conna\u00eetre. Le journal se fait l\u2019\u00e9cho de cette solidarit\u00e9 populaire qui a toujours caract\u00e9ris\u00e9 le quartier.<\/p>\n<p class=\"wp-block-paragraph\">Georges Duriez utilise une m\u00e9taphore tr\u00e8s parlante pour d\u00e9crire sa vision du quartier. \u00ab\u00a0Dans la mobylette, il fallait mettre du m\u00e9lange, et c\u2019est comme \u00e7a qu\u2019elle avan\u00e7ait. On mettait de l\u2019huile et de l\u2019essence. Notre soci\u00e9t\u00e9, c\u2019est un petit peu \u00e7a : il faut du m\u00e9lange.\u00a0\u00bb<\/p>\n<p class=\"wp-block-paragraph\">Ecoutez aussi : <a href=\"https:\/\/www.lyondemain.fr\/bistrot-bertha-ehpad-girondines\/\" type=\"link\" id=\"https:\/\/www.lyondemain.fr\/bistrot-bertha-ehpad-girondines\/\" target=\"_blank\" rel=\"noreferrer noopener nofollow\">Bistrot Bertha veut cr\u00e9er des lieux de vie ordinaires en EHPAD<\/a><\/p>\n<blockquote class=\"instagram-media\" data-instgrm-captioned=\"\" data-instgrm-permalink=\"https:\/\/www.instagram.com\/p\/DaQsmsYBxJG\/?utm_source=ig_embed&amp;utm_campaign=loading\" data-instgrm-version=\"14\" style=\" background:#FFF; border:0; border-radius:3px; box-shadow:0 0 1px 0 rgba(0,0,0,0.5),0 1px 10px 0 rgba(0,0,0,0.15); margin: 1px; max-width:540px; min-width:326px; padding:0; width:99.375%; width:-webkit-calc(100% - 2px); width:calc(100% - 2px);\"\/>\n<p>Le journalisme de proximit\u00e9 : une formule qui s\u00e9duit toujours en 2026<\/p>\n<p class=\"wp-block-paragraph\">\u00c0 l\u2019heure du 100e num\u00e9ro, le succ\u00e8s d\u2019estime de <strong>La Gazette de Gerland<\/strong> d\u00e9montre l\u2019int\u00e9r\u00eat persistant des citoyens pour l\u2019<strong>information hyperlocale<\/strong>. Savoir ce qui se passe au pied de son immeuble s\u2019av\u00e8re souvent plus captivant que les actualit\u00e9s internationales. \u00c0 82 ans, <strong>Georges Duriez<\/strong> n\u2019a pas l\u2019intention de poser sa plume et continue d\u2019aller \u00e0 la rencontre de ses voisins pour raconter <strong>leurs histoires, leurs combats et leurs r\u00e9ussites<\/strong>.<\/p>\n<p class=\"wp-block-paragraph\"><strong>La Gazette de Gerland<\/strong> prouve que la presse de proximit\u00e9 reste un vecteur essentiel de coh\u00e9sion sociale. Un outil indispensable pour que les<strong> habitants, anciens comme nouveaux<\/strong>, continuent de \u00ab\u00a0<strong>bien vivre leur quartier<\/strong>\u00ab\u00a0.<\/p>\n<p class=\"wp-block-paragraph\">Pour s\u2019abonner \u00e0 La Gazette de Gerland, c\u2019est <a href=\"https:\/\/lagazettedegerland.go.zd.fr\/inscription\/\" type=\"link\" id=\"https:\/\/lagazettedegerland.go.zd.fr\/inscription\/\" target=\"_blank\" rel=\"noreferrer noopener nofollow\">ici<\/a><\/p>\n<p class=\"wp-block-paragraph\">Ecoutez aussi : <a href=\"https:\/\/www.lyondemain.fr\/presse-en-crise-bfm-lyon-le-progres\/\" type=\"link\" id=\"https:\/\/www.lyondemain.fr\/presse-en-crise-bfm-lyon-le-progres\/\" target=\"_blank\" rel=\"noreferrer noopener nofollow\">Presse en crise : \u00ab\u00a0le journalisme de proximit\u00e9 n\u2019est pas mort\u00a0\u00bb<\/a><\/p>\n<p><img loading=\"lazy\" decoding=\"async\" width=\"1200\" height=\"675\" src=\"https:\/\/www.europesays.com\/fr\/wp-content\/uploads\/2026\/07\/La-Gazette-de-Gerland-journal-de-proximite.jpg\" alt=\"Journal de proximit\u00e9 Gerland\" class=\"wp-image-254904\"  \/><br \/>\n\t<script async src=\"\/\/www.instagram.com\/embed.js\"><\/script><\/p>\n","protected":false},"excerpt":{"rendered":"Le Quart d&rsquo;heure Lyonnais La Gazette de Gerland : l&rsquo;\u00e2me d&rsquo;un quartier lyonnais Play Episode Pause Episode Subscribe&hellip;\n","protected":false},"author":2,"featured_media":1042909,"comment_status":"","ping_status":"","sticky":false,"template":"","format":"standard","meta":{"footnotes":"","_share_on_mastodon":"0"},"categories":[1889],"tags":[1111,11,2430,1777,674,1011,27,108458,5303,108459,4662,108460,5671,2428,38481,12,4048,8889,25],"class_list":["post-1042908","post","type-post","status-publish","format-standard","has-post-thumbnail","category-lyon","tag-actu","tag-actualites","tag-auvergne-rhone-alpes","tag-eu","tag-europe","tag-fr","tag-france","tag-georges-duriez","tag-gerland","tag-histoire-de-lyon","tag-journal","tag-la-gazette-de-gerland","tag-lien-social","tag-lyon","tag-lyon-7eme","tag-news","tag-presse","tag-proximite","tag-republique-francaise"],"share_on_mastodon":{"url":"https:\/\/pubeurope.com\/@fr\/116861717086305616","error":""},"_links":{"self":[{"href":"https:\/\/www.europesays.com\/fr\/wp-json\/wp\/v2\/posts\/1042908","targetHints":{"allow":["GET"]}}],"collection":[{"href":"https:\/\/www.europesays.com\/fr\/wp-json\/wp\/v2\/posts"}],"about":[{"href":"https:\/\/www.europesays.com\/fr\/wp-json\/wp\/v2\/types\/post"}],"author":[{"embeddable":true,"href":"https:\/\/www.europesays.com\/fr\/wp-json\/wp\/v2\/users\/2"}],"replies":[{"embeddable":true,"href":"https:\/\/www.europesays.com\/fr\/wp-json\/wp\/v2\/comments?post=1042908"}],"version-history":[{"count":0,"href":"https:\/\/www.europesays.com\/fr\/wp-json\/wp\/v2\/posts\/1042908\/revisions"}],"wp:featuredmedia":[{"embeddable":true,"href":"https:\/\/www.europesays.com\/fr\/wp-json\/wp\/v2\/media\/1042909"}],"wp:attachment":[{"href":"https:\/\/www.europesays.com\/fr\/wp-json\/wp\/v2\/media?parent=1042908"}],"wp:term":[{"taxonomy":"category","embeddable":true,"href":"https:\/\/www.europesays.com\/fr\/wp-json\/wp\/v2\/categories?post=1042908"},{"taxonomy":"post_tag","embeddable":true,"href":"https:\/\/www.europesays.com\/fr\/wp-json\/wp\/v2\/tags?post=1042908"}],"curies":[{"name":"wp","href":"https:\/\/api.w.org\/{rel}","templated":true}]}}