{"id":104296,"date":"2025-05-16T11:34:08","date_gmt":"2025-05-16T11:34:08","guid":{"rendered":"https:\/\/www.europesays.com\/fr\/104296\/"},"modified":"2025-05-16T11:34:08","modified_gmt":"2025-05-16T11:34:08","slug":"un-atout-extraordinaire-pour-notre-industrie-agroalimentaire-le-patron-breton-louis-le-duff-fait-commandeur-du-merite-agricole","status":"publish","type":"post","link":"https:\/\/www.europesays.com\/fr\/104296\/","title":{"rendered":"\u00ab\u00a0Un atout extraordinaire pour notre industrie agroalimentaire\u00a0\u00bb\u00a0: le patron breton Louis Le Duff fait commandeur du M\u00e9rite agricole"},"content":{"rendered":"<p>Elle a fait le d\u00e9placement \u00e0 Rennes pour l\u2019occasion. Jeudi 15 mai, la ministre de l\u2019Agriculture et de la Souverainet\u00e9 alimentaire, <a href=\"https:\/\/www.letelegramme.fr\/economie\/loi-anti-contraintes-pour-lagriculture-il-faut-que-le-texte-puisse-repondre-aux-attentes-estime-la-ministre-6818435.php\" target=\"_blank\" rel=\"noopener\">Annie Genevard<\/a>, a remis les insignes de commandeur de l\u2019ordre du M\u00e9rite agricole \u00e0 Louis Le Duff, pr\u00e9sident fondateur du groupe agroalimentaire du m\u00eame nom. La c\u00e9r\u00e9monie s\u2019est d\u00e9roul\u00e9e au sein du si\u00e8ge de l\u2019entreprise, \u00e0 Rennes, devant un parterre de quelque 200 personnalit\u00e9s politiques et \u00e9conomiques.<\/p>\n<p>Si la ministre a fait un crochet par la Bretagne, entre une r\u00e9union \u00e0 Bercy sur <a href=\"https:\/\/www.letelegramme.fr\/economie\/agri-agro\/taxes-sur-le-cognac-les-negociations-entre-la-france-et-la-chine-nont-pas-permis-de-solution-a-ce-stade-6818069.php\" target=\"_blank\" rel=\"noopener\">les droits de douane en Chine<\/a> et un d\u00e9placement en Autriche et en Hongrie sur le projet d\u2019accord commercial UE-Mercosur, c\u2019est pour \u00ab honorer une magnifique r\u00e9ussite entrepreneuriale, qui allie la recherche de l\u2019excellence et de la qualit\u00e9, et en m\u00eame temps une aventure industrielle qui se d\u00e9ploie sur de nombreux continents et qui contribue \u00e0 faire rayonner le savoir-faire fran\u00e7ais \u00bb. \u00ab \ufeffUne figure comme Louis Le Duff est vraiment un atout extraordinaire pour notre industrie agroalimentaire, dans le meilleur sens du terme \u00bb, a ajout\u00e9 la ministre.<\/p>\n<p>Des mots qui ont touch\u00e9 Louis Le Duff, \u00ab n\u00e9 dans une ferme \u00bb pr\u00e8s de Roscoff (29) et lanc\u00e9 dans le monde des affaires en 1976, avec l\u2019ouverture d\u2019un premier caf\u00e9-restaurant la Brioche dor\u00e9e, \u00e0 Brest. Depuis, l\u2019entreprise a bien grandi, se muant au fil des ann\u00e9es en un empire de la restauration (Brioche dor\u00e9e, Del arte\u2026) et de la production industrielle de pains et de viennoiseries (Bridor). L\u2019ensemble devrait g\u00e9n\u00e9rer un chiffre d\u2019affaires de 3,5 milliards d\u2019euros en 2025 et emploie 19 000 salari\u00e9s dans le monde.<\/p>\n<p>\u00c0 78 ans, Louis Le Duff compte bien ne pas s\u2019arr\u00eater l\u00e0. Apr\u00e8s <a href=\"https:\/\/www.letelegramme.fr\/economie\/toute-l-actualite\/bridor-ne-peut-pas-attendre-10-ans-le-duff-renonce-a-son-projet-dusine-a-liffre-6355367.php\" target=\"_blank\" rel=\"noopener\">l\u2019abandon d\u2019un projet d\u2019usine Bridor \u00e0 Liffr\u00e9 (35)<\/a>, il y a deux ans, son groupe a annonc\u00e9 en avril dernier qu\u2019il investirait <a href=\"https:\/\/www.letelegramme.fr\/economie\/entreprise\/nouveaux-sites-acquisition-le-rennais-bridor-va-investir-500-millions-deuros-dans-le-monde-dici-a-2026-6804278.php\" target=\"_blank\" rel=\"noopener\">500 M\u20ac dans son outil industriel d\u2019ici 2026<\/a>. Un nouveau site doit notamment entrer en fonctionnement \u00e0 Falaise (14), en Normandie, \u00e0 l\u2019automne prochain.<\/p>\n","protected":false},"excerpt":{"rendered":"Elle a fait le d\u00e9placement \u00e0 Rennes pour l\u2019occasion. Jeudi 15 mai, la ministre de l\u2019Agriculture et de&hellip;\n","protected":false},"author":2,"featured_media":104297,"comment_status":"","ping_status":"","sticky":false,"template":"","format":"standard","meta":{"footnotes":""},"categories":[2821],"tags":[1111,11,829,1777,674,1011,27,848,4555,12,584,25],"class_list":{"0":"post-104296","1":"post","2":"type-post","3":"status-publish","4":"format-standard","5":"has-post-thumbnail","7":"category-rennes","8":"tag-actu","9":"tag-actualites","10":"tag-bretagne","11":"tag-eu","12":"tag-europe","13":"tag-fr","14":"tag-france","15":"tag-ille-et-vilaine","16":"tag-local","17":"tag-news","18":"tag-rennes","19":"tag-republique-francaise"},"share_on_mastodon":{"url":"https:\/\/pubeurope.com\/@fr\/114517302585620520","error":""},"_links":{"self":[{"href":"https:\/\/www.europesays.com\/fr\/wp-json\/wp\/v2\/posts\/104296","targetHints":{"allow":["GET"]}}],"collection":[{"href":"https:\/\/www.europesays.com\/fr\/wp-json\/wp\/v2\/posts"}],"about":[{"href":"https:\/\/www.europesays.com\/fr\/wp-json\/wp\/v2\/types\/post"}],"author":[{"embeddable":true,"href":"https:\/\/www.europesays.com\/fr\/wp-json\/wp\/v2\/users\/2"}],"replies":[{"embeddable":true,"href":"https:\/\/www.europesays.com\/fr\/wp-json\/wp\/v2\/comments?post=104296"}],"version-history":[{"count":0,"href":"https:\/\/www.europesays.com\/fr\/wp-json\/wp\/v2\/posts\/104296\/revisions"}],"wp:featuredmedia":[{"embeddable":true,"href":"https:\/\/www.europesays.com\/fr\/wp-json\/wp\/v2\/media\/104297"}],"wp:attachment":[{"href":"https:\/\/www.europesays.com\/fr\/wp-json\/wp\/v2\/media?parent=104296"}],"wp:term":[{"taxonomy":"category","embeddable":true,"href":"https:\/\/www.europesays.com\/fr\/wp-json\/wp\/v2\/categories?post=104296"},{"taxonomy":"post_tag","embeddable":true,"href":"https:\/\/www.europesays.com\/fr\/wp-json\/wp\/v2\/tags?post=104296"}],"curies":[{"name":"wp","href":"https:\/\/api.w.org\/{rel}","templated":true}]}}