{"id":104316,"date":"2025-05-16T11:44:14","date_gmt":"2025-05-16T11:44:14","guid":{"rendered":"https:\/\/www.europesays.com\/fr\/104316\/"},"modified":"2025-05-16T11:44:14","modified_gmt":"2025-05-16T11:44:14","slug":"le-second-micocoulier-de-la-place-jeanne-darc-a-ete-abattu","status":"publish","type":"post","link":"https:\/\/www.europesays.com\/fr\/104316\/","title":{"rendered":"le second micocoulier de la place Jeanne d&rsquo;Arc a \u00e9t\u00e9 abattu"},"content":{"rendered":"<p>            Par<br \/>\n        <strong><br \/>\n            <a href=\"https:\/\/actu.fr\/auteur\/lea-afonso\" title=\"Consulter tous les articles de L\u00e9a Afonso\" rel=\"nofollow noopener\" target=\"_blank\">L\u00e9a Afonso<\/a><br \/>\n        <\/strong><\/p>\n<p>        Publi\u00e9 le<\/p>\n<p>            16 mai 2025 \u00e0 13h30        <\/p>\n<p>Alors qu\u2019ils \u00e9taient au centre de l\u2019actualit\u00e9 en mars dernier, les <strong>deux micocouliers<\/strong> de la <strong>place Jeanne d\u2019Arc<\/strong> \u00e0 <a href=\"https:\/\/actu.fr\/toulouse\/\" rel=\"nofollow noopener\" target=\"_blank\">Toulouse<\/a> n\u2019existent plus d\u00e9sormais. L\u2019un est tomb\u00e9, l\u2019autre a \u00e9t\u00e9 abattu en cette mi-mai, voici le nouveau visage de la place.<\/p>\n<p>Le premier\u2009: emport\u00e9 par des rafales<br \/>\n      <img   decoding=\"async\" loading=\"lazy\" src=\"https:\/\/www.europesays.com\/fr\/wp-content\/uploads\/2025\/05\/whatsapp-image-2025-03-21-at-101344-960x640-1-960x640.jpg\" alt=\"Le premier micocoulier de Jeanne d'Arc tomb\u00e9 sur une voiture arr\u00eat\u00e9e au feu tricolore. \" width=\"960\" height=\"640\"\/><br \/>\n    Le premier micocoulier de Jeanne d\u2019Arc tomb\u00e9 sur une voiture arr\u00eat\u00e9e au feu tricolore. (\u00a9Photo fournie par un lecteur d\u2019Actu Toulouse)<\/p>\n<p class=\" wall-content\">Les Toulousains en avaient \u00e9t\u00e9 choqu\u00e9s. Le 21\u00a0mars dernier, <a href=\"https:\/\/actu.fr\/occitanie\/toulouse_31555\/direct-des-rafales-de-vent-a-153-km-h-en-haute-garonne-1-500-foyers-prives-d-electricite_62402273.html\" rel=\"nofollow noopener\" target=\"_blank\">alors que la ville subissait des rafales de plus de 100\u00a0km\/h<\/a> durant plusieurs jours d\u2019affil\u00e9e, un de deux micocouliers \u00e0 l\u2019intersection entre la place Jeanne d\u2019Arc et le boulevard de Strasbourg \u00e9tait<strong> tomb\u00e9 sur une voiture.<\/strong><\/p>\n<p class=\" wall-content\">Emport\u00e9 par une<strong> rafale de 109\u00a0km\/h<\/strong>, l\u2019arbre n\u2019avait heureusement fait aucun bless\u00e9. Face \u00e0 cet accident, la situation du second micocoulier \u00e9tait en suspens.<\/p>\n<p>      <img   decoding=\"async\" loading=\"lazy\" src=\"https:\/\/www.europesays.com\/fr\/wp-content\/uploads\/2025\/05\/micocoulier-jeanne-arc-toulouse-960x640-1-960x640.jpg\" alt=\"La place Jeanne d'Arc avec plus qu'un des deux micocoulier. \" width=\"960\" height=\"640\"\/><br \/>\n    La place Jeanne d\u2019Arc avec plus qu\u2019un des deux micocouliers. (\u00a9G.L \/ Actu Toulouse)Vid\u00e9os : en ce moment sur ActuLe deuxi\u00e8me\u2009: abattu pour la s\u00e9curit\u00e9<br \/>\n      <img   decoding=\"async\" loading=\"lazy\" src=\"https:\/\/www.europesays.com\/fr\/wp-content\/uploads\/2025\/05\/micocoulier-6-960x640.jpg\" alt=\"Une place d\u00e9pourvue de ses deux arbres \" width=\"960\" height=\"640\"\/><br \/>\n    Une place d\u00e9pourvue de ses deux arbres (\u00a9L\u00e9a Afonso \/ Actu Toulouse)<\/p>\n<p class=\" wall-content\">Apr\u00e8s plusieurs tests de traction, mesures, \u00e9valuation de l\u2019\u00e9tat de l\u2019arbre et des racines comme\u00a0Actu Toulouse\u00a0vous l\u2019expliquait <a href=\"https:\/\/actu.fr\/occitanie\/toulouse_31555\/toulouse-il-pourrait-tomber-le-second-micocoulier-de-la-place-jeanne-d-arc-va-etre-abattu_62512749.html\" rel=\"nofollow noopener\" target=\"_blank\">dans un pr\u00e9c\u00e9dent article<\/a>, la mairie de la ville admettait que dans certaines situations,<strong> l\u2019arbre pourrait tomber.<\/strong><\/p>\n<p class=\" wall-content\">R\u00e9sultat\u2009: \u00ab\u2009La r\u00e9sistance de l\u2019ancrage racinaire est inf\u00e9rieure au seuil de s\u00e9curit\u00e9 minimal.\u2009Il n\u2019y a malheureusement pas d\u2019h\u00e9sitation \u00e0 avoir. <strong>On a d\u00e9cid\u00e9 d\u2019abattre cet arbre<\/strong>\u2009\u00bb, expliquait Cl\u00e9ment Riquet, conseiller municipal d\u00e9l\u00e9gu\u00e9 en charge des espaces verts.<\/p>\n<p>      <img   decoding=\"async\" loading=\"lazy\" src=\"https:\/\/www.europesays.com\/fr\/wp-content\/uploads\/2025\/05\/micocoulier-1-960x640.jpg\" alt=\"Un arbre abattu. Le bas du tronc et les racines sont toujours ancr\u00e9s.\" width=\"960\" height=\"640\"\/><br \/>\n    Un arbre abattu. Le bas du tronc et les racines sont toujours ancr\u00e9s. (\u00a9L\u00e9a Afonso \/ Actu Toulouse)<\/p>\n<p class=\" wall-content\">En attendant <a href=\"https:\/\/actu.fr\/occitanie\/toulouse_31555\/toulouse-la-place-jeanne-d-arc-va-etre-metamorphosee-voici-les-premieres-bases-du-projet_62320708.html\" rel=\"nofollow noopener\" target=\"_blank\">la grande transformation de la place Jeanne d\u2019Arc en 2029<\/a> \u2014 qui comprend une v\u00e9g\u00e9talisation et la suppression de la gare de bus, apr\u00e8s la mise en service de\u00a0<a href=\"https:\/\/actu.fr\/tag\/ligne-c-du-metro-de-toulouse\" rel=\"nofollow noopener\" target=\"_blank\">la ligne C du m\u00e9tro<\/a> \u2014 cet espace restera donc d\u00e9pourvu de ces deux micocouliers.<\/p>\n<p class=\" wall-content\">Suivez toute l\u2019actualit\u00e9 de vos villes et m\u00e9dias favoris en vous inscrivant \u00e0 <a href=\"https:\/\/moncompte.actu.fr\" title=\"D\u00e9couvez Mon Actu\" rel=\"nofollow noopener\" data-trk=\"{&quot;cta&quot;:{&quot;action&quot;:&quot;https:\\\/\\\/moncompte.actu.fr&quot;,&quot;category&quot;:&quot;mon compte&quot;,&quot;from&quot;:&quot;article footer&quot;,&quot;name&quot;:&quot;Mon actu&quot;,&quot;type&quot;:&quot;cta&quot;}}\" target=\"_blank\">Mon Actu<\/a>.<\/p>\n","protected":false},"excerpt":{"rendered":"Par L\u00e9a Afonso Publi\u00e9 le 16 mai 2025 \u00e0 13h30 Alors qu\u2019ils \u00e9taient au centre de l\u2019actualit\u00e9 en&hellip;\n","protected":false},"author":2,"featured_media":104317,"comment_status":"","ping_status":"","sticky":false,"template":"","format":"standard","meta":{"footnotes":""},"categories":[2816],"tags":[1111,11,1777,674,1011,27,12,2680,25,104,2312,1352],"class_list":{"0":"post-104316","1":"post","2":"type-post","3":"status-publish","4":"format-standard","5":"has-post-thumbnail","7":"category-toulouse","8":"tag-actu","9":"tag-actualites","10":"tag-eu","11":"tag-europe","12":"tag-fr","13":"tag-france","14":"tag-news","15":"tag-occitanie","16":"tag-republique-francaise","17":"tag-societe","18":"tag-toulouse","19":"tag-urbanisme"},"share_on_mastodon":{"url":"https:\/\/pubeurope.com\/@fr\/114517341973335984","error":""},"_links":{"self":[{"href":"https:\/\/www.europesays.com\/fr\/wp-json\/wp\/v2\/posts\/104316","targetHints":{"allow":["GET"]}}],"collection":[{"href":"https:\/\/www.europesays.com\/fr\/wp-json\/wp\/v2\/posts"}],"about":[{"href":"https:\/\/www.europesays.com\/fr\/wp-json\/wp\/v2\/types\/post"}],"author":[{"embeddable":true,"href":"https:\/\/www.europesays.com\/fr\/wp-json\/wp\/v2\/users\/2"}],"replies":[{"embeddable":true,"href":"https:\/\/www.europesays.com\/fr\/wp-json\/wp\/v2\/comments?post=104316"}],"version-history":[{"count":0,"href":"https:\/\/www.europesays.com\/fr\/wp-json\/wp\/v2\/posts\/104316\/revisions"}],"wp:featuredmedia":[{"embeddable":true,"href":"https:\/\/www.europesays.com\/fr\/wp-json\/wp\/v2\/media\/104317"}],"wp:attachment":[{"href":"https:\/\/www.europesays.com\/fr\/wp-json\/wp\/v2\/media?parent=104316"}],"wp:term":[{"taxonomy":"category","embeddable":true,"href":"https:\/\/www.europesays.com\/fr\/wp-json\/wp\/v2\/categories?post=104316"},{"taxonomy":"post_tag","embeddable":true,"href":"https:\/\/www.europesays.com\/fr\/wp-json\/wp\/v2\/tags?post=104316"}],"curies":[{"name":"wp","href":"https:\/\/api.w.org\/{rel}","templated":true}]}}