{"id":104318,"date":"2025-05-16T11:45:10","date_gmt":"2025-05-16T11:45:10","guid":{"rendered":"https:\/\/www.europesays.com\/fr\/104318\/"},"modified":"2025-05-16T11:45:10","modified_gmt":"2025-05-16T11:45:10","slug":"toulouse-la-guinguette-de-ce-quartier-en-mutation-ouvre-pour-une-derniere-saison-festive","status":"publish","type":"post","link":"https:\/\/www.europesays.com\/fr\/104318\/","title":{"rendered":"Toulouse. La guinguette de ce quartier en mutation ouvre pour une derni\u00e8re saison\u2026 festive\u00a0!"},"content":{"rendered":"<p>            Par<br \/>\n        <strong><br \/>\n            <a href=\"https:\/\/actu.fr\/auteur\/mareva-laville-actu-fr\" title=\"Consulter tous les articles de Mar\u00e9va Laville\" target=\"_blank\" rel=\"noopener\">Mar\u00e9va Laville<\/a><br \/>\n        <\/strong><\/p>\n<p>        Publi\u00e9 le<\/p>\n<p>            16 mai 2025 \u00e0 13h22        <\/p>\n<p>Elle est, pour le coup, vraiment <strong>\u00e9ph\u00e9m\u00e8re<\/strong>. La guinguette de la<strong> Maison Malep\u00e8re,<\/strong> v\u00e9ritable <strong>tiers-lieu culturel et social<\/strong> au sein du <a href=\"https:\/\/actu.fr\/occitanie\/toulouse_31555\/l-une-des-futures-plus-grandes-places-de-toulouse-sort-de-terre-au-coeur-d-un-nouveau-quartier_62141111.html\" target=\"_blank\" rel=\"noopener\">quartier Malep\u00e8re<\/a> \u00e0 <a href=\"http:\/\/www.actu.fr\/toulouse\" target=\"_blank\" rel=\"noopener\"><strong>Toulouse<\/strong><\/a>, va rouvrir ses portes ce vendredi 16\u00a0mai 2025, \u00e0 18\u00a0heures. Le d\u00e9but d\u2019une nouvelle, mais surtout<strong> derni\u00e8re saison estivale.<\/strong><\/p>\n<p class=\" wall-content\"><a href=\"https:\/\/actu.fr\/occitanie\/toulouse_31555\/toulouse-food-trucks-soirees-barbecue-concerts-une-guinguette-festive-ouvre-dans-un-quartier_51111690.html\" target=\"_blank\" rel=\"noopener\">Celle qui a vu le jour en 2021<\/a> et qui ne devait rester qu\u2019une ann\u00e9e, aura finalement dur\u00e9 quatre ans. \u00ab\u2009C\u2019\u00e9tait un projet d\u2019urbanisme transitoire en lien avec le <strong>chantier de la ZAC Malep\u00e8re,<\/strong> mais avec les d\u00e9lais de construction, on a finalement pu continuer pendant plus longtemps\u2009\u00bb, explique <strong>Juliette Ravel<\/strong>, de l\u2019agence porteuse du projet, Intercalaire, rejointe ensuite par Playtime.<\/p>\n<p>Une immanquable derni\u00e8re saison<\/p>\n<p class=\" wall-content\">Pendant que <a href=\"https:\/\/actu.fr\/occitanie\/toulouse_31555\/toulouse-sous-les-yeux-inquiets-des-habitants-ce-quartier-se-transforme_60192813.html\" target=\"_blank\" rel=\"noopener\">le quartier continue sa mue<\/a> (bien avanc\u00e9e), la Maison Malep\u00e8re entend donc bien poursuivre sa mission au-del\u00e0 de sa <strong>derni\u00e8re saison. <\/strong>Et c\u2019est pour cette raison que le fil rouge de cette quatri\u00e8me ann\u00e9e d\u2019existence s\u2019intitule \u00ab\u2009Des liens au-del\u00e0 des lieux\u2009\u00bb.<\/p>\n<blockquote class=\"ac-article-quote wall-content\">\n<p>On veut que tous les liens cr\u00e9\u00e9s ici entre les habitants, les collectifs d&rsquo;artistes et les associations de quartier puissent perdurer sans l&rsquo;existence des murs de la Maison.<\/p>\n<p>    <strong>Juliette Ravel<\/strong><br \/>\n        animatrice du site pour l&rsquo;agence Intercalaire    <\/p><\/blockquote>\n<p class=\" wall-content\">Le d\u00e9cor et l\u2019ambiance promettent donc d\u2019\u00eatre <strong>hautes en couleurs<\/strong> pour c\u00e9l\u00e9brer ce qui a \u00e9t\u00e9 fait et ce qu\u2019il reste \u00e0 faire. Inspiration <a href=\"https:\/\/actu.fr\/occitanie\/toulouse_31555\/toulouse-vouee-a-etre-detruite-en-juillet-cette-maison-coloree-prolonge-les-festivites_61364020.html\" target=\"_blank\" rel=\"noopener\">Maison Babayaga,<\/a> carnaval br\u00e9silien, guinguette et feux d\u2019artifice\u2009!<\/p>\n<p>Un bal br\u00e9silien pour l\u2019ouverture<\/p>\n<p class=\" wall-content\">Pour d\u00e9marrer cette nouvelle et derni\u00e8re saison en grandes pompes, la Maison Malep\u00e8re organise ce<strong> vendredi 16\u00a0mai 2025 \u00e0 20h30,<\/strong> jour de son ouverture, un <strong>bal br\u00e9silien<\/strong> en pr\u00e9sence de la chanteuse Leni Verissimo, avec Marcus Thiel \u00e0 l\u2019accord\u00e9on, Lucas Tozetti Madi \u00e0 la guitare et Carlos Eduardo Vieira Souza \u00e0 la zabumba. Un coup d\u2019envoi rythm\u00e9, \u00e0 l\u2019image des mois \u00e0 venir.<\/p>\n<p>Vid\u00e9os : en ce moment sur Actu<br \/>\n      <img   decoding=\"async\" loading=\"lazy\" src=\"https:\/\/www.europesays.com\/fr\/wp-content\/uploads\/2025\/05\/maison-malepere-airimage-081371-bd-960x640.jpg\" alt=\"Chaque samedi mettra un point d'orgue \u00e0 la musique avec des concerts organis\u00e9s r\u00e9guli\u00e8rement. Mais ce vendredi 16 mai 2025, pour l'ouverture de la saison, un bal br\u00e9silien aura lieu ! \" width=\"960\" height=\"640\"\/><br \/>\n    Chaque samedi mettra un point d\u2019orgue \u00e0 la musique avec des concerts organis\u00e9s r\u00e9guli\u00e8rement. Mais ce vendredi 16\u00a0mai 2025, pour l\u2019ouverture de la saison, un bal br\u00e9silien aura lieu\u2009! (\u00a9AirImage \u2013 Oppid\u00e9a)Des concerts et un festival tout au long de l\u2019\u00e9t\u00e9<\/p>\n<p class=\" wall-content\">Plusieurs <strong>concerts<\/strong> <strong>gratuits<\/strong> seront organis\u00e9s tout au long de cette fin de printemps et de l\u2019\u00e9t\u00e9 \u00e0 la Maison Malep\u00e8re.<\/p>\n<p class=\" wall-content\">Les dates \u00e0 noter\u2009? Le 24\u00a0mai pour un duo \u00ab\u2009Pop Pop\u2009\u00bb, le 31\u00a0mai pour les chanteurs Mat\u00e9o Langlois et le groupe Nox Canina, le 7\u00a0juin pour un Bluegrass f\u00e9minin, le 14\u00a0juin pour une sc\u00e8ne plus \u00e9lectro, le 21\u00a0juin pour un concert aux sonorit\u00e9s r\u00e9unionnaises, le 28\u00a0juin pour un m\u00e9lange de jazz et \u00e9lectro, le 5\u00a0juillet pour une soir\u00e9e saxo, le 12\u00a0juillet pour le groupe Lenny Marsouin, le 19\u00a0juillet pour un \u00ab\u2009Souk tropical\u2009\u00bb, et les 25 et 26\u00a0juillet pour un Open air.<\/p>\n<p class=\" wall-content\">\u00c0 mi-chemin, un<strong> festival pour les enfants<\/strong> nomm\u00e9 R\u00e9cr\u00e9Ation aura lieu du 26 au 28\u00a0juin, avec des ateliers, des spectacles de cirque, des contes, des artistes\u2026<\/p>\n<p>Soir\u00e9es jeux, concerts et d\u00e9bats\u2009: un programme vari\u00e9<\/p>\n<p class=\" wall-content\">Et c\u2019est encore sans compter le \u00ab\u2009programme\u2009\u00bb fixe. Toutes les semaines, du jeudi au samedi, la Maison Malep\u00e8re s\u2019animera. Le jeudi \u00ab\u2009pour les assos\u2009\u00bb, le vendredi \u00ab\u2009pour le quartier\u2009\u00bb, le samedi \u00ab\u2009pour la musique\u2009\u00bb.<\/p>\n<p class=\" wall-content\"><strong>Projections<\/strong>, d\u00e9bats, <strong>conf\u00e9rences<\/strong> seront donc au menu du jeudi \u00ab\u2009pour laisser la place aux th\u00e9matiques qui nous tiennent \u00e0 c\u0153ur\u2009\u00bb, ajoute l\u2019organisation. Le vendredi, les soir\u00e9es se rythmeront par des activit\u00e9s organis\u00e9es pour et par les habitants, des d\u00e9p\u00f4ts de <strong>paniers de l\u00e9gumes<\/strong> \u00e0 se partager, et des<strong> soir\u00e9es jeux<\/strong>. Enfin, le samedi, les<strong> groupes de musique,<\/strong> aussi \u00e9clectiques soient-ils, animeront les soir\u00e9es.<\/p>\n<p class=\" wall-content\">Le tout, agr\u00e9ment\u00e9s d\u2019espaces pour jouer \u00e0 la <strong>p\u00e9tanque<\/strong>, au <strong>M\u00f6lkky<\/strong> ou au<strong> palet breton<\/strong>, et de lieux de d\u00e9tentes avec des transats, des tables et des chaises sur lesquelles se poser avec une pizza, pourquoi pas, du<strong> food truck Pizza Basilico.<\/strong><\/p>\n<p>Un bal de cl\u00f4ture<\/p>\n<p class=\" wall-content\">Le mois d\u2019ao\u00fbt marquera la pause traditionnelle, mais pas la fin. Non, la fin, elle, m\u00e9rite bien davantage. Ainsi, samedi 6\u00a0septembre 2025, la Maison Malep\u00e8re promet un v\u00e9ritable <strong>bouquet final.<\/strong> <strong>Bal Pop<\/strong> en compagnie de Johnny Malam et L\u00e9o Kamisa cl\u00f4turera la derni\u00e8re saison en beaut\u00e9, d\u00e8s 20h30\u2009!<\/p>\n<p>    <a href=\"https:\/\/www.google.com\/maps\/embed?pb=!1m18!1m12!1m3!1d4449.350059132147!2d1.5010176773228177!3d43.565961171106515!2m3!1f0!2f0!3f0!3m2!1i1024!2i768!4f13.1!3m3!1m2!1s0x12aebdc3cf003ac9%3A0xfdad37c57e4a4946!2sRue%20Nouadhibou%2C%2031400%20Toulouse!5e1!3m2!1sfr!2sfr!4v1747390288167!5m2!1sfr!2sfr\" title=\"Ouvrie le lien\" target=\"_blank\" rel=\"noopener\">Cliquez ici pour visualiser le contenu<\/a><\/p>\n<p><strong>Infos pratiques<\/strong><br \/>Maison Malep\u00e8re<br \/>Rue Nouhadibou, 31400 Toulouse<br \/>Ouvert le jeudi de 17h \u00e0 23h, le vendredi et samedi de 18h \u00e0 0h<br \/>Pour se garer, de nombreuses places de parking gratuites et pour voitures, motos et v\u00e9los existent.<\/p>\n<p class=\" wall-content\">Suivez toute l\u2019actualit\u00e9 de vos villes et m\u00e9dias favoris en vous inscrivant \u00e0 <a href=\"https:\/\/moncompte.actu.fr\" title=\"D\u00e9couvez Mon Actu\" rel=\"nofollow noopener\" data-trk=\"{&quot;cta&quot;:{&quot;action&quot;:&quot;https:\\\/\\\/moncompte.actu.fr&quot;,&quot;category&quot;:&quot;mon compte&quot;,&quot;from&quot;:&quot;article footer&quot;,&quot;name&quot;:&quot;Mon actu&quot;,&quot;type&quot;:&quot;cta&quot;}}\" target=\"_blank\">Mon Actu<\/a>.<\/p>\n","protected":false},"excerpt":{"rendered":"Par Mar\u00e9va Laville Publi\u00e9 le 16 mai 2025 \u00e0 13h22 Elle est, pour le coup, vraiment \u00e9ph\u00e9m\u00e8re. La&hellip;\n","protected":false},"author":2,"featured_media":104319,"comment_status":"","ping_status":"","sticky":false,"template":"","format":"standard","meta":{"footnotes":""},"categories":[2816],"tags":[1111,11,1697,1777,674,1011,27,5691,14574,1305,12,2680,25,2312],"class_list":{"0":"post-104318","1":"post","2":"type-post","3":"status-publish","4":"format-standard","5":"has-post-thumbnail","7":"category-toulouse","8":"tag-actu","9":"tag-actualites","10":"tag-concert","11":"tag-eu","12":"tag-europe","13":"tag-fr","14":"tag-france","15":"tag-guinguette","16":"tag-guinguettes-a-toulouse","17":"tag-lifestyle","18":"tag-news","19":"tag-occitanie","20":"tag-republique-francaise","21":"tag-toulouse"},"share_on_mastodon":{"url":"https:\/\/pubeurope.com\/@fr\/114517345857271841","error":""},"_links":{"self":[{"href":"https:\/\/www.europesays.com\/fr\/wp-json\/wp\/v2\/posts\/104318","targetHints":{"allow":["GET"]}}],"collection":[{"href":"https:\/\/www.europesays.com\/fr\/wp-json\/wp\/v2\/posts"}],"about":[{"href":"https:\/\/www.europesays.com\/fr\/wp-json\/wp\/v2\/types\/post"}],"author":[{"embeddable":true,"href":"https:\/\/www.europesays.com\/fr\/wp-json\/wp\/v2\/users\/2"}],"replies":[{"embeddable":true,"href":"https:\/\/www.europesays.com\/fr\/wp-json\/wp\/v2\/comments?post=104318"}],"version-history":[{"count":0,"href":"https:\/\/www.europesays.com\/fr\/wp-json\/wp\/v2\/posts\/104318\/revisions"}],"wp:featuredmedia":[{"embeddable":true,"href":"https:\/\/www.europesays.com\/fr\/wp-json\/wp\/v2\/media\/104319"}],"wp:attachment":[{"href":"https:\/\/www.europesays.com\/fr\/wp-json\/wp\/v2\/media?parent=104318"}],"wp:term":[{"taxonomy":"category","embeddable":true,"href":"https:\/\/www.europesays.com\/fr\/wp-json\/wp\/v2\/categories?post=104318"},{"taxonomy":"post_tag","embeddable":true,"href":"https:\/\/www.europesays.com\/fr\/wp-json\/wp\/v2\/tags?post=104318"}],"curies":[{"name":"wp","href":"https:\/\/api.w.org\/{rel}","templated":true}]}}