{"id":104324,"date":"2025-05-16T11:48:08","date_gmt":"2025-05-16T11:48:08","guid":{"rendered":"https:\/\/www.europesays.com\/fr\/104324\/"},"modified":"2025-05-16T11:48:08","modified_gmt":"2025-05-16T11:48:08","slug":"gerard-bertrand-un-pilier-du-vin-francais-de-passage-a-marseille","status":"publish","type":"post","link":"https:\/\/www.europesays.com\/fr\/104324\/","title":{"rendered":"G\u00e9rard Bertrand, un pilier du vin fran\u00e7ais de passage \u00e0 Marseille"},"content":{"rendered":"<p>Grande silhouette athl\u00e9tique et verbe fort. Il reste chez G\u00e9rard Bertrand quelque chose du joueur de rugby de haut niveau qu\u2019il a \u00e9t\u00e9 dans les ann\u00e9es\u00a080.<\/p>\n<p>Mais \u00e0 60\u00a0ans, c\u2019est pour sa deuxi\u00e8me carri\u00e8re qu\u2019il est finalement reconnu. En\u00a01987, son p\u00e8re vigneron d\u00e9c\u00e8de dans un accident de voiture. Il prend son relais plus t\u00f4t que pr\u00e9vu \u00e0 la t\u00eate du domaine familial, le ch\u00e2teau Villemajou dans les Corbi\u00e8res (Aude).<\/p>\n<p>Pr\u00e8s de quarante ans plus tard, le groupe viticole <a href=\"https:\/\/www.gerard-bertrand.com\/products\/la-grande-bleue-bio-75cl-2024?srsltid=AfmBOoq4zR0Pi4gZDJp7nIT_Qvse6LXUMgXLHWPCB135KRWlYrXb_RSq\" target=\"_blank\" rel=\"noopener\">G\u00e9rard Bertrand<\/a> affiche des statistiques impressionnantes\u00a0: dix-sept domaines r\u00e9partis dans le Languedoc (avec d\u00e9sormais aussi un pied en Cahors), plus grand vignoble men\u00e9 en biodynamie dans le monde (1\u00a0000 hectares), bon an mal an 200\u00a0millions d\u2019euros de chiffres d\u2019affaires, cr\u00e9ation du ros\u00e9 le plus cher du monde (Le Clos du Temple, 200\u00a0\u20ac la bouteille) mais aussi de toute une colonie de cuv\u00e9es \u00e0 9,90\u00a0\u20ac\u2026<\/p>\n<p>Le vigneron \u00e9tait le 28\u00a0avril \u00e0 Marseille, chez son ami restaurateur G\u00e9rald Passedat, dans un Petit Nice privatis\u00e9, pour la pr\u00e9sentation de sa derni\u00e8re cr\u00e9ation, la cuv\u00e9e <a href=\"https:\/\/www.gerard-bertrand.com\/products\/la-grande-bleue-bio-75cl-2024?srsltid=AfmBOoq4zR0Pi4gZDJp7nIT_Qvse6LXUMgXLHWPCB135KRWlYrXb_RSq\" target=\"_blank\" rel=\"noopener\">La Grande bleue<\/a>, un blanc en IGP m\u00e9diterran\u00e9e. La bouteille est aussi l\u2019occasion d\u2019un partenariat avec l\u2019ONG de d\u00e9fense des milieux marins <a href=\"https:\/\/oceana.org\/\" target=\"_blank\" rel=\"noopener\">Oceana<\/a>.<\/p>\n<p>Parcours, passions et avenir du vin, G\u00e9rard Bertrand nous a livr\u00e9 sa vision d\u2019un monde dont il est l\u2019un des acteurs majeurs en France et dans le monde.<\/p>\n<p><strong>Pourquoi cette cuv\u00e9e La Grande bleue et le partenariat avec l\u2019ONG Oceana\u00a0?<\/strong>&#13;\n<\/p>\n<p>Dans les trente derni\u00e8res ann\u00e9es, on a perdu 40\u00a0% de la biodiversit\u00e9 marine, les fonds marins sont d\u00e9grad\u00e9s, on d\u00e9truit les coraux. \u00c7a n\u2019aurait pas de sens de mener mes domaines en biodynamie et de ne pas \u00eatre sensible \u00e0 \u00e7a. Il ne s\u2019agit pas de renverser la table, de pointer du doigt, mais on ne peut plus faire comme si de rien n\u2019\u00e9tait, on doit faire \u00e9voluer les consciences et changer nos pratiques.<\/p>\n","protected":false},"excerpt":{"rendered":"Grande silhouette athl\u00e9tique et verbe fort. Il reste chez G\u00e9rard Bertrand quelque chose du joueur de rugby de&hellip;\n","protected":false},"author":2,"featured_media":104325,"comment_status":"","ping_status":"","sticky":false,"template":"","format":"standard","meta":{"footnotes":""},"categories":[2814],"tags":[17,1111,11,22108,33,1777,674,1011,3844,27,8294,884,12,15199,20488,882,25,1662],"class_list":{"0":"post-104324","1":"post","2":"type-post","3":"status-publish","4":"format-standard","5":"has-post-thumbnail","7":"category-marseille","8":"tag-17","9":"tag-actu","10":"tag-actualites","11":"tag-bertrand","12":"tag-economie","13":"tag-eu","14":"tag-europe","15":"tag-fr","16":"tag-francais","17":"tag-france","18":"tag-gerard","19":"tag-marseille","20":"tag-news","21":"tag-passage","22":"tag-pilier","23":"tag-provence-alpes-cote-dazur","24":"tag-republique-francaise","25":"tag-vin"},"share_on_mastodon":{"url":"https:\/\/pubeurope.com\/@fr\/114517357663872843","error":""},"_links":{"self":[{"href":"https:\/\/www.europesays.com\/fr\/wp-json\/wp\/v2\/posts\/104324","targetHints":{"allow":["GET"]}}],"collection":[{"href":"https:\/\/www.europesays.com\/fr\/wp-json\/wp\/v2\/posts"}],"about":[{"href":"https:\/\/www.europesays.com\/fr\/wp-json\/wp\/v2\/types\/post"}],"author":[{"embeddable":true,"href":"https:\/\/www.europesays.com\/fr\/wp-json\/wp\/v2\/users\/2"}],"replies":[{"embeddable":true,"href":"https:\/\/www.europesays.com\/fr\/wp-json\/wp\/v2\/comments?post=104324"}],"version-history":[{"count":0,"href":"https:\/\/www.europesays.com\/fr\/wp-json\/wp\/v2\/posts\/104324\/revisions"}],"wp:featuredmedia":[{"embeddable":true,"href":"https:\/\/www.europesays.com\/fr\/wp-json\/wp\/v2\/media\/104325"}],"wp:attachment":[{"href":"https:\/\/www.europesays.com\/fr\/wp-json\/wp\/v2\/media?parent=104324"}],"wp:term":[{"taxonomy":"category","embeddable":true,"href":"https:\/\/www.europesays.com\/fr\/wp-json\/wp\/v2\/categories?post=104324"},{"taxonomy":"post_tag","embeddable":true,"href":"https:\/\/www.europesays.com\/fr\/wp-json\/wp\/v2\/tags?post=104324"}],"curies":[{"name":"wp","href":"https:\/\/api.w.org\/{rel}","templated":true}]}}