{"id":104328,"date":"2025-05-16T11:50:10","date_gmt":"2025-05-16T11:50:10","guid":{"rendered":"https:\/\/www.europesays.com\/fr\/104328\/"},"modified":"2025-05-16T11:50:10","modified_gmt":"2025-05-16T11:50:10","slug":"pres-de-lyon-4-blesses-dans-un-carambolage-sur-le-peripherique","status":"publish","type":"post","link":"https:\/\/www.europesays.com\/fr\/104328\/","title":{"rendered":"Pr\u00e8s de Lyon : 4 bless\u00e9s dans un carambolage sur le p\u00e9riph\u00e9rique"},"content":{"rendered":"<p>Un grave accident s&rsquo;est produit sur le boulevard p\u00e9riph\u00e9rique Laurent Bonnevay, \u00e0 Bron, dans la soir\u00e9e du jeudi 15 mai. Quatre personnes ont \u00e9t\u00e9 bless\u00e9es, dont une gravement. Deux individus, impliqu\u00e9s dans l&rsquo;accident, ont pris la fuite.<\/p>\n<p>Ce <b>carambolage<\/b> dans l&rsquo;agglom\u00e9ration lyonnaise. Jeudi 15 mai, vers 23h, sept v\u00e9hicules ont \u00e9t\u00e9 victimes d&rsquo;un accident sur le p\u00e9riph\u00e9rique Laurent Bonnevay, \u00e0 <b>Bron<\/b>, au niveau de la sortie n\u00b012, en direction du sud.<\/p>\n<p>Quatre bless\u00e9s, deux personnes recherch\u00e9es par la police<\/p>\n<p>Les circonstances de cette multiple collision restent \u00e0 d\u00e9terminer, mais le bilan est lourd : <b>quatre bless\u00e9s, dont une femme dans un \u00e9tat grave<\/b>.<\/p>\n<p>D&rsquo;apr\u00e8s les informations du <a class=\"url\" href=\"https:\/\/www.leprogres.fr\/faits-divers-justice\/2025\/05\/16\/quatre-blesses-dont-un-grave-dans-une-collision-entre-sept-vehicules-sur-le-peripherique\" target=\"_blank\" rel=\"nofollow noopener\">Progr\u00e8s<\/a>, deux autres personnes se sont enfuies avant l&rsquo;arriv\u00e9e de la police.<\/p>\n<p>Pour le moment, la raison de leur fuite est inconnue. Ces deux individus sont recherch\u00e9s par la CRS Autorouti\u00e8re et une enqu\u00eate est en cours.<\/p>\n<p><img loading=\"lazy\" decoding=\"async\" src=\"https:\/\/www.europesays.com\/fr\/wp-content\/uploads\/2025\/05\/1747396210_499_img\" width=\"350\" height=\"200\" border=\"0\" title=\"La mont\u00c3\u00a9e de la Boucle est ferm\u00c3\u00a9e dans les deux sens de circulation\"\/><\/p>\n<p>\u25baTrafic<\/p>\n<p style=\"font-size: 22px;\"><b>Lyon : la mont\u00e9e de la Boucle va bien rouvrir ce vendredi !<\/b><\/p>\n<p>La mont\u00e9e de la Boucle, entre Lyon et Caluire-et-Cuire,&#8230;<\/p>\n<p><\/p>\n","protected":false},"excerpt":{"rendered":"Un grave accident s&rsquo;est produit sur le boulevard p\u00e9riph\u00e9rique Laurent Bonnevay, \u00e0 Bron, dans la soir\u00e9e du jeudi&hellip;\n","protected":false},"author":2,"featured_media":104329,"comment_status":"","ping_status":"","sticky":false,"template":"","format":"standard","meta":{"footnotes":""},"categories":[1889],"tags":[119,1111,11,2430,9492,7725,1777,674,6017,1011,27,22110,2428,12,22109,25],"class_list":{"0":"post-104328","1":"post","2":"type-post","3":"status-publish","4":"format-standard","5":"has-post-thumbnail","7":"category-lyon","8":"tag-accident","9":"tag-actu","10":"tag-actualites","11":"tag-auvergne-rhone-alpes","12":"tag-bron","13":"tag-carambolage","14":"tag-eu","15":"tag-europe","16":"tag-fait-divers","17":"tag-fr","18":"tag-france","19":"tag-laurent-bonnevay","20":"tag-lyon","21":"tag-news","22":"tag-priphrique","23":"tag-republique-francaise"},"share_on_mastodon":{"url":"https:\/\/pubeurope.com\/@fr\/114517365537933677","error":""},"_links":{"self":[{"href":"https:\/\/www.europesays.com\/fr\/wp-json\/wp\/v2\/posts\/104328","targetHints":{"allow":["GET"]}}],"collection":[{"href":"https:\/\/www.europesays.com\/fr\/wp-json\/wp\/v2\/posts"}],"about":[{"href":"https:\/\/www.europesays.com\/fr\/wp-json\/wp\/v2\/types\/post"}],"author":[{"embeddable":true,"href":"https:\/\/www.europesays.com\/fr\/wp-json\/wp\/v2\/users\/2"}],"replies":[{"embeddable":true,"href":"https:\/\/www.europesays.com\/fr\/wp-json\/wp\/v2\/comments?post=104328"}],"version-history":[{"count":0,"href":"https:\/\/www.europesays.com\/fr\/wp-json\/wp\/v2\/posts\/104328\/revisions"}],"wp:featuredmedia":[{"embeddable":true,"href":"https:\/\/www.europesays.com\/fr\/wp-json\/wp\/v2\/media\/104329"}],"wp:attachment":[{"href":"https:\/\/www.europesays.com\/fr\/wp-json\/wp\/v2\/media?parent=104328"}],"wp:term":[{"taxonomy":"category","embeddable":true,"href":"https:\/\/www.europesays.com\/fr\/wp-json\/wp\/v2\/categories?post=104328"},{"taxonomy":"post_tag","embeddable":true,"href":"https:\/\/www.europesays.com\/fr\/wp-json\/wp\/v2\/tags?post=104328"}],"curies":[{"name":"wp","href":"https:\/\/api.w.org\/{rel}","templated":true}]}}