{"id":1043419,"date":"2026-07-04T18:09:25","date_gmt":"2026-07-04T18:09:25","guid":{"rendered":"https:\/\/www.europesays.com\/fr\/1043419\/"},"modified":"2026-07-04T18:09:25","modified_gmt":"2026-07-04T18:09:25","slug":"iphone-fold-prix-date-de-sortie-dimensions-tout-ce-que-lon-sait","status":"publish","type":"post","link":"https:\/\/www.europesays.com\/fr\/1043419\/","title":{"rendered":"iPhone Fold : prix, date de sortie, dimensions, tout ce que l&rsquo;on sait"},"content":{"rendered":"<p>Apple s\u2019appr\u00eate \u00e0 lancer son premier smartphone pliant, probablement nomm\u00e9 iPhone Ultra, en 2026. Le design inclura un \u00e9cran externe de 5,3 \u00e0 5,5 pouces et un \u00e9cran interne de 7,8 pouces, avec des am\u00e9liorations potentielles sur la visibilit\u00e9 de la pliure. Le prix pourrait d\u00e9passer les 2000 euros, avec des caract\u00e9ristiques haut de gamme comme la puce A20 Pro et 12 Go de RAM.<\/p>\n<p>Apr\u00e8s la sortie de l\u2019<a href=\"https:\/\/www.01net.com\/actualites\/an-test-apple-vision-pro-toujours-flou.html\" rel=\"nofollow noopener\" target=\"_blank\">Apple Vision Pro<\/a>, l\u2019<a href=\"https:\/\/www.01net.com\/actualites\/apple-aurait-annule-son-projet-de-voiture-electrique.html\" rel=\"nofollow noopener\" target=\"_blank\">annulation de l\u2019Apple Car<\/a>, la pr\u00e9sentation du <a href=\"https:\/\/www.01net.com\/actualites\/macbook-neo-apple-a-cree-un-monstre-de-ventes-a-699-euros-et-ne-peut-plus-suivre-la-demande.html\" rel=\"nofollow noopener\" target=\"_blank\">MacBook pas cher sous la forme du Neo<\/a>, l\u2019heure est bient\u00f4t venue de lever le voile sur l\u2019ultime arl\u00e9sienne d\u2019Apple\u00a0: son <a href=\"https:\/\/www.01net.com\/tag\/iphone-fold\/\" rel=\"nofollow noopener\" target=\"_blank\">premier iPhone pliant<\/a>. Alors que presque toutes les marques se sont essay\u00e9es \u00e0 l\u2019exercice du <a href=\"https:\/\/www.01net.com\/guide-achat\/meilleur-smartphone-pliable-quel-telephone-pliant-choisir.html\" rel=\"nofollow noopener\" target=\"_blank\">smartphone pliant<\/a>, la firme de Cupertino a, comme \u00e0 son habitude, attendu patiemment que la technologie mature pour sortir du bois.<\/p>\n<p>Alors, que nous ont pr\u00e9par\u00e9 les \u00e9quipes de Tim Cook, alors que son d\u00e9part approche \u00e0 grands pas\u00a0? Voici un r\u00e9sum\u00e9 des rumeurs les plus pertinentes, le plus condens\u00e9 possible. C\u2019est parti.<\/p>\n<p> Le nom ne serait pas celui qu\u2019on attend <\/p>\n<p>Commen\u00e7ons cet article par vous dire que nous avons menti. Car oui, si le titre vous parle de l\u2019iPhone Fold, petit surnom du premier smartphone pliant d\u2019Apple, la marque \u00e0 la pomme aurait <a href=\"https:\/\/www.01net.com\/actualites\/voici-comment-pourrait-sappeler-liphone-pliant-dapple.html\" rel=\"nofollow noopener\" target=\"_blank\">opt\u00e9 pour un tout autre nom\u00a0: iPhone Ultra<\/a>. L\u2019iPhone Air, d\u00e9voil\u00e9 en septembre 2025, a ouvert la voie \u00e0 la suppression du num\u00e9ro au profit d\u2019un nom qui sugg\u00e8re une toute nouvelle gamme.<\/p>\n<p>S\u2019il n\u2019est pas encore certain qu\u2019Apple l\u2019appellera ainsi, un gros indice nous laisse penser que ce sera bel et bien le cas\u00a0: Samsung aurait d\u00e9cid\u00e9 de renommer son traditionnel pliant Samsung Galaxy Z Fold\u00a08 Ultra.<\/p>\n<blockquote>\n<p>D\u00e9couvrez\u00a0: <a href=\"https:\/\/www.01net.com\/guide-achat\/meilleur-iphone.html\" rel=\"nofollow noopener\" target=\"_blank\">Quel iPhone choisir en juillet 2026<\/a><\/p>\n<\/blockquote>\n<p> Design\u00a0: le nouveau format portefeuille \u00e0 l\u2019honneur <\/p>\n<p><a href=\"https:\/\/www.01net.com\/actualites\/iphone-ultra-de-nouvelles-fuites-devoilent-un-design-deroutant.html\" rel=\"nofollow noopener\" target=\"_blank\">De nombreuses fuites<\/a> permettent d\u2019ores et d\u00e9j\u00e0 d\u2019avoir une id\u00e9e de ce \u00e0 quoi pourrait ressembler l\u2019iPhone Fold. Voici son portrait-robot\u00a0: seulement deux modules photo de 48\u00a0Mpx, un \u00e9cran externe au format assez large, tr\u00e8s diff\u00e9rent de ce que propose Samsung, par exemple, avec une diagonale de 5,3 \u00e0 5,5\u00a0pouces et un \u00e9cran interne en 4:3 de 7,8\u00a0pouces.<\/p>\n<p>  \t\t\t \t\t\t\t<a href=\"https:\/\/www.europesays.com\/fr\/wp-content\/uploads\/2026\/07\/iphone-pliant-fold-jon-prosser.jpg\"><img loading=\"lazy\" decoding=\"async\" width=\"1920\" height=\"1280\" src=\"https:\/\/www.europesays.com\/fr\/wp-content\/uploads\/2026\/07\/iphone-pliant-fold-jon-prosser.jpg\" class=\"attachment-full size-full\" alt=\"iPhone Pliant Fold Jon Prosser\" aria-describedby=\"gallery-1-1317450\"  \/><\/a> \t\t\t \t\t\t\t \t\t\t\t\u00a9 Jon Prosser \/ FrontPageTech \t\t\t\t \t\t\t \t\t\t\t<a href=\"https:\/\/www.europesays.com\/fr\/wp-content\/uploads\/2026\/07\/iphone-fold-pliant-jon-prosser-1.jpg\"><img loading=\"lazy\" decoding=\"async\" width=\"1920\" height=\"960\" src=\"https:\/\/www.europesays.com\/fr\/wp-content\/uploads\/2026\/07\/iphone-fold-pliant-jon-prosser-1.jpg\" class=\"attachment-full size-full\" alt=\"iPhone Fold Pliant Jon Prosser 1\" aria-describedby=\"gallery-1-1317456\"  \/><\/a> \t\t\t \t\t\t\t \t\t\t\t\u00a9 Jon Prosser \/ FrontPageTech \t\t\t\t \t\t\t \t\t\t\t<a href=\"https:\/\/www.europesays.com\/fr\/wp-content\/uploads\/2026\/07\/iphone-fold-pliant-jon-prosser-2.jpg\"><img loading=\"lazy\" decoding=\"async\" width=\"1920\" height=\"960\" src=\"https:\/\/www.europesays.com\/fr\/wp-content\/uploads\/2026\/07\/iphone-fold-pliant-jon-prosser-2.jpg\" class=\"attachment-full size-full\" alt=\"iPhone Fold Pliant Jon Prosser 2\" aria-describedby=\"gallery-1-1317451\"  \/><\/a> \t\t\t \t\t\t\t \t\t\t\t\u00a9 Jon Prosser \/ FrontPageTech \t\t\t\t \t\t\t \t\t\t\t<a href=\"https:\/\/www.europesays.com\/fr\/wp-content\/uploads\/2026\/07\/iphone-fold-pliant-jon-prosser.jpg\"><img loading=\"lazy\" decoding=\"async\" width=\"1920\" height=\"960\" src=\"https:\/\/www.europesays.com\/fr\/wp-content\/uploads\/2026\/07\/iphone-fold-pliant-jon-prosser.jpg\" class=\"attachment-full size-full\" alt=\"iPhone Fold Pliant Jon Prosser\" aria-describedby=\"gallery-1-1317452\"  \/><\/a> \t\t\t \t\t\t\t \t\t\t\t\u00a9 Jon Prosser \/ FrontPageTech \t\t\t\t \t\t  <\/p>\n<p>Le bloc photo devrait choisir un positionnement horizontal, mais le design du dos du smartphone porte encore \u00e0 pol\u00e9mique aupr\u00e8s des leakers. Certains voient bien une direction inspir\u00e9e de l\u2019iPhone\u00a017 Pro, avec une plaque centrale s\u00e9par\u00e9e du reste, d\u2019autres affirment qu\u2019Apple est parti dans la direction de l\u2019iPhone Air, avec un bloc photo en verre transparent plus ou moins long en fonction des th\u00e8ses.<\/p>\n<p>Niveau coloris, <a href=\"https:\/\/www.01net.com\/actualites\/iphone-ultra-seul-coloris-confirme-fuite-sur-cette-photo-volee.html\" rel=\"nofollow noopener\" target=\"_blank\">un seul a fait surface pour le moment, un coloris blanc<\/a> relativement simple, qui n\u2019est pas sans rappeler l\u2019iPhone Air.<\/p>\n<p> <img loading=\"lazy\" decoding=\"async\" class=\"size-full wp-image-1352555\" src=\"https:\/\/www.europesays.com\/fr\/wp-content\/uploads\/2026\/07\/iphone-ultra-maquette.jpg\" alt=\"iPhone Ultra Maquette\" width=\"1920\" height=\"1280\"  \/>\u00a9 Sonny Dickson (X\/@SonnyDickson) <\/p>\n<p>L\u00e0 encore, le plus gros indice nous vient des concurrents d\u2019Apple. Samsung pr\u00e9parerait un <a href=\"https:\/\/www.01net.com\/actualites\/galaxy-z-fold-8-wide-le-design-du-smartphone-anti-apple-de-samsung-se-devoile-en-rendus-3d.html\" rel=\"nofollow noopener\" target=\"_blank\">Galaxy Z Fold\u00a08 au format wide<\/a>, Huawei insiste sur ce format que la marque chinoise a d\u2019ailleurs \u00e9t\u00e9 la premi\u00e8re \u00e0 explorer avec son Pura, et <a href=\"https:\/\/www.01net.com\/actualites\/futur-design-iphone-samsung-pliants-va-tout-changer.html\" rel=\"nofollow noopener\" target=\"_blank\">d\u00e9sormais son Pura X<\/a>.<\/p>\n<p> \u00c9cran\u00a0: pliure ou pas pliure\u00a0? <\/p>\n<p>Parmi les points les plus scrut\u00e9s au lancement, la question de la pliure et de son caract\u00e8re visible devrait faire couler assur\u00e9ment beaucoup d\u2019encre. S\u2019il n\u2019est pas possible de connaitre les plans exacts d\u2019Apple en la mati\u00e8re, deux \u00e9l\u00e9ments laissent \u00e0 penser que l\u2019iPhone Ultra devrait \u00eatre un tr\u00e8s tr\u00e8s bon \u00e9l\u00e8ve l\u00e0-dessus.<\/p>\n<p>Le premier \u00e9l\u00e9ment, c\u2019est tout simplement la philosophie d\u2019Apple. La marque \u00e0 la pomme est rarement la premi\u00e8re sur un march\u00e9, mais lorsqu\u2019elle se lance, c\u2019est que la technologie est jug\u00e9e mature. Or, pour beaucoup d\u2019utilisateurs-rices, l\u2019absence de pliure est la condition sine qua non pour s\u2019int\u00e9resser \u00e0 ce format.<\/p>\n<p> <img loading=\"lazy\" decoding=\"async\" class=\"size-full wp-image-1317457\" src=\"https:\/\/www.europesays.com\/fr\/wp-content\/uploads\/2026\/07\/iphone-fold-pliant-jon-prosser-3.jpg\" alt=\"iPhone Fold Pliant Jon Prosser 3\" width=\"1920\" height=\"960\"  \/>\u00a9 Jon Prosser \/ FrontPageTech <\/p>\n<p>Deuxi\u00e8me \u00e9l\u00e9ment\u00a0: nous avons d\u00e9j\u00e0 aper\u00e7u <a href=\"https:\/\/www.01net.com\/actualites\/samsung-plus-gros-defaut-smartphones-pliants-appartient-passe.html\" rel=\"nofollow noopener\" target=\"_blank\">de nos propres yeux des \u00e9crans pliants o\u00f9 la pliure \u00e9tait invisible<\/a>. Soit sur le stand du CES 2026 de Samsung Displays, la branche du g\u00e9ant cor\u00e9en qui fabrique des \u00e9crans pour toute l\u2019industrie, soit dans des produits commercialis\u00e9s comme le <a href=\"https:\/\/www.01net.com\/actualites\/prise-en-main-oppo-find-n6-le-smartphone-pliant-dont-revent-samsung-et-apple.html\" rel=\"nofollow noopener\" target=\"_blank\">Oppo Find\u00a0N6<\/a>. La technologie existe donc bel et bien, ouvrant la voie \u00e0 une entr\u00e9e d\u2019Apple.<\/p>\n<p> iOS s\u2019iPadiserait\u00a0? <\/p>\n<p>Quelle interface pour soutenir tout cela\u00a0? L\u2019iPhone Ultra a d\u2019ores et d\u00e9j\u00e0 <a href=\"https:\/\/www.01net.com\/actualites\/liphone-pliant-dapple-se-cache-dans-le-code-dios-27.html\" rel=\"nofollow noopener\" target=\"_blank\">\u00e9t\u00e9 entraper\u00e7u dans le code d\u2019iOS<\/a>. Il y est \u00e9voqu\u00e9 un \u00e9tat pli\u00e9, un second \u00e9cran ou encore un degr\u00e9 d\u2019inclinaison. L\u2019occasion d\u2019imaginer, d\u00e9j\u00e0, les usages qui pourraient d\u00e9couler de cette \u00e9volution. Le code laisse entendre qu\u2019il sera possible d\u2019agrandir les widgets pour qu\u2019ils occupent une pleine page, ou encore d\u2019utiliser l\u2019iPhone mirroring au format iPad.<\/p>\n<p> <img loading=\"lazy\" decoding=\"async\" class=\"size-full wp-image-1189713\" src=\"https:\/\/www.europesays.com\/fr\/wp-content\/uploads\/2026\/07\/iphone-pliant.jpg\" alt=\"Iphone Pliant\" width=\"1500\" height=\"1000\"  \/>\u00a9 Foldable.News <\/p>\n<p>iOS, \u00e0 l\u2019instar d\u2019Android sur les pliants, serait oblig\u00e9 de s\u2019adapter pour profiter du grand \u00e9cran. <a href=\"https:\/\/www.01net.com\/actualites\/liphone-pliant-aurait-droit-a-une-interface-tres-speciale.html\" rel=\"nofollow noopener\" target=\"_blank\">L\u2019interface introduirait ainsi le tiroir lat\u00e9ral pour les options<\/a> ainsi que l\u2019introduction d\u2019un affichage multit\u00e2che.<\/p>\n<p>De fa\u00e7on plus g\u00e9n\u00e9rale, les d\u00e9veloppeurs seraient invit\u00e9s \u00e0 coder leurs applications pour qu\u2019elles s\u2019adaptent \u00e0 des tailles d\u2019\u00e9cran plus importantes.<\/p>\n<p> Performances\u00a0: puce\u00a0A20 Pro <\/p>\n<p>L\u2019iPhone Ultra devrait s\u2019appuyer, comme l\u2019iPhone\u00a018 Pro, sur une puce\u00a0A20 Pro. Il s\u2019agirait de la premi\u00e8re grav\u00e9e en 2\u00a0nm d\u2019Apple, ce qui laisse augurer des gains de performances et d\u2019autonomie par rapport \u00e0 une puce en 3\u00a0nm, \u00e0 configuration \u00e9gale. Mais comme il n\u2019existe pas de pr\u00e9c\u00e9dent, difficile de placer le curseur en l\u2019\u00e9tat. L\u2019iPhone pliant s\u2019aiderait ensuite de 12\u00a0Go de RAM et 256\u00a0Go de stockage dans sa configuration de base.<\/p>\n<p> <img loading=\"lazy\" decoding=\"async\" class=\"size-full wp-image-1292948\" src=\"https:\/\/www.europesays.com\/fr\/wp-content\/uploads\/2026\/07\/a19-Pro-Apple.jpg\" alt=\"A19 Pro Apple\" width=\"1920\" height=\"1280\"  \/>La puce pr\u00e9c\u00e9dente, l\u2019A19 Pro, est grav\u00e9e en 3 nm. \u00a9 Apple <\/p>\n<p>L\u2019iPhone Ultra devra, quoi qu\u2019il arrive, bien ma\u00eetriser sa chauffe du fait de sa finesse. Un point qui a souvent pos\u00e9 probl\u00e8me \u00e0 de nombreux concurrents d\u2019Apple dans le secteur du pliant. Notons que l\u2019<a href=\"https:\/\/www.01net.com\/tests\/iphone-air-apple-test-avis.html\" rel=\"nofollow noopener\" target=\"_blank\">iPhone Air<\/a> s\u2019en sortait plut\u00f4t d\u00e9cemment en la mati\u00e8re d\u2019apr\u00e8s nos tests de chauffe r\u00e9alis\u00e9s en interne par le 01lab.<\/p>\n<p> Prix et disponibilit\u00e9s de l\u2019iPhone Ultra <\/p>\n<p>L\u2019iPhone pliant devrait sortir du bois en 2026. Tout le march\u00e9 l\u2019attend, d\u2019apr\u00e8s les analystes, il pourrait <a href=\"https:\/\/www.01net.com\/actualites\/avec-liphone-fold-apple-pourrait-enterrer-les-smartphones-a-clapet.html\" rel=\"nofollow noopener\" target=\"_blank\">propulser les ventes des smartphones pliants, au global, dans une nouvelle dimension<\/a>. Si une <a href=\"https:\/\/www.01net.com\/actualites\/apple-aurait-lance-la-production-de-liphone-pliant-le-lancement-en-2026-semble-se-confirmer.html\" rel=\"nofollow noopener\" target=\"_blank\">pr\u00e9sentation en m\u00eame temps que les iPhone\u00a018 Pro est quasiment acquise<\/a>, la sortie, en revanche, pourrait intervenir plus tard. <a href=\"https:\/\/www.01net.com\/actualites\/mauvaise-nouvelle-pour-liphone-ultra-le-premier-smartphone-pliant-dapple-rencontrerait-des-retards-de-production.html\" rel=\"nofollow noopener\" target=\"_blank\">La faute \u00e0 des retards de production, peut-\u00eatre,<\/a> mais Apple voudrait peut-\u00eatre aussi aligner cette sortie avec les 20\u00a0ans de l\u2019iPhone, un beau symbole.<\/p>\n<p>Concernant son prix, <a href=\"https:\/\/www.01net.com\/actualites\/iphone-ultra-prix-premier-pliant-apple-pourrait-franchir-seuil-historique.html\" rel=\"nofollow noopener\" target=\"_blank\">l\u2019iPhone Ultra co\u00fbterait tr\u00e8s cher<\/a>. D\u2019apr\u00e8s le tr\u00e8s inform\u00e9 Mark Gurman, la barre symbolique des 2000 dollars serait franchie (les 2000 euros \u00e9tant d\u00e9pass\u00e9s depuis longtemps avec le mod\u00e8le 2 To). La marque pourrait m\u00eame atteindre les 3000 euros pour le mod\u00e8le plus costaud.<\/p>\n<p>Rien d\u2019\u00e9tonnant \u00e0 cela si vous suivez le petit monde des smartphones de pr\u00e8s\u00a0: le Galaxy Z Fold\u00a07 est commercialis\u00e9, dans sa configuration de base \u00e0 2100\u00a0euros.<\/p>\n<blockquote style=\"border:1px solid grey;border-radius:8px;\">\n<p class=\"text-base text-neutral-700 dark:text-neutral-300\" style=\"color:grey;\">\ud83d\udc49\ud83c\udffb Suivez l\u2019actualit\u00e9 tech en temps r\u00e9el\u00a0: ajoutez 01net \u00e0 vos sources sur <a href=\"https:\/\/profile.google.com\/cp\/CgovbS8wd2Juam1fGhZodHRwczovL3d3dy4wMW5ldC5jb20v?pf=6\" target=\"_blank\" rel=\"nofollow noopener\">Google<\/a>, et abonnez-vous \u00e0 notre canal <a href=\"https:\/\/whatsapp.com\/channel\/0029VaH5gKg6xCSG9nQQhQ1Z\" target=\"_blank\" rel=\"nofollow noopener\">WhatsApp<\/a>.<\/p>\n<\/blockquote>\n","protected":false},"excerpt":{"rendered":"Apple s\u2019appr\u00eate \u00e0 lancer son premier smartphone pliant, probablement nomm\u00e9 iPhone Ultra, en 2026. Le design inclura un&hellip;\n","protected":false},"author":2,"featured_media":1043420,"comment_status":"","ping_status":"","sticky":false,"template":"","format":"standard","meta":{"footnotes":"","_share_on_mastodon":"0"},"categories":[7],"tags":[1011,27,108494,108495,43,40,41,39,42,44],"class_list":["post-1043419","post","type-post","status-publish","format-standard","has-post-thumbnail","category-sciences-et-technologies","tag-fr","tag-france","tag-iphone-fold","tag-iphone-ultra","tag-science","tag-science-and-technology","tag-sciences","tag-sciences-et-technologies","tag-technologies","tag-technology"],"share_on_mastodon":{"url":"https:\/\/pubeurope.com\/@fr\/116863053022463822","error":""},"_links":{"self":[{"href":"https:\/\/www.europesays.com\/fr\/wp-json\/wp\/v2\/posts\/1043419","targetHints":{"allow":["GET"]}}],"collection":[{"href":"https:\/\/www.europesays.com\/fr\/wp-json\/wp\/v2\/posts"}],"about":[{"href":"https:\/\/www.europesays.com\/fr\/wp-json\/wp\/v2\/types\/post"}],"author":[{"embeddable":true,"href":"https:\/\/www.europesays.com\/fr\/wp-json\/wp\/v2\/users\/2"}],"replies":[{"embeddable":true,"href":"https:\/\/www.europesays.com\/fr\/wp-json\/wp\/v2\/comments?post=1043419"}],"version-history":[{"count":0,"href":"https:\/\/www.europesays.com\/fr\/wp-json\/wp\/v2\/posts\/1043419\/revisions"}],"wp:featuredmedia":[{"embeddable":true,"href":"https:\/\/www.europesays.com\/fr\/wp-json\/wp\/v2\/media\/1043420"}],"wp:attachment":[{"href":"https:\/\/www.europesays.com\/fr\/wp-json\/wp\/v2\/media?parent=1043419"}],"wp:term":[{"taxonomy":"category","embeddable":true,"href":"https:\/\/www.europesays.com\/fr\/wp-json\/wp\/v2\/categories?post=1043419"},{"taxonomy":"post_tag","embeddable":true,"href":"https:\/\/www.europesays.com\/fr\/wp-json\/wp\/v2\/tags?post=1043419"}],"curies":[{"name":"wp","href":"https:\/\/api.w.org\/{rel}","templated":true}]}}