{"id":1043484,"date":"2026-07-04T18:51:16","date_gmt":"2026-07-04T18:51:16","guid":{"rendered":"https:\/\/www.europesays.com\/fr\/1043484\/"},"modified":"2026-07-04T18:51:16","modified_gmt":"2026-07-04T18:51:16","slug":"paris-le-corps-dun-homme-decouvert-dans-le-canal-saint-martin","status":"publish","type":"post","link":"https:\/\/www.europesays.com\/fr\/1043484\/","title":{"rendered":"Paris : Le corps d\u2019un homme d\u00e9couvert dans le canal Saint-Martin"},"content":{"rendered":"<p class=\"mb-4 text-lg md:leading-8 break-words\"><strong>noyade &#8211; Le corps d\u2019un homme d\u2019une trentaine d\u2019ann\u00e9es a \u00e9t\u00e9 retrouv\u00e9 ce samedi matin dans le canal Saint-Martin \u00e0 Paris, quai de Valmy, avec des signes indiquant qu\u2019il \u00e9tait rest\u00e9 plusieurs jours dans l\u2019eau<\/strong><\/p>\n<p class=\"mb-4 text-lg md:leading-8 break-words\">Macabre d\u00e9couverte dans ce lieu de baignade. Le corps d\u2019un trentenaire a \u00e9t\u00e9 retrouv\u00e9 t\u00f4t ce samedi matin dans le canal Saint-Martin de <a href=\"https:\/\/www.20minutes.fr\/paris\/?at_medium=RSS%20feed&amp;at_campaign=ynews&amp;utm_source=yahoo&amp;utm_medium=rss&amp;utm_campaign=news_feed&amp;utm_content=in_article_link\" rel=\"nofollow noopener\" target=\"_blank\" data-ylk=\"elm:link;elmt:article_link;slk:Paris;itc:0;sec:content-canvas\" data-yga=\"{&quot;yLinkElement&quot;:&quot;context_link&quot;,&quot;yModuleName&quot;:&quot;content-canvas&quot;,&quot;yLinkText&quot;:&quot;Paris&quot;}\" class=\"link \">Paris<\/a>, ouvert aux nageurs depuis le dernier \u00e9pisode de canicule. Les sapeurs-pompiers et la brigade fluviale ont remont\u00e9 \u00e0 la surface quai de Valmy vers 7 heures le corps d\u2019un homme tr\u00e8s gonfl\u00e9, indiquant qu\u2019il \u00e9tait rest\u00e9 plusieurs jours dans l\u2019eau. L\u2019homme n\u2019avait pas de papiers d\u2019identit\u00e9 sur lui, selon la source polici\u00e8re.<\/p>\n<p class=\"mb-4 text-lg md:leading-8 break-words\">Le 26 juin, un homme est mort par noyade dans le canal Saint-Martin, toujours quai de Valmy, alors qu\u2019il se baignait en dehors de l\u2019espace autoris\u00e9 d\u2019apr\u00e8s les autorit\u00e9s. A l\u2019\u00e9chelle nationale, la ministre des Sports et de la Jeunesse Marina Ferrari a annonc\u00e9 jeudi sur <a href=\"https:\/\/rmc.bfmtv.com\/actualites\/societe\/canicule-plus-de-90-noyades-depuis-le-19-juin-annonce-la-ministre-des-sports_AV-202607020238.html?at_medium=RSS%20feed&amp;at_campaign=ynews&amp;utm_source=yahoo&amp;utm_medium=rss&amp;utm_campaign=news_feed&amp;utm_content=in_article_link\" rel=\"nofollow noopener\" target=\"_blank\" data-ylk=\"elm:link;elmt:article_link;slk:RMC;itc:0;sec:content-canvas\" data-yga=\"{&quot;yLinkElement&quot;:&quot;context_link&quot;,&quot;yModuleName&quot;:&quot;content-canvas&quot;,&quot;yLinkText&quot;:&quot;RMC&quot;}\" class=\"link \">RMC<\/a> que le bilan des d\u00e9c\u00e8s par noyade s\u2019\u00e9levait \u00e0 \u00ab plus de 90 \u00bb depuis le 19 juin, \u00ab un chiffre inqui\u00e9tant \u00bb a-t-elle d\u00e9plor\u00e9. Une cinquantaine de jeunes, selon Emmanuel Gr\u00e9goire, se sont en outre bless\u00e9s dans le canal Saint-Martin en sautant des passerelles, ce qui est interdit.<\/p>\n<p class=\"mb-4 text-lg md:leading-8 break-words\">La baignade dans le canal Saint-Martin a \u00e9t\u00e9 autoris\u00e9e mi-juin par le maire de Paris, Emmanuel Gr\u00e9goire, pour faire face \u00e0 l\u2019\u00e9pisode caniculaire qui s\u2019est termin\u00e9 il y a une semaine. Depuis, la baignade reste autoris\u00e9e dans une portion du canal Saint-Martin, mais uniquement le dimanche. La Ville de Paris a lanc\u00e9 ce samedi la nouvelle saison de la baignade surveill\u00e9e sur la Seine, avec trois sites surveill\u00e9s et gratuits : Bercy (12e arrondissement, est), Grenelle pr\u00e8s de la tour (&#8230;)<\/p>\n<p class=\"mb-4 text-lg md:leading-8 break-words\"><a href=\"https:\/\/www.20minutes.fr\/faits_divers\/faits-divers-paris\/4232852-20260704-paris-corps-homme-decouvert-canal-saint-martin?at_medium=RSS%20feed&amp;at_campaign=ynews&amp;utm_source=yahoo&amp;utm_medium=rss&amp;utm_campaign=news_feed&amp;utm_content=read_more_link&quot;\" rel=\"nofollow noopener\" target=\"_blank\" data-ylk=\"elm:link;elmt:article_link;slk:Lire la suite sur 20minutes;itc:0;sec:content-canvas\" data-yga=\"{&quot;yLinkElement&quot;:&quot;context_link&quot;,&quot;yModuleName&quot;:&quot;content-canvas&quot;,&quot;yLinkText&quot;:&quot;Lire la suite sur 20minutes&quot;}\" class=\"link \">Lire la suite sur 20minutes<\/a><\/p>\n<p>\u00c0 lire aussi :<br \/><a href=\"https:\/\/www.20minutes.fr\/paris\/4229530-20260617-paris-baignade-autorisee-canal-saint-martin-face-canicule?at_medium=RSS%20feed&amp;at_campaign=ynews&amp;utm_source=yahoo&amp;utm_medium=rss&amp;utm_campaign=news_feed&amp;utm_content=related_content_link\" rel=\"nofollow noopener\" target=\"_blank\" data-ylk=\"elm:link;elmt:article_link;slk:A Paris, baignade autoris\u00e9e dans le canal Saint-Martin face \u00e0 la canicule;itc:0;sec:content-canvas\" data-yga=\"{&quot;yLinkElement&quot;:&quot;context_link&quot;,&quot;yModuleName&quot;:&quot;content-canvas&quot;,&quot;yLinkText&quot;:&quot;A Paris, baignade autoris\u00e9e dans le canal Saint-Martin face \u00e0 la canicule&quot;}\" class=\"link \">A Paris, baignade autoris\u00e9e dans le canal Saint-Martin face \u00e0 la canicule<\/a><br \/><a href=\"https:\/\/www.20minutes.fr\/faits_divers\/faits-divers-rennes\/4224600-20260521-rennes-corps-vie-homme-repeche-vilaine?at_medium=RSS%20feed&amp;at_campaign=ynews&amp;utm_source=yahoo&amp;utm_medium=rss&amp;utm_campaign=news_feed&amp;utm_content=related_content_link\" rel=\"nofollow noopener\" target=\"_blank\" data-ylk=\"elm:link;elmt:article_link;slk:Rennes : Le corps sans vie d\u2019un homme rep\u00each\u00e9 dans la Vilaine;itc:0;sec:content-canvas\" data-yga=\"{&quot;yLinkElement&quot;:&quot;context_link&quot;,&quot;yModuleName&quot;:&quot;content-canvas&quot;,&quot;yLinkText&quot;:&quot;Rennes &quot;}\" class=\"link \">Rennes : Le corps sans vie d\u2019un homme rep\u00each\u00e9 dans la Vilaine<\/a><\/p>\n","protected":false},"excerpt":{"rendered":"noyade &#8211; Le corps d\u2019un homme d\u2019une trentaine d\u2019ann\u00e9es a \u00e9t\u00e9 retrouv\u00e9 ce samedi matin dans le canal&hellip;\n","protected":false},"author":2,"featured_media":1043485,"comment_status":"","ping_status":"","sticky":false,"template":"","format":"standard","meta":{"footnotes":"","_share_on_mastodon":"0"},"categories":[1888],"tags":[1111,1928,11,1927,6725,1777,674,1011,27,12,1926,626,1925,108499,25,26085,36755],"class_list":["post-1043484","post","type-post","status-publish","format-standard","has-post-thumbnail","category-paris","tag-actu","tag-actu-paris","tag-actualites","tag-actualites-paris","tag-corps","tag-eu","tag-europe","tag-fr","tag-france","tag-news","tag-news-paris","tag-paris","tag-paris-news","tag-quai-de-valmy","tag-republique-francaise","tag-saint-martin","tag-samedi-matin"],"share_on_mastodon":{"url":"https:\/\/pubeurope.com\/@fr\/116863217707506022","error":""},"_links":{"self":[{"href":"https:\/\/www.europesays.com\/fr\/wp-json\/wp\/v2\/posts\/1043484","targetHints":{"allow":["GET"]}}],"collection":[{"href":"https:\/\/www.europesays.com\/fr\/wp-json\/wp\/v2\/posts"}],"about":[{"href":"https:\/\/www.europesays.com\/fr\/wp-json\/wp\/v2\/types\/post"}],"author":[{"embeddable":true,"href":"https:\/\/www.europesays.com\/fr\/wp-json\/wp\/v2\/users\/2"}],"replies":[{"embeddable":true,"href":"https:\/\/www.europesays.com\/fr\/wp-json\/wp\/v2\/comments?post=1043484"}],"version-history":[{"count":0,"href":"https:\/\/www.europesays.com\/fr\/wp-json\/wp\/v2\/posts\/1043484\/revisions"}],"wp:featuredmedia":[{"embeddable":true,"href":"https:\/\/www.europesays.com\/fr\/wp-json\/wp\/v2\/media\/1043485"}],"wp:attachment":[{"href":"https:\/\/www.europesays.com\/fr\/wp-json\/wp\/v2\/media?parent=1043484"}],"wp:term":[{"taxonomy":"category","embeddable":true,"href":"https:\/\/www.europesays.com\/fr\/wp-json\/wp\/v2\/categories?post=1043484"},{"taxonomy":"post_tag","embeddable":true,"href":"https:\/\/www.europesays.com\/fr\/wp-json\/wp\/v2\/tags?post=1043484"}],"curies":[{"name":"wp","href":"https:\/\/api.w.org\/{rel}","templated":true}]}}