{"id":104350,"date":"2025-05-16T12:02:08","date_gmt":"2025-05-16T12:02:08","guid":{"rendered":"https:\/\/www.europesays.com\/fr\/104350\/"},"modified":"2025-05-16T12:02:08","modified_gmt":"2025-05-16T12:02:08","slug":"les-ingenieurs-indiens-font-fortune-en-allemagne","status":"publish","type":"post","link":"https:\/\/www.europesays.com\/fr\/104350\/","title":{"rendered":"Les ing\u00e9nieurs indiens font fortune en Allemagne"},"content":{"rendered":"\n<p>En Allemagne, les expatri\u00e9s indiens brillent par leur r\u00e9ussite professionnelle, <a class=\"ithalc\" data-ithal=\"lien_externe\" data-ithalc=\"[nav_article]\" target=\"_blank\" href=\"https:\/\/www.zeit.de\/arbeit\/2025-04\/indische-arbeitnehmer-deutschland-ingenieur-it-branche-gehalt\/komplettansicht\" rel=\"noopener\">explique <strong>Die Zeit<\/strong><\/a><strong>. <\/strong>Selon l\u2019Institut allemand de l\u2019\u00e9conomie (IW), ils touchent en moyenne 5 359\u00a0euros brut par mois, soit plus que les salari\u00e9s allemands (3 945 euros) et bien plus que les autres immigr\u00e9s. Un ph\u00e9nom\u00e8ne que r\u00e9sume le titre sans d\u00e9tour du quotidien\u00a0: \u201cPlus de 65 000 euros par an\u00a0? Ce n\u2019est pas rare.\u201d<\/p>\n<p>Cette r\u00e9ussite tient \u00e0 un cocktail de qualifications pointues, de secteurs porteurs (informatique, ing\u00e9nierie) et d\u2019une politique migratoire favorable. La blue card, qui facilite l\u2019acc\u00e8s au march\u00e9 du travail pour les dipl\u00f4m\u00e9s bien r\u00e9mun\u00e9r\u00e9s, est attribu\u00e9e en priorit\u00e9 aux Indiens. \u201cCette s\u00e9curit\u00e9 de l\u2019emploi est importante pour moi\u201d, confie Sumit Naza, ing\u00e9nieur automobile \u00e0 Munich, qui appr\u00e9cie autant les 30\u00a0jours de cong\u00e9s pay\u00e9s que les horaires encadr\u00e9s.<\/p>\n<p>               Des discriminations qui perdurent       <\/p>\n<p>Mais le tableau n\u2019est pas exempt d\u2019ombres. Arjun Gupta, cadre tr\u00e8s bien r\u00e9mun\u00e9r\u00e9 dans la tech, souligne que \u201cparler ouvertement de salaire peut poser probl\u00e8me\u201d. Dans un pays o\u00f9 la politique migratoire se veut accueillante, les discriminations restent latentes. \u201c\u00c0 l\u2019a\u00e9roport, je suis souvent celui qu\u2019on contr\u00f4le\u201d, t\u00e9moigne-t-il.<\/p>\n<p>Compte tenu du ralentissement de l\u2019\u00e9conomie allemande et la mont\u00e9e de l\u2019extr\u00eame droite, certains songent \u00e0 repartir. D\u2019autant qu\u2019en Inde, les g\u00e9ants allemands investissent massivement, tandis que les expatri\u00e9s y sont courtis\u00e9s. Le retour est parfois planifi\u00e9 d\u00e8s l\u2019arriv\u00e9e\u00a0: Gupta esp\u00e8re \u00e9conomiser 1\u00a0million d\u2019euros avant de rentrer acheter une maison.<\/p>\n<p>Reste que l\u2019Allemagne continue d\u2019attirer. Les universit\u00e9s, peu co\u00fbteuses et r\u00e9put\u00e9es, s\u00e9duisent des milliers d\u2019\u00e9tudiants indiens \u2013 premi\u00e8re nationalit\u00e9 \u00e9trang\u00e8re sur les campus. Pour la sp\u00e9cialiste Seeta Sharma, c\u2019est une strat\u00e9gie nationale\u00a0: \u201cL\u2019Inde a trop d\u2019ing\u00e9nieurs et d\u2019experts IT\u201d. Exporter ses talents, c\u2019est aussi renforcer sa r\u00e9putation mondiale.<\/p>\n","protected":false},"excerpt":{"rendered":"En Allemagne, les expatri\u00e9s indiens brillent par leur r\u00e9ussite professionnelle, explique Die Zeit. Selon l\u2019Institut allemand de l\u2019\u00e9conomie&hellip;\n","protected":false},"author":2,"featured_media":104351,"comment_status":"","ping_status":"","sticky":false,"template":"","format":"standard","meta":{"footnotes":""},"categories":[1587],"tags":[11,672,1804,1856,1805,1803,1777,674,4315,1801,12,1802,3847],"class_list":{"0":"post-104350","1":"post","2":"type-post","3":"status-publish","4":"format-standard","5":"has-post-thumbnail","7":"category-allemagne","8":"tag-actualites","9":"tag-allemagne","10":"tag-bundesrepublik-deutschland","11":"tag-courrier-expat","12":"tag-de","13":"tag-deutschland","14":"tag-eu","15":"tag-europe","16":"tag-expatriation","17":"tag-germany","18":"tag-news","19":"tag-republique-federale-dallemagne","20":"tag-travail"},"share_on_mastodon":{"url":"https:\/\/pubeurope.com\/@fr\/114517412591631303","error":""},"_links":{"self":[{"href":"https:\/\/www.europesays.com\/fr\/wp-json\/wp\/v2\/posts\/104350","targetHints":{"allow":["GET"]}}],"collection":[{"href":"https:\/\/www.europesays.com\/fr\/wp-json\/wp\/v2\/posts"}],"about":[{"href":"https:\/\/www.europesays.com\/fr\/wp-json\/wp\/v2\/types\/post"}],"author":[{"embeddable":true,"href":"https:\/\/www.europesays.com\/fr\/wp-json\/wp\/v2\/users\/2"}],"replies":[{"embeddable":true,"href":"https:\/\/www.europesays.com\/fr\/wp-json\/wp\/v2\/comments?post=104350"}],"version-history":[{"count":0,"href":"https:\/\/www.europesays.com\/fr\/wp-json\/wp\/v2\/posts\/104350\/revisions"}],"wp:featuredmedia":[{"embeddable":true,"href":"https:\/\/www.europesays.com\/fr\/wp-json\/wp\/v2\/media\/104351"}],"wp:attachment":[{"href":"https:\/\/www.europesays.com\/fr\/wp-json\/wp\/v2\/media?parent=104350"}],"wp:term":[{"taxonomy":"category","embeddable":true,"href":"https:\/\/www.europesays.com\/fr\/wp-json\/wp\/v2\/categories?post=104350"},{"taxonomy":"post_tag","embeddable":true,"href":"https:\/\/www.europesays.com\/fr\/wp-json\/wp\/v2\/tags?post=104350"}],"curies":[{"name":"wp","href":"https:\/\/api.w.org\/{rel}","templated":true}]}}