{"id":104361,"date":"2025-05-16T12:09:14","date_gmt":"2025-05-16T12:09:14","guid":{"rendered":"https:\/\/www.europesays.com\/fr\/104361\/"},"modified":"2025-05-16T12:09:14","modified_gmt":"2025-05-16T12:09:14","slug":"volleyball-feminin-en-route-pour-lalberta","status":"publish","type":"post","link":"https:\/\/www.europesays.com\/fr\/104361\/","title":{"rendered":"Volleyball f\u00e9minin: en route pour l&rsquo;Alberta"},"content":{"rendered":"<p>&#13;<br \/>\n                    Club civil Condors Chaudi\u00e8re-Appalaches&#13;\n            <\/p>\n<p>            &#13;<br \/>\n&#13;<br \/>\n                        &#13;<br \/>\n&#13;<br \/>\n&#13;<\/p>\n<p style=\"text-align: justify;\"><strong>L\u2019\u00e9quipe U16 f\u00e9minine, du Club civil de volleyball Condors Chaudi\u00e8re-Appalaches, s&rsquo;envole pour l&rsquo;Alberta vendredi, afin de participer \u00e0 un tournoi national.<\/strong><\/p>\n<p>&#13;<br \/>\n&#13;<\/p>\n<p style=\"text-align: justify;\">La formation, qui est class\u00e9e au 92e rang sur les 262 \u00e9quipes inscrites, affrontera\u00a0en partant trois \u00e9quipes de l&rsquo;Ouest canadien,\u00a0soit celles de l&rsquo;Alberta, du Manitoba et de la Colombie-Britannique.<\/p>\n<p>&#13;<br \/>\n&#13;<\/p>\n<p style=\"text-align: justify;\">Signalons que le club beauceron est entra\u00een\u00e9 par M\u00e9lissa Vachon, qui esp\u00e8re que la participation\u00a0au tournoi donnera \u00e0 ses joueuses une bonne exp\u00e9rience et appr\u00e9ciation d&rsquo;une comp\u00e9tition nationale.<\/p>\n<p>&#13;<\/p>\n<p>            &#13;<br \/>\n                <img decoding=\"async\" src=\"https:\/\/www.europesays.com\/fr\/wp-content\/uploads\/2025\/05\/fleche_partage_icon.png\" alt=\"fleche partage\"\/><\/p>\n<p>Partager \u00e0 ma communaut\u00e9<\/p>\n<p>&#13;<\/p>\n","protected":false},"excerpt":{"rendered":"&#13; Club civil Condors Chaudi\u00e8re-Appalaches&#13; &#13; &#13; &#13; &#13; &#13; L\u2019\u00e9quipe U16 f\u00e9minine, du Club civil de volleyball&hellip;\n","protected":false},"author":2,"featured_media":104362,"comment_status":"","ping_status":"","sticky":false,"template":"","format":"standard","meta":{"footnotes":""},"categories":[1417],"tags":[1011,27,60,1470,1469],"class_list":{"0":"post-104361","1":"post","2":"type-post","3":"status-publish","4":"format-standard","5":"has-post-thumbnail","7":"category-volley","8":"tag-fr","9":"tag-france","10":"tag-sports","11":"tag-volley","12":"tag-volleyball"},"share_on_mastodon":{"url":"https:\/\/pubeurope.com\/@fr\/114517440219550549","error":""},"_links":{"self":[{"href":"https:\/\/www.europesays.com\/fr\/wp-json\/wp\/v2\/posts\/104361","targetHints":{"allow":["GET"]}}],"collection":[{"href":"https:\/\/www.europesays.com\/fr\/wp-json\/wp\/v2\/posts"}],"about":[{"href":"https:\/\/www.europesays.com\/fr\/wp-json\/wp\/v2\/types\/post"}],"author":[{"embeddable":true,"href":"https:\/\/www.europesays.com\/fr\/wp-json\/wp\/v2\/users\/2"}],"replies":[{"embeddable":true,"href":"https:\/\/www.europesays.com\/fr\/wp-json\/wp\/v2\/comments?post=104361"}],"version-history":[{"count":0,"href":"https:\/\/www.europesays.com\/fr\/wp-json\/wp\/v2\/posts\/104361\/revisions"}],"wp:featuredmedia":[{"embeddable":true,"href":"https:\/\/www.europesays.com\/fr\/wp-json\/wp\/v2\/media\/104362"}],"wp:attachment":[{"href":"https:\/\/www.europesays.com\/fr\/wp-json\/wp\/v2\/media?parent=104361"}],"wp:term":[{"taxonomy":"category","embeddable":true,"href":"https:\/\/www.europesays.com\/fr\/wp-json\/wp\/v2\/categories?post=104361"},{"taxonomy":"post_tag","embeddable":true,"href":"https:\/\/www.europesays.com\/fr\/wp-json\/wp\/v2\/tags?post=104361"}],"curies":[{"name":"wp","href":"https:\/\/api.w.org\/{rel}","templated":true}]}}