{"id":104370,"date":"2025-05-16T12:15:12","date_gmt":"2025-05-16T12:15:12","guid":{"rendered":"https:\/\/www.europesays.com\/fr\/104370\/"},"modified":"2025-05-16T12:15:12","modified_gmt":"2025-05-16T12:15:12","slug":"cyclisme-transferts-gaudu-kooij-vauquelin-en-fin-de-contrat-ou-vont-ils-signer","status":"publish","type":"post","link":"https:\/\/www.europesays.com\/fr\/104370\/","title":{"rendered":"Cyclisme. Transferts &#8211; Gaudu, Kooij, Vauquelin&#8230; en fin de contrat, o\u00f9 vont-ils signer ?"},"content":{"rendered":"<p>Le cyclisme vit actuellement une p\u00e9riode o\u00f9 les coureurs signent des contrats de plus en plus longs, de moins en moins de top coureurs sont en fin de contrat. Malgr\u00e9 tout, certains grands noms du cyclisme international se retrouvent officiellement sans \u00e9quipe pour la saison prochaine, mais ont de belles offres sur la table. <strong>David Gaudu<\/strong>, <strong><a href=\"https:\/\/www.cyclismactu.net\/..\/news-transfert-route-apres-tiesj-benoot-olav-kooij-nouvelle-recrue-de-decathlon-ag2r-87623.html\" target=\"_blank\" rel=\"nofollow noopener\">Olav Kooij<\/a><\/strong>, <strong>K\u00e9vin Vauquelin<\/strong>, <strong>Tiesj Benoot<\/strong>, <strong>Enric Mas<\/strong>,<strong> Florian Lipowitz<\/strong>,<strong> <a href=\"https:\/\/www.cyclismactu.net\/..\/news-transfert-route-stefan-kung-pourrait-quitter-groupama-fdj-pour-une-proteam-suisse-87694.html\" target=\"_blank\" rel=\"nofollow noopener\">Stefan K\u00fcng<\/a><\/strong>&#8230; <strong>Cyclism&rsquo;Actu<\/strong> vous propose de faire le point sur la situation de ces coureurs.\u00a0<a href=\"https:\/\/www.cyclismactu.net\/..\/news-transferts-route-le-mercato-hommes-2025-2026-toutes-rumeurs-et-infos-87551.html\" target=\"_blank\" rel=\"nofollow noopener\"><strong>Retrouvez le r\u00e9capitulatif complet de toutes les infos et rumeurs de transferts ici<\/strong><\/a><\/p>\n<p>Vid\u00e9o &#8211; Marc Madiot a r\u00e9agit au possible d\u00e9part de Stefan K\u00fcng Lire la suite de l&rsquo;article&#13;<\/p>\n<p>\u00a0<\/p>\n<p>&#13;<br \/>\nDecathlon AG2R, la prochaine armada du peloton ?&#13;<\/p>\n<p>C\u00f4t\u00e9 fran\u00e7ais, deux noms sortent du lot : <strong>David Gaudu<\/strong> (Groupama-FDJ) et<strong> K\u00e9vin Vauquelin<\/strong> (Ark\u00e9a-B&amp;B Hotels). Ce dernier \u00e9tait tr\u00e8s convoit\u00e9, les plus grandes \u00e9quipes mondiales, comme <strong>INEOS Grenadiers <\/strong>et <strong>Visma | Lease a Bike <\/strong>voulaient s&rsquo;attacher ses services, mais <strong>Vauquelin <\/strong>aurait finalement choisi de rester en France, chez <strong>Decathlon AG2R La Mondiale<\/strong>, qui aurait fait une offre tr\u00e8s all\u00e9chante. Moins de rumeurs concernant <strong>David Gaudu<\/strong>. Si quelques bruits ont laiss\u00e9 entendre que le Breton \u00e9tait sur les tablettes du <strong>Team Picnic PostNL<\/strong>, le sc\u00e9nario le plus probable est de le voir prolonger chez <strong>Groupama-FDJ<\/strong>. En revanche, son co\u00e9quipier <strong>Stefan K\u00fcng<\/strong> devrait lui quitter l&rsquo;\u00e9quipe fran\u00e7aise, pour s&rsquo;engager au sein de la<strong> Tudor Pro Cycling<\/strong>. Le sprinteur <strong>Luca Mozzato<\/strong> (Ark\u00e9a-B&amp;B Hotels) devrait lui aussi rejoindre la formation suisse.<\/p>\n<p>&#13;<\/p>\n<p>Et <strong>Vauquelin <\/strong>ne devrait pas \u00eatre le seul gros nom \u00e0 rejoindre <strong>Decathlon AG2R La Mondiale<\/strong>, puisque <strong>Tiesj Benoot<\/strong> et surtout <strong>Olav Kooij<\/strong>, le sprinteur le plus pris\u00e9 de ce mercato, sont en partence de <strong>Visma | Lease a Bike<\/strong> pour l&rsquo;\u00e9curie fran\u00e7aise. L&rsquo;arriv\u00e9e de <strong>Kooij <\/strong>pousserait par contre <strong>Sam Bennett<\/strong> vers la sortie. Tout en sachant que le dossier <strong>Ilan Van Wilder<\/strong> (Soudal Quick-Step) est toujours ouvert chez <strong>Decathlon AG2R<\/strong>, qui serait \u00e0 la bataille avec<strong> INEOS Grenadiers<\/strong> pour s&rsquo;offrir les services du jeune grimpeur belge.<\/p>\n<p>&#13;<\/p>\n<p>\u00a0<\/p>\n<p>&#13;<br \/>\nStuyven, Groenewegen, Segaert&#8230; vers de nouveaux horizons ?&#13;<\/p>\n<p>Si la Soudal Quick-Step devrait perdre <strong>Van Wilder<\/strong>, l&rsquo;\u00e9quipe belge pourrait renforcer s\u00e9rieusement son p\u00f4le pour les Classiques Flandriennes, avec les arriv\u00e9es de <strong>Jasper Stuyven<\/strong> (Lidl-Trek) et de <strong>Dylan van Baarle<\/strong> (Visma | Lease a Bike). De nombreux mouvements sont \u00e9galement attendus chez <strong>Jayco AlUla<\/strong>, avec les arriv\u00e9es probables de <strong>Sam Welsford<\/strong> (Red Bull-BORA-hansgrohe) et de <strong>Jack Haig <\/strong>(Bahrain Victorious), tandis que <strong>Dylan Groenewegen <\/strong>devrait quitter l&rsquo;\u00e9quipe australienne.<\/p>\n<p>&#13;<\/p>\n<p>Parmi les autres dossiers chauds \u00e0 suivre, on peut noter le cas <strong>Alec Segaert<\/strong>, qui pourrait quitter la <strong>Lotto <\/strong>pour s&rsquo;engager chez <strong>Bahrain Victorious<\/strong>. Des coureurs comme <strong>Andrea Vendrame<\/strong> (Decathlon AG2R La Mondiale) ou <strong>Steff Cras<\/strong> (TotalEnergies) sont \u00e9galement tr\u00e8s convoit\u00e9s et sont annonc\u00e9s selon les rumeurs dans plusieurs \u00e9quipes diff\u00e9rentes. Alors que<strong> Florian Lipowitz<\/strong> semble d\u00e9j\u00e0 avoir prolong\u00e9 avec la <strong>Red Bull-BORA-hansgrohe<\/strong>, m\u00eame si cela n&rsquo;a pas encore \u00e9t\u00e9 officiellement annonc\u00e9. De son c\u00f4t\u00e9, <strong>Enric Mas <\/strong>devrait lui aussi continuer l&rsquo;aventure de c\u00f4t\u00e9 de la<strong> Movistar Team<\/strong>.<\/p>\n","protected":false},"excerpt":{"rendered":"Le cyclisme vit actuellement une p\u00e9riode o\u00f9 les coureurs signent des contrats de plus en plus longs, de&hellip;\n","protected":false},"author":2,"featured_media":104371,"comment_status":"","ping_status":"","sticky":false,"template":"","format":"standard","meta":{"footnotes":""},"categories":[1411],"tags":[1154,207,211,1011,27,209,60,210,10662,212,208,213],"class_list":{"0":"post-104370","1":"post","2":"type-post","3":"status-publish","4":"format-standard","5":"has-post-thumbnail","7":"category-cyclisme","8":"tag-cycling","9":"tag-cyclisme","10":"tag-ffc","11":"tag-fr","12":"tag-france","13":"tag-route","14":"tag-sports","15":"tag-tour-de-france","16":"tag-transferts","17":"tag-uci","18":"tag-velo","19":"tag-world-tour"},"share_on_mastodon":{"url":"https:\/\/pubeurope.com\/@fr\/114517463784758143","error":""},"_links":{"self":[{"href":"https:\/\/www.europesays.com\/fr\/wp-json\/wp\/v2\/posts\/104370","targetHints":{"allow":["GET"]}}],"collection":[{"href":"https:\/\/www.europesays.com\/fr\/wp-json\/wp\/v2\/posts"}],"about":[{"href":"https:\/\/www.europesays.com\/fr\/wp-json\/wp\/v2\/types\/post"}],"author":[{"embeddable":true,"href":"https:\/\/www.europesays.com\/fr\/wp-json\/wp\/v2\/users\/2"}],"replies":[{"embeddable":true,"href":"https:\/\/www.europesays.com\/fr\/wp-json\/wp\/v2\/comments?post=104370"}],"version-history":[{"count":0,"href":"https:\/\/www.europesays.com\/fr\/wp-json\/wp\/v2\/posts\/104370\/revisions"}],"wp:featuredmedia":[{"embeddable":true,"href":"https:\/\/www.europesays.com\/fr\/wp-json\/wp\/v2\/media\/104371"}],"wp:attachment":[{"href":"https:\/\/www.europesays.com\/fr\/wp-json\/wp\/v2\/media?parent=104370"}],"wp:term":[{"taxonomy":"category","embeddable":true,"href":"https:\/\/www.europesays.com\/fr\/wp-json\/wp\/v2\/categories?post=104370"},{"taxonomy":"post_tag","embeddable":true,"href":"https:\/\/www.europesays.com\/fr\/wp-json\/wp\/v2\/tags?post=104370"}],"curies":[{"name":"wp","href":"https:\/\/api.w.org\/{rel}","templated":true}]}}