{"id":104394,"date":"2025-05-16T12:27:15","date_gmt":"2025-05-16T12:27:15","guid":{"rendered":"https:\/\/www.europesays.com\/fr\/104394\/"},"modified":"2025-05-16T12:27:15","modified_gmt":"2025-05-16T12:27:15","slug":"la-dure-realite-financiere-du-reseau-fibre-optique","status":"publish","type":"post","link":"https:\/\/www.europesays.com\/fr\/104394\/","title":{"rendered":"la dure r\u00e9alit\u00e9 financi\u00e8re du r\u00e9seau fibre optique"},"content":{"rendered":"<p>La France compte parmi les meilleurs pays d\u2019Europe sur la couverture et la p\u00e9n\u00e9tration de la fibre optique, mais parfois au prix de tensions financi\u00e8res insupportables dans certains territoires. Face \u00e0 cette crise, l\u2019Arcep pourrait r\u00e9viser le \u00ab\u00a0loyer\u00a0\u00bb des r\u00e9seaux d\u2019initiative publics.<\/p>\n<p><a target=\"_blank\" href=\"https:\/\/images.frandroid.com\/wp-content\/uploads\/2025\/05\/28042025-dsc07039-scaled.jpg\" class=\"article-content__figure\" rel=\"nofollow noopener\"><img fetchpriority=\"high\" decoding=\"async\" loading=\"eager\" width=\"1200\" height=\"802\" src=\"https:\/\/www.europesays.com\/fr\/wp-content\/uploads\/2025\/05\/28042025-dsc07039-scaled.jpg\" alt=\"\" class=\"wp-image-2617375 wp-image wp-image\"  \/><\/a>\u00a9 Chlo\u00e9 Pertuis\/Frandroid<\/p>\n<p>Relay\u00e9 <a href=\"https:\/\/www.latribune.fr\/technos-medias\/telecoms\/on-est-au-bord-du-gouffre-les-reseaux-de-fibre-optique-en-danger-1024975.html\" data-type=\"link\" data-id=\"https:\/\/www.latribune.fr\/technos-medias\/telecoms\/on-est-au-bord-du-gouffre-les-reseaux-de-fibre-optique-en-danger-1024975.html\" target=\"_blank\" rel=\"noreferrer noopener nofollow\">par La Tribune<\/a>, le constat est amer. Quand bien m\u00eame la France est le premier pays de l\u2019UE sur la couverture de la fibre avec un taux qui d\u00e9passe les 90 %, Patrick Chaize, s\u00e9nateur LR de l\u2019Ain, a point\u00e9 du doigt des RIP (R\u00e9seaux d\u2019Initiative Publics) \u00ab\u00a0au bord du gouffre\u00a0\u00bb en pr\u00e9ambule du TRIP du printemps de l\u2019Avicca. La fibre est en mode survie, c\u2019est la dure et silencieuse r\u00e9alit\u00e9 que traversent certains territoires ruraux face \u00e0 ces trous noirs financiers. Les \u00e9lus et les acteurs du num\u00e9riques appellent l\u2019Arcep \u00e0 r\u00e9agir.<\/p>\n<p class=\"shortcode-container see-more\">\n    \u00c0 lire aussi : <br \/><a href=\"https:\/\/www.frandroid.com\/telecom\/2614081_la-france-est-elle-le-pays-le-plus-fibre-deurope-voici-le-palmares-2025-des-champions-de-la-fibre-optique\" rel=\"nofollow noopener\" target=\"_blank\">La France est-elle le pays le plus fibr\u00e9 d\u2019Europe ? Voici le palmar\u00e8s 2025 des champions de la fibre optique<\/a>\n<\/p>\n<p>\u00ab\u00a0\u00c0 moyen terme, les comptes n\u2019y sont pas\u00a0\u00bb<\/p>\n<p>Un RIP, c\u2019est un r\u00e9seau de t\u00e9l\u00e9communications d\u00e9ploy\u00e9 par les collectivit\u00e9s territoriales pour apporter la fibre optique dans les territoires peu denses et peu rentables aux yeux des op\u00e9rateurs priv\u00e9s. Les chantiers sont men\u00e9s par des OI (Op\u00e9rateurs d\u2019Infrastructure) tels qu\u2019Orange en grande majorit\u00e9, SFR ou Altitude Infrastructure, et financ\u00e9s par les collectivit\u00e9s, le plus souvent \u00e0 l\u2019aide de subventions vers\u00e9es par l\u2019\u00c9tat. D\u2019autres acteurs peuvent participer \u00e0 ces investissements comme la Banque Europ\u00e9enne d\u2019Investissement et la Caisse des D\u00e9p\u00f4ts.<\/p>\n<p><a target=\"_blank\" href=\"https:\/\/images.frandroid.com\/wp-content\/uploads\/2022\/04\/fibre-optique.jpg\" class=\"article-content__figure\" rel=\"nofollow noopener\"><img loading=\"lazy\" decoding=\"async\" width=\"1200\" height=\"803\" src=\"https:\/\/www.europesays.com\/fr\/wp-content\/uploads\/2025\/05\/fibre-optique-1200x803.jpg\" alt=\"\" class=\"wp-image-1310629 wp-image\"  \/><\/a>Source : Kirill Sh sur Unsplash<\/p>\n<p>Mais dans la pratique, c\u2019est une catastrophe. Entre les chantiers dont les co\u00fbts d\u00e9passent les pr\u00e9visions initiales (et cela concerne 90 % d\u2019entre eux), les recettes insuffisantes pour financer l\u2019exploitation du r\u00e9seau, sans compter <a href=\"https:\/\/www.frandroid.com\/services\/fai\/2516423_probleme-de-fibre-optique-une-proposition-de-loi-sattaque-enfin-au-bordel-de-la-sous-traitance\" data-type=\"link\" data-id=\"https:\/\/www.frandroid.com\/services\/fai\/2516423_probleme-de-fibre-optique-une-proposition-de-loi-sattaque-enfin-au-bordel-de-la-sous-traitance\" rel=\"nofollow noopener\" target=\"_blank\">le \u00ab\u00a0bordel\u00a0\u00bb de la sous-traitance<\/a> (STOC), la situation \u00e9conomique des RIP devient intenable. Sans compter que l\u2019\u00c9tat refuse de subventionner les \u00e9carts entre pr\u00e9visions et co\u00fbts r\u00e9els et que les \u00ab\u00a0loyers\u00a0\u00bb vers\u00e9s par les op\u00e9rateurs pour utiliser les RIP \u2013 environ 5 euros par abonn\u00e9 \u2013 ne sont pas assez \u00e9lev\u00e9s.<\/p>\n<blockquote class=\"wp-block-quote is-layout-flow wp-block-quote-is-layout-flow\">\n<p>Nous avons fait des simulations \u00e0 moyen terme et les comptes n\u2019y sont pas.<\/p>\n<p>Walter Martin, pr\u00e9sident du RIP de l\u2019Ain<\/p>\n<\/blockquote>\n<p>L\u2019exploitation du r\u00e9seau fibre devient un d\u00e9fi aussi grand que son d\u00e9ploiement. On a d\u00e9ploy\u00e9 vite, en sous-traitant, et sans penser au long terme. Si la fibre fait parler d\u2019elle dans les territoires derni\u00e8rement raccord\u00e9s, c\u2019est \u00e0 cause des nombreuses malfa\u00e7ons constat\u00e9es par les citoyens et les \u00e9lus, rapporte <a href=\"https:\/\/www.maire-info.com\/am%C3%A9nagement-num%C3%A9rique-du-territoire\/depuis-huit-ans-des-desordres-persistent-dans-les-raccordements-%EF%BF%BD-la-fibre-article-29700\" data-type=\"link\" data-id=\"https:\/\/www.maire-info.com\/am\u00e9nagement-num\u00e9rique-du-territoire\/depuis-huit-ans-des-desordres-persistent-dans-les-raccordements-%EF%BF%BD-la-fibre-article-29700\" target=\"_blank\" rel=\"noreferrer noopener nofollow\">le quotidien Maire-Info<\/a>. Le mode STOC est un des principaux probl\u00e8mes.<\/p>\n<p>Selon la Cour des Comptes, 82 % des RIP n\u2019en sont pas satisfaits et 47 % estiment que les op\u00e9rateurs commerciaux ayant recours \u00e0 cet ub\u00e9risation du raccordement ne respectent pas les recommandations de l\u2019Arcep.<\/p>\n<p>Une nouvelle grille tarifaire d\u2019ici fin 2025<\/p>\n<p>Le S\u00e9nat, la Cour des Comptes, InfraNum et les acteurs de l\u2019am\u00e9nagement num\u00e9rique demandent aujourd\u2019hui une r\u00e9vision des loyers des RIP pour all\u00e9ger la charge financi\u00e8re des r\u00e9seaux publics. C\u2019est \u00e0 l\u2019Arcep de donner son feu vert, et Laure de La Raudi\u00e8re, sa pr\u00e9sidente, \u00e9tait justement pr\u00e9sente au TRIP de l\u2019Avicca. Elle a rappel\u00e9 que l\u2019autorit\u00e9 planchait d\u00e9j\u00e0 sur le sujet depuis un an. Une consultation aura lieu cet \u00e9t\u00e9 pour d\u00e9finir une nouvelle grille tarifaire d\u2019ici la fin de l\u2019ann\u00e9e.<\/p>\n<p><a target=\"_blank\" href=\"https:\/\/images.frandroid.com\/wp-content\/uploads\/2025\/05\/28042025-dsc07029-scaled.jpg\" class=\"article-content__figure\" rel=\"nofollow noopener\"><img loading=\"lazy\" decoding=\"async\" width=\"1200\" height=\"802\" src=\"https:\/\/www.europesays.com\/fr\/wp-content\/uploads\/2025\/05\/28042025-dsc07029-1200x802.jpg\" alt=\"\" class=\"wp-image-2617369 wp-image\"  \/><\/a>\u00a9 Chlo\u00e9 Pertuis\/Frandroid<\/p>\n<p>Le probl\u00e8me, c\u2019est que les op\u00e9rateurs ont de fortes chances de r\u00e9percuter l\u2019augmentation de ce loyer sur le co\u00fbt des box internet. Fin 2024, 42 % des locaux sont en zone RIP et donnent acc\u00e8s \u00e0 la fibre \u00e0 environ 10 millions de foyers, les op\u00e9rateurs pourraient donc d\u00e9penser plusieurs millions d\u2019euros suppl\u00e9mentaires pour acc\u00e9der aux RIP.<\/p>\n<p>C\u2019est d\u00e9j\u00e0 arriv\u00e9 par le pass\u00e9 que les op\u00e9rateurs internet augmentent le co\u00fbt de leurs offres pour des raisons externes. Rappelons qu\u2019en 2023, Orange, Bouygues et SFR <a href=\"https:\/\/www.frandroid.com\/telecom\/1587334_orange-sfr-bouygues-telecom-le-prix-de-vos-forfaits-fixes-et-mobiles-va-augmenter\" data-type=\"link\" data-id=\"https:\/\/www.frandroid.com\/telecom\/1587334_orange-sfr-bouygues-telecom-le-prix-de-vos-forfaits-fixes-et-mobiles-va-augmenter\" rel=\"nofollow noopener\" target=\"_blank\">avaient fait grimper le prix de leurs forfaits<\/a> \u00e0 cause de la hausse des prix de l\u2019\u00e9nergie et des mati\u00e8res premi\u00e8res.<\/p>\n<p>D\u00e9bit jusqu\u2019\u00e0 1 Gb\/s <\/p>\n<p>Sans Player TV<\/p>\n<p>T\u00e9l\u00e9phonie vers 100 destinations<\/p>\n<p>\n                        20.99\u20ac\/mois\n                                            <\/p>\n<p>                                39\u20ac offerts\n                        <\/p>\n<p>D\u00e9bit jusqu\u2019\u00e0 5 Gb\/s <\/p>\n<p>Sans Player TV<\/p>\n<p>T\u00e9l\u00e9phonie vers 1 destinations<\/p>\n<p>D\u00e9bit jusqu\u2019\u00e0 1 Gb\/s <\/p>\n<p>200 cha\u00eenes de TV incluses<\/p>\n<p>T\u00e9l\u00e9phonie vers 110 destinations<\/p>\n<p>\n                        29.99\u20ac\/mois\n                                            <\/p>\n<p>                                49\u20ac FMS offerts\n                        <\/p>\n<p>        <a href=\"https:\/\/www.frandroid.com\/offre-internet-comparateur-des-meilleures-offres-fibre-et-adsl\" class=\"listplans-shortcode-cta button fr-button fr-button--pink fr-button--small-icon fr-button--icon-after mb-3-mobile \" rel=\"nofollow noopener\" target=\"_blank\"><br \/>\n            Toutes les box internet<br \/>\n        <\/a><\/p>\n","protected":false},"excerpt":{"rendered":"La France compte parmi les meilleurs pays d\u2019Europe sur la couverture et la p\u00e9n\u00e9tration de la fibre optique,&hellip;\n","protected":false},"author":2,"featured_media":104395,"comment_status":"","ping_status":"","sticky":false,"template":"","format":"standard","meta":{"footnotes":""},"categories":[6],"tags":[22112,35,33,34,583,1011,27,22113],"class_list":{"0":"post-104394","1":"post","2":"type-post","3":"status-publish","4":"format-standard","5":"has-post-thumbnail","7":"category-economie","8":"tag-arcep","9":"tag-business","10":"tag-economie","11":"tag-economy","12":"tag-fibre","13":"tag-fr","14":"tag-france","15":"tag-tres-haut-debit"},"share_on_mastodon":{"url":"https:\/\/pubeurope.com\/@fr\/114517511148251831","error":""},"_links":{"self":[{"href":"https:\/\/www.europesays.com\/fr\/wp-json\/wp\/v2\/posts\/104394","targetHints":{"allow":["GET"]}}],"collection":[{"href":"https:\/\/www.europesays.com\/fr\/wp-json\/wp\/v2\/posts"}],"about":[{"href":"https:\/\/www.europesays.com\/fr\/wp-json\/wp\/v2\/types\/post"}],"author":[{"embeddable":true,"href":"https:\/\/www.europesays.com\/fr\/wp-json\/wp\/v2\/users\/2"}],"replies":[{"embeddable":true,"href":"https:\/\/www.europesays.com\/fr\/wp-json\/wp\/v2\/comments?post=104394"}],"version-history":[{"count":0,"href":"https:\/\/www.europesays.com\/fr\/wp-json\/wp\/v2\/posts\/104394\/revisions"}],"wp:featuredmedia":[{"embeddable":true,"href":"https:\/\/www.europesays.com\/fr\/wp-json\/wp\/v2\/media\/104395"}],"wp:attachment":[{"href":"https:\/\/www.europesays.com\/fr\/wp-json\/wp\/v2\/media?parent=104394"}],"wp:term":[{"taxonomy":"category","embeddable":true,"href":"https:\/\/www.europesays.com\/fr\/wp-json\/wp\/v2\/categories?post=104394"},{"taxonomy":"post_tag","embeddable":true,"href":"https:\/\/www.europesays.com\/fr\/wp-json\/wp\/v2\/tags?post=104394"}],"curies":[{"name":"wp","href":"https:\/\/api.w.org\/{rel}","templated":true}]}}