{"id":1043942,"date":"2026-07-04T23:59:18","date_gmt":"2026-07-04T23:59:18","guid":{"rendered":"https:\/\/www.europesays.com\/fr\/1043942\/"},"modified":"2026-07-04T23:59:18","modified_gmt":"2026-07-04T23:59:18","slug":"des-drones-ukrainiens-ont-frappe-un-terminal-petrolier-de-saint-petersbourg","status":"publish","type":"post","link":"https:\/\/www.europesays.com\/fr\/1043942\/","title":{"rendered":"Des drones ukrainiens ont frapp\u00e9 un terminal p\u00e9trolier de Saint-P\u00e9tersbourg"},"content":{"rendered":"<p>Une attaque de drone ukrainien a frapp\u00e9 samedi un terminal p\u00e9trolier \u00e0 Saint-P\u00e9tersbourg, selon des responsables russes, alors que Kyiv poursuit ses bombardements contre les infrastructures p\u00e9troli\u00e8res russes.<\/p>\n<p>Ces attaques \u00e0 longue port\u00e9e, quasi quotidiennes, contre les installations p\u00e9troli\u00e8res russes ont provoqu\u00e9 une crise du carburant et accru la pression politique sur le Kremlin, alors que son invasion \u00e0 grande \u00e9chelle de l\u2019Ukraine entre dans sa cinqui\u00e8me ann\u00e9e.<\/p>\n<p>Le gouverneur Alexandre Beglov a mentionn\u00e9 que le quartier de Kirovsky, situ\u00e9 au bord de la mer Baltique, avait \u00e9t\u00e9 touch\u00e9. <\/p>\n<p>Il a \u00e9galement indiqu\u00e9 que les d\u00e9fenses a\u00e9riennes avaient abattu 72\u00a0drones ukrainiens au-dessus de la deuxi\u00e8me plus grande ville de Russie et de la r\u00e9gion environnante.<\/p>\n<p>Le pr\u00e9sident ukrainien, Volodymyr Zelensky, a qualifi\u00e9 cette attaque de \u00absanction \u00e0 longue port\u00e9e\u00bb de l\u2019Ukraine contre la Russie. <\/p>\n<p>Il a pr\u00e9cis\u00e9 que les forces ukrainiennes avaient \u00e9galement frapp\u00e9 une cible militaire sur l\u2019\u00eele de Kronstadt, au large de Saint-P\u00e9tersbourg.<\/p>\n<p>\u00abLes forces de d\u00e9fense ukrainiennes ont frapp\u00e9 les infrastructures portuaires p\u00e9troli\u00e8res, qui financent la guerre russe, et des frappes ont \u00e9galement vis\u00e9 Kronstadt \u2014 une cible militaire importante\u00bb, a-t-il soulign\u00e9 dans un message publi\u00e9 sur Telegram.<\/p>\n<p>Le quartier de Kirovsky \u00e0 Saint-P\u00e9tersbourg avait d\u00e9j\u00e0 \u00e9t\u00e9 touch\u00e9 en juin, \u00e0 la veille du Forum \u00e9conomique international de Saint-P\u00e9tersbourg, \u00e9v\u00e9nement phare de la Russie.<\/p>\n<p>La p\u00e9ninsule de Crim\u00e9e, annex\u00e9e par la Russie en 2014, a particuli\u00e8rement souffert de frappes intenses, ce qui a contraint les autorit\u00e9s locales \u00e0 suspendre la vente d\u2019essence aux civils. <\/p>\n<p>Une attaque ukrainienne samedi a fait un mort et deux bless\u00e9s, dont un enfant de dix ans, a fait savoir le gouverneur Sergei Aksyonov, nomm\u00e9 par Moscou.<\/p>\n<p><b>La guerre entre sur le sol russe<\/b><\/p>\n<p>Le pr\u00e9sident russe, Vladimir Poutine, a minimis\u00e9 les frappes ukrainiennes contre les installations \u00e9nerg\u00e9tiques russes, les qualifiant de \u00abnon critiques\u00bb, et a insist\u00e9 sur le fait que la guerre se poursuivrait jusqu\u2019\u00e0 ce que ses objectifs soient atteints.<\/p>\n<p>Il a qualifi\u00e9 les attaques contre le secteur \u00e9nerg\u00e9tique russe de tentative de l\u2019Ukraine de d\u00e9tourner l\u2019attention de ses pertes sur le champ de bataille, bien que les analystes estiment que l\u2019avanc\u00e9e des forces russes ait \u00e9t\u00e9 frein\u00e9e ces derniers mois.<\/p>\n<p>M.\u00a0Poutine s\u2019est rendu vendredi au quartier g\u00e9n\u00e9ral militaire russe qui dirige la guerre en Ukraine et a re\u00e7u un rapport sur la prise de la ville de Kostyantynivka, apr\u00e8s des semaines d\u2019intenses combats. <\/p>\n<p>Il a salu\u00e9 cette prise comme une \u00e9tape cruciale vers la conqu\u00eate des villes voisines de Sloviansk et Kramatorsk, derniers bastions cl\u00e9s de la \u00abceinture foresti\u00e8re\u00bb \u2013 ensemble de villes fortement fortifi\u00e9es de la r\u00e9gion de Donetsk qui restent aux mains de l\u2019Ukraine.<\/p>\n<p>La prise de Kostyantynivka, un important p\u00f4le industriel et de transport, rev\u00eat une \u00abimportance strat\u00e9gique majeure\u00bb, a avanc\u00e9 M.\u00a0Poutine, v\u00eatu d\u2019un treillis militaire, lors d\u2019une intervention t\u00e9l\u00e9vis\u00e9e. <\/p>\n<p>Lors d\u2019un point de presse samedi, le g\u00e9n\u00e9ral de corps d\u2019arm\u00e9e Sergue\u00ef Rudsko\u00ef, premier chef d\u2019\u00e9tat-major adjoint des forces arm\u00e9es russes, a indiqu\u00e9 que les troupes ukrainiennes avaient \u00e9t\u00e9 repouss\u00e9es de plusieurs kilom\u00e8tres et que des combats faisaient rage \u00e0 la p\u00e9riph\u00e9rie de la ville voisine d\u2019Oleksiievo-Druzhkivka.<\/p>\n<p>\u00abLa ville est d\u00e9sormais sous notre contr\u00f4le total. Les unit\u00e9s du groupe d\u2019arm\u00e9es du Sud ach\u00e8vent le nettoyage des quartiers, en \u00e9liminant les petits groupes et les combattants ukrainiens isol\u00e9s qui pourraient encore se cacher dans les sous-sols et les ruines\u00bb, a-t-il ajout\u00e9.<\/p>\n<p>M.\u00a0Zelensky a ni\u00e9 que la Russie ait pris le contr\u00f4le de la ville. <\/p>\n<p>\u00abCe n\u2019est qu\u2019un mensonge russe de plus, une tentative de cr\u00e9er un sujet d\u2019actualit\u00e9, a-t-il \u00e9crit samedi sur les r\u00e9seaux sociaux. Si Kostiantynivka \u00e9tait sous contr\u00f4le russe, M.\u00a0Poutine n\u2019aurait peut-\u00eatre aucun probl\u00e8me \u00e0 me rencontrer l\u00e0-bas pour trouver une issue diplomatique permettant de mettre enfin un terme \u00e0 cette guerre. Mais le fait est qu\u2019il ne franchira pas la ligne de front \u2014 la r\u00e9alit\u00e9 est tr\u00e8s diff\u00e9rente des paroles de M.\u00a0Poutine.\u00bb <\/p>\n<p>Le message de M.\u00a0Zelensky semblait \u00e9galement s\u2019adresser au pr\u00e9sident am\u00e9ricain Donald Trump. <\/p>\n<p>\u00abAujourd\u2019hui, \u00e0 la veille du Jour de l\u2019Ind\u00e9pendance des \u00c9tats-Unis, M.\u00a0Poutine a choisi de mentir au monde entier et au pr\u00e9sident des \u00c9tats-Unis au sujet de la situation sur le front\u00bb, a-t-il affirm\u00e9. <\/p>\n<p>Vladimir Poutine semble croire que son gouvernement peut emp\u00eacher la crise du carburant d\u2019\u00e9roder son autorit\u00e9 et le soutien \u00e0 la guerre qu\u2019il a lanc\u00e9e il y a plus de quatre ans. <\/p>\n<p>\u00c0 tout le moins, ces attaques ont rendu la guerre encore plus palpable pour des millions de Russes, brisant ainsi le discours de M.\u00a0Poutine selon lequel le conflit n\u2019affecte pas la vie des citoyens ordinaires de son pays.<\/p>\n<p>La ville frontali\u00e8re de Belgorod, qui a \u00e9galement \u00e9t\u00e9 prise pour cible \u00e0 plusieurs reprises par des frappes de drones ukrainiens, s\u2019est retrouv\u00e9e samedi presque enti\u00e8rement priv\u00e9e d\u2019\u00e9lectricit\u00e9 en raison d\u2019attaques nocturnes, ont rapport\u00e9 les m\u00e9dias locaux.<\/p>\n<p>Par ailleurs, huit personnes ont \u00e9t\u00e9 bless\u00e9es, dont deux enfants, apr\u00e8s qu\u2019une attaque russe a frapp\u00e9 des immeubles d\u2019habitation dans la r\u00e9gion de Zaporijia, au sud-est de l\u2019Ukraine, ont indiqu\u00e9 samedi les autorit\u00e9s locales.<\/p>\n","protected":false},"excerpt":{"rendered":"Une attaque de drone ukrainien a frapp\u00e9 samedi un terminal p\u00e9trolier \u00e0 Saint-P\u00e9tersbourg, selon des responsables russes, alors&hellip;\n","protected":false},"author":2,"featured_media":1043943,"comment_status":"","ping_status":"","sticky":false,"template":"","format":"standard","meta":{"footnotes":"","_share_on_mastodon":"0"},"categories":[1591],"tags":[11,1887,11621,1854,4576,12,1885,1886,132],"class_list":["post-1043942","post","type-post","status-publish","format-standard","has-post-thumbnail","category-russie","tag-actualites","tag-federation-de-russie","tag-https-lactualite-com-sujet-defense","tag-https-lactualite-com-sujet-international","tag-https-lactualite-com-sujet-politique","tag-news","tag-russia","tag-russian-federation","tag-russie"],"share_on_mastodon":{"url":"https:\/\/pubeurope.com\/@fr\/116864428681763124","error":""},"_links":{"self":[{"href":"https:\/\/www.europesays.com\/fr\/wp-json\/wp\/v2\/posts\/1043942","targetHints":{"allow":["GET"]}}],"collection":[{"href":"https:\/\/www.europesays.com\/fr\/wp-json\/wp\/v2\/posts"}],"about":[{"href":"https:\/\/www.europesays.com\/fr\/wp-json\/wp\/v2\/types\/post"}],"author":[{"embeddable":true,"href":"https:\/\/www.europesays.com\/fr\/wp-json\/wp\/v2\/users\/2"}],"replies":[{"embeddable":true,"href":"https:\/\/www.europesays.com\/fr\/wp-json\/wp\/v2\/comments?post=1043942"}],"version-history":[{"count":0,"href":"https:\/\/www.europesays.com\/fr\/wp-json\/wp\/v2\/posts\/1043942\/revisions"}],"wp:featuredmedia":[{"embeddable":true,"href":"https:\/\/www.europesays.com\/fr\/wp-json\/wp\/v2\/media\/1043943"}],"wp:attachment":[{"href":"https:\/\/www.europesays.com\/fr\/wp-json\/wp\/v2\/media?parent=1043942"}],"wp:term":[{"taxonomy":"category","embeddable":true,"href":"https:\/\/www.europesays.com\/fr\/wp-json\/wp\/v2\/categories?post=1043942"},{"taxonomy":"post_tag","embeddable":true,"href":"https:\/\/www.europesays.com\/fr\/wp-json\/wp\/v2\/tags?post=1043942"}],"curies":[{"name":"wp","href":"https:\/\/api.w.org\/{rel}","templated":true}]}}