{"id":104406,"date":"2025-05-16T12:33:13","date_gmt":"2025-05-16T12:33:13","guid":{"rendered":"https:\/\/www.europesays.com\/fr\/104406\/"},"modified":"2025-05-16T12:33:13","modified_gmt":"2025-05-16T12:33:13","slug":"nancy-riche-programme-pour-la-nocturne-du-museum-aquarium-ce-samedi","status":"publish","type":"post","link":"https:\/\/www.europesays.com\/fr\/104406\/","title":{"rendered":"Nancy. Riche programme pour la nocturne du Mus\u00e9um Aquarium ce samedi"},"content":{"rendered":"<p>\u00c0 l\u2019occasion de cette nocturne gratuite organis\u00e9e dans le cadre de la Nuit europ\u00e9enne des mus\u00e9es, le Mus\u00e9um-Aquarium propose un programme extr\u00eamement vari\u00e9 \u00e0 travers diff\u00e9rents th\u00e8mes\u00a0: la faune urbaine autour d\u2019activit\u00e9s centr\u00e9es sur la biodiversit\u00e9.<\/p>\n<p>  Ces b\u00eates qui piquent, grattent et font peur<\/p>\n<p>Les tiques, surnomm\u00e9es \u00ab\u00a0les vampires des herbes\u00a0\u00bb. Avez-vous d\u00e9j\u00e0 \u00e9t\u00e9 piqu\u00e9 par une tique\u00a0? Pipo ou pas pipo\u00a0? Une multitude d\u2019esp\u00e8ces animales vivent parmi nous. Entre m\u00e9fiance, rumeurs et l\u00e9gendes urbaines, saurez-vous d\u00e9m\u00ealer le vrai du faux\u00a0? Ces b\u00eates qui piquent, grattent et font peur\u00a0: nuisibles ou mal-aim\u00e9s\u00a0? D\u00e9couvrez les pouvoirs \u00e9tonnants de ces animaux autour d\u2019ateliers ludiques et sensoriels.<\/p>\n<p>  Au c\u0153ur des ruches et des jardins<\/p>\n<p>La reine dans les ruches\u00a0: des informations et des \u00e9changes sur le monde des abeilles et de l\u2019apiculture. La biodiversit\u00e9 au jardin et en ville est abord\u00e9e \u00e0 travers un atelier ludique.<\/p>\n<p>  Rencontre avec les discrets de la nuit<\/p>\n<p>Des balades nocturnes \u00e0 la d\u00e9couverte des chauves-souris sont propos\u00e9es \u00e0 21\u00a0h, 21\u00a0h\u00a030, 22\u00a0h, 22\u00a0h\u00a030, 23\u00a0h et 23\u00a0h\u00a030. Ces animaux discrets, myst\u00e9rieux, voire fantomatiques, intriguent petits et grands.<\/p>\n<p>  Parasites et fourmis\u00a0: la vie cach\u00e9e<\/p>\n<p>&#8211; Parasites\u00a0: \u00e0 20\u00a0h\u00a030, 21\u00a0h\u00a015, 22\u00a0h, 22\u00a0h\u00a045 et 23\u00a0h\u00a030, d\u00e9couvrez ces \u00eatres minuscules ou gigantesques qui peuvent nous mener la vie dure. Rencontre avec les mal-aim\u00e9s du r\u00e8gne animal.<\/p>\n<p>&#8211; Oiseaux des jardins\u00a0: partez \u00e0 la d\u00e9couverte des esp\u00e8ces qui peuplent notre quotidien.<\/p>\n<p>&#8211; Villes sous la ville\u00a0: sous les pieds de chaque Nanc\u00e9ien se cachent des empires de milliers, voire de millions d\u2019habitants b\u00e2tissant des villes et des routes\u2026 Ce sont les fourmis. Elles nous surprennent tellement qu\u2019une science en est n\u00e9e\u00a0: la myrm\u00e9cologie.<\/p>\n<p>  Jeu-enqu\u00eate et immersion<\/p>\n<p>Participez \u00e9galement \u00e0 l\u2019enqu\u00eate de l\u2019Inspecteur Moustache dans une d\u00e9couverte des chauves-souris originale et interactive.<\/p>\n<p> \u25b6 \u2002 Rendez-vous samedi 17\u00a0mai au Mus\u00e9um-Aquarium, 34 rue Sainte-Catherine.<\/p>\n<p>Ouverture de 20\u00a0h \u00e0 minuit. Entr\u00e9e libre.<\/p>\n","protected":false},"excerpt":{"rendered":"\u00c0 l\u2019occasion de cette nocturne gratuite organis\u00e9e dans le cadre de la Nuit europ\u00e9enne des mus\u00e9es, le Mus\u00e9um-Aquarium&hellip;\n","protected":false},"author":2,"featured_media":104407,"comment_status":"","ping_status":"","sticky":false,"template":"","format":"standard","meta":{"footnotes":""},"categories":[9635],"tags":[1111,11,1687,1704,1777,674,2271,1011,27,775,1702,1703,12,25],"class_list":{"0":"post-104406","1":"post","2":"type-post","3":"status-publish","4":"format-standard","5":"has-post-thumbnail","7":"category-nancy","8":"tag-actu","9":"tag-actualites","10":"tag-culture-loisirs","11":"tag-edition-nancy-et-agglomeration","12":"tag-eu","13":"tag-europe","14":"tag-exposition-arts-plastiques","15":"tag-fr","16":"tag-france","17":"tag-grand-est","18":"tag-nancy","19":"tag-nancy-ville-54b","20":"tag-news","21":"tag-republique-francaise"},"share_on_mastodon":{"url":"https:\/\/pubeurope.com\/@fr\/114517534564738714","error":""},"_links":{"self":[{"href":"https:\/\/www.europesays.com\/fr\/wp-json\/wp\/v2\/posts\/104406","targetHints":{"allow":["GET"]}}],"collection":[{"href":"https:\/\/www.europesays.com\/fr\/wp-json\/wp\/v2\/posts"}],"about":[{"href":"https:\/\/www.europesays.com\/fr\/wp-json\/wp\/v2\/types\/post"}],"author":[{"embeddable":true,"href":"https:\/\/www.europesays.com\/fr\/wp-json\/wp\/v2\/users\/2"}],"replies":[{"embeddable":true,"href":"https:\/\/www.europesays.com\/fr\/wp-json\/wp\/v2\/comments?post=104406"}],"version-history":[{"count":0,"href":"https:\/\/www.europesays.com\/fr\/wp-json\/wp\/v2\/posts\/104406\/revisions"}],"wp:featuredmedia":[{"embeddable":true,"href":"https:\/\/www.europesays.com\/fr\/wp-json\/wp\/v2\/media\/104407"}],"wp:attachment":[{"href":"https:\/\/www.europesays.com\/fr\/wp-json\/wp\/v2\/media?parent=104406"}],"wp:term":[{"taxonomy":"category","embeddable":true,"href":"https:\/\/www.europesays.com\/fr\/wp-json\/wp\/v2\/categories?post=104406"},{"taxonomy":"post_tag","embeddable":true,"href":"https:\/\/www.europesays.com\/fr\/wp-json\/wp\/v2\/tags?post=104406"}],"curies":[{"name":"wp","href":"https:\/\/api.w.org\/{rel}","templated":true}]}}