{"id":104410,"date":"2025-05-16T12:35:12","date_gmt":"2025-05-16T12:35:12","guid":{"rendered":"https:\/\/www.europesays.com\/fr\/104410\/"},"modified":"2025-05-16T12:35:12","modified_gmt":"2025-05-16T12:35:12","slug":"lex-maire-hubert-falco-juge-pour-injures-contre-un-journaliste","status":"publish","type":"post","link":"https:\/\/www.europesays.com\/fr\/104410\/","title":{"rendered":"L\u2019ex-maire Hubert Falco jug\u00e9 pour injures contre un journaliste"},"content":{"rendered":"<p>L\u2019ex-<a href=\"https:\/\/www.20minutes.fr\/dossier\/maire\" class=\"color-ultramarine c-link\" target=\"_blank\" rel=\"noopener\">maire<\/a> de <a href=\"https:\/\/www.20minutes.fr\/dossier\/toulon\" class=\"color-ultramarine c-link\" target=\"_blank\" rel=\"noopener\">Toulon <\/a>Hubert Falco,<a href=\"https:\/\/www.20minutes.fr\/societe\/4090971-20240514-ex-maire-toulon-hubert-falco-condamne-appel-detournement-fonds-publics\" class=\"color-ultramarine c-link\" target=\"_blank\" rel=\"noopener\"> d\u00e9mis de ses fonctions par la justice,<\/a> \u00e9tait jug\u00e9 vendredi en son absence pour avoir insult\u00e9 et trait\u00e9 de \u00ab\u00a0chien galeux\u00a0\u00bb un journaliste collaborant pour Mediapart. La d\u00e9cision du tribunal correctionnel de Toulon sera rendue le 23\u00a0mai.<\/p>\n<p>Le 28 mai, une autre \u00e9ch\u00e9ance judiciaire cruciale attend l\u2019ex-baron de la politique varoise qui conteste aupr\u00e8s de la Cour de cassation <a href=\"https:\/\/www.20minutes.fr\/justice\/4032137-20230411-marseille-proces-frigo-falco-debute-guerilla-procedurale\" class=\"color-ultramarine c-link\" target=\"_blank\" rel=\"noopener\">la peine d\u2019in\u00e9ligibilit\u00e9 imm\u00e9diate prononc\u00e9e en\u00a02023 contre lui dans un dossier de d\u00e9tournements de fonds public<\/a>. De cette d\u00e9cision d\u00e9pend son avenir politique, \u00e0 moins d\u2019un an des municipales.<\/p>\n<p>\u00ab\u00a0Intimidations\u00a0\u00bb r\u00e9p\u00e9t\u00e9es<\/p>\n<p>Dans le dossier du jour, Hubert Falco, qui n\u2019avait pas fait le d\u00e9placement &#8211; et c\u2019est \u00ab\u00a0fort dommage\u00a0\u00bb a soulign\u00e9 la pr\u00e9sidente &#8211; est accus\u00e9 par Simon Fontvieille de l\u2019avoir insult\u00e9, enregistrement \u00e0 l\u2019appui. \u00ab\u00a0Je suis journaliste ind\u00e9pendant\u00a0\u00bb et \u00e0 ce titre \u00ab\u00a0vuln\u00e9rable\u00a0\u00bb, a expliqu\u00e9 \u00e0 la barre le journaliste de 34 ans.<\/p>\n<p>Il a racont\u00e9 ce qu\u2019il estime \u00eatre des tentatives d&rsquo;\u00ab\u00a0intimidation\u00a0\u00bb r\u00e9p\u00e9t\u00e9es de la part d\u2019Hubert Falco qui a fait l\u2019objet de plusieurs enqu\u00eates journalistiques de sa part. Par exemple, en avril\u00a02023, au moment de sa premi\u00e8re condamnation \u00e0 Marseille pour recel de d\u00e9tournement de fonds publics, il lui lance devant d\u2019autres journalistes\u00a0: \u00ab\u00a0D\u00e9gage ordure\u00a0!\u00a0\u00bb.<\/p>\n<\/p>\n<p>Les faits jug\u00e9s vendredi se sont produits quelques mois plus tard, en ao\u00fbt\u00a02023 en marge d\u2019une c\u00e9r\u00e9monie publique c\u00e9l\u00e9brant les 79 ans de la lib\u00e9ration de Toulon. Hubert Falco, qui n\u2019a alors plus de mandat, est pr\u00e9sent et le journaliste le prend en photo comme d\u2019autres personnalit\u00e9s.<\/p>\n<p>\u00ab\u00a0Il n\u2019est plus \u00e9lu, n\u2019a plus rien\u00a0\u00bb<\/p>\n<p>L\u2019ex-\u00e9lu aujourd\u2019hui \u00e2g\u00e9 de 78 ans, lui lance alors\u00a0: \u00ab\u00a0\u00c7a te g\u00eane que je sois l\u00e0\u00a0?\u00a0\u00bb, le traitant d&rsquo;\u00ab\u00a0esp\u00e8ce de chien\u00a0\u00bb, \u00ab\u00a0chien galeux\u00a0\u00bb. \u00ab\u00a0Enfin monsieur Falco, chien galeux, pourquoi vous \u00eates aussi grossier\u00a0?\u00a0\u00bb, lui r\u00e9pond-il. Hubert Falco le traite alors de \u00ab\u00a0connard\u00a0\u00bb, ajoutant\u00a0: \u00ab\u00a0Oui, je te le dis\u00a0! \u00c9cris-le \u00e0 Mediapart que je t\u2019ai dit que tu \u00e9tais un connard.\u00a0\u00bb<\/p>\n<p>Comme l\u2019affaire est partie d\u2019une plainte avec constitution de partie civile, la procureure n\u2019a pas formul\u00e9 de r\u00e9quisition, s\u2019en remettant \u00e0 la d\u00e9cision du tribunal. \u00ab\u00a0C\u2019est une affaire d\u2019injures publiques d\u00e9sagr\u00e9ables\u00a0\u00bb avec \u00ab\u00a0des propos qui sont regrett\u00e9s\u00a0\u00bb, selon l\u2019avocat d\u2019Hubert Falco, Me Thierry Fradet. \u00ab\u00a0Il n\u2019est plus \u00e9lu, n\u2019a plus rien\u00a0\u00bb, il n\u2019est \u00ab\u00a0plus le m\u00eame homme et \u00e7a n\u2019arrivera plus\u00a0\u00bb, a promis son avocat.<\/p>\n","protected":false},"excerpt":{"rendered":"L\u2019ex-maire de Toulon Hubert Falco, d\u00e9mis de ses fonctions par la justice, \u00e9tait jug\u00e9 vendredi en son absence&hellip;\n","protected":false},"author":2,"featured_media":104411,"comment_status":"","ping_status":"","sticky":false,"template":"","format":"standard","meta":{"footnotes":""},"categories":[9619],"tags":[1111,47,11,19650,1777,674,1011,27,2335,2957,303,5107,12,883,2694,882,25,2310,7506],"class_list":{"0":"post-104410","1":"post","2":"type-post","3":"status-publish","4":"format-standard","5":"has-post-thumbnail","7":"category-toulon","8":"tag-actu","9":"tag-actualite","10":"tag-actualites","11":"tag-detournement-de-fonds-publics","12":"tag-eu","13":"tag-europe","14":"tag-fr","15":"tag-france","16":"tag-insulte","17":"tag-journaliste","18":"tag-justice","19":"tag-maire","20":"tag-news","21":"tag-paca","22":"tag-proces","23":"tag-provence-alpes-cote-dazur","24":"tag-republique-francaise","25":"tag-toulon","26":"tag-var"},"share_on_mastodon":{"url":"https:\/\/pubeurope.com\/@fr\/114517542411956027","error":""},"_links":{"self":[{"href":"https:\/\/www.europesays.com\/fr\/wp-json\/wp\/v2\/posts\/104410","targetHints":{"allow":["GET"]}}],"collection":[{"href":"https:\/\/www.europesays.com\/fr\/wp-json\/wp\/v2\/posts"}],"about":[{"href":"https:\/\/www.europesays.com\/fr\/wp-json\/wp\/v2\/types\/post"}],"author":[{"embeddable":true,"href":"https:\/\/www.europesays.com\/fr\/wp-json\/wp\/v2\/users\/2"}],"replies":[{"embeddable":true,"href":"https:\/\/www.europesays.com\/fr\/wp-json\/wp\/v2\/comments?post=104410"}],"version-history":[{"count":0,"href":"https:\/\/www.europesays.com\/fr\/wp-json\/wp\/v2\/posts\/104410\/revisions"}],"wp:featuredmedia":[{"embeddable":true,"href":"https:\/\/www.europesays.com\/fr\/wp-json\/wp\/v2\/media\/104411"}],"wp:attachment":[{"href":"https:\/\/www.europesays.com\/fr\/wp-json\/wp\/v2\/media?parent=104410"}],"wp:term":[{"taxonomy":"category","embeddable":true,"href":"https:\/\/www.europesays.com\/fr\/wp-json\/wp\/v2\/categories?post=104410"},{"taxonomy":"post_tag","embeddable":true,"href":"https:\/\/www.europesays.com\/fr\/wp-json\/wp\/v2\/tags?post=104410"}],"curies":[{"name":"wp","href":"https:\/\/api.w.org\/{rel}","templated":true}]}}