{"id":104420,"date":"2025-05-16T12:40:11","date_gmt":"2025-05-16T12:40:11","guid":{"rendered":"https:\/\/www.europesays.com\/fr\/104420\/"},"modified":"2025-05-16T12:40:11","modified_gmt":"2025-05-16T12:40:11","slug":"le-cout-exorbitant-du-spectacle-de-thomas-jolly-pour-le-14-juillet-denonce-par-des-elus","status":"publish","type":"post","link":"https:\/\/www.europesays.com\/fr\/104420\/","title":{"rendered":"Le co\u00fbt exorbitant du spectacle de Thomas Jolly pour le 14-Juillet d\u00e9nonc\u00e9 par des \u00e9lus"},"content":{"rendered":"<p><strong>show must &#8211; Plusieurs \u00e9lus d\u2019opposition jugent le co\u00fbt du projet, \u00e9valu\u00e9 \u00e0 11\u00a0millions d\u2019euros, trop \u00e9lev\u00e9<\/strong><\/p>\n<p>11\u00a0millions d\u2019euros. C\u2019est le co\u00fbt estim\u00e9 du spectacle pour le 14-Juillet \u00e0 <a href=\"https:\/\/www.20minutes.fr\/dossier\/rouen?at_medium=RSS%20feed&amp;at_campaign=ynews&amp;utm_source=yahoo&amp;utm_medium=rss&amp;utm_campaign=news_feed&amp;utm_content=in_article_link\" rel=\"nofollow noopener\" target=\"_blank\" data-ylk=\"slk:Rouen;elm:context_link;itc:0;sec:content-canvas\" class=\"link \">Rouen<\/a> imagin\u00e9 par <a href=\"https:\/\/www.20minutes.fr\/sport\/jo_2024\/4108978-20240909-jeux-paralympiques-2024-soiree-electro-phryges-folie-thomas-jolly-enjaille-saint-denis-fin-jeux?at_medium=RSS%20feed&amp;at_campaign=ynews&amp;utm_source=yahoo&amp;utm_medium=rss&amp;utm_campaign=news_feed&amp;utm_content=in_article_link\" rel=\"nofollow noopener\" target=\"_blank\" data-ylk=\"slk:Thomas Jolly, le directeur artistique des JO de Paris;elm:context_link;itc:0;sec:content-canvas\" class=\"link \">Thomas Jolly, le directeur artistique des JO de Paris<\/a> en\u00a02024. L\u2019id\u00e9e de ce show d\u2019environ 1h30 est de \u00ab\u00a0promouvoir les valeurs de la R\u00e9publique\u00a0\u00bb. Six\u00a0millions proviendraient de financements priv\u00e9s et cinq de fonds publics, a indiqu\u00e9 \u00e0 l\u2019AFP une source proche du dossier, confirmant des informations de m\u00e9dias locaux, dont <a href=\"https:\/\/www.francebleu.fr\/infos\/culture-loisirs\/14-juillet-thomas-jolly-imagine-un-grand-spectacle-a-rouen-et-espere-le-decliner-dans-une-ville-differente-chaque-ete-3686310?at_medium=RSS%20feed&amp;at_campaign=ynews&amp;utm_source=yahoo&amp;utm_medium=rss&amp;utm_campaign=news_feed&amp;utm_content=in_article_link\" rel=\"nofollow noopener\" target=\"_blank\" data-ylk=\"slk:Ici Normandie;elm:context_link;itc:0;sec:content-canvas\" class=\"link \">Ici Normandie<\/a>.<\/p>\n<p>Ce projet, sur lequel le duo travaille depuis d\u00e9cembre, est con\u00e7u pour se d\u00e9rouler au bord de la Seine, dans la ville o\u00f9 Thomas Jolly a grandi. Il s\u2019agit de \u00ab\u00a0mettre en lumi\u00e8re artistes rouennais et associations culturelles locales\u00a0\u00bb, selon son entourage qui ne souhaite pas commenter le projet \u00ab\u00a0tant qu\u2019il ne sera pas valid\u00e9 et financ\u00e9 \u00e0 100\u00a0%\u00a0\u00bb.<\/p>\n<p>\u00ab\u00a0Projets pharaoniques\u00a0\u00bb<\/p>\n<p>Dans un communiqu\u00e9, la M\u00e9tropole, pr\u00e9sid\u00e9e par le maire socialiste <a href=\"https:\/\/www.20minutes.fr\/politique\/4150271-20250424-congres-ps-nicolas-mayer-rossignol-candidat-anti-faure?at_medium=RSS%20feed&amp;at_campaign=ynews&amp;utm_source=yahoo&amp;utm_medium=rss&amp;utm_campaign=news_feed&amp;utm_content=in_article_link\" rel=\"nofollow noopener\" target=\"_blank\" data-ylk=\"slk:Nicolas Mayer-Rossignol;elm:context_link;itc:0;sec:content-canvas\" class=\"link \">Nicolas Mayer-Rossignol<\/a>, a confirm\u00e9 que le projet n\u2019\u00e9tait \u00ab\u00a0pas valid\u00e9\u00a0\u00bb. Elle a d\u00e9fendu une participation financi\u00e8re publique \u00ab\u00a0inf\u00e9rieure \u00e0 50\u00a0% du budget total de la manifestation\u00a0\u00bb. \u00ab\u00a0Ces financements ne se feraient en aucun cas au d\u00e9triment des politiques publiques mises en \u0153uvre par les deux collectivit\u00e9s\u00a0\u00bb, a-t-elle ajout\u00e9.<\/p>\n<p>Plusieurs \u00e9lus d\u2019opposition jugent le co\u00fbt de la manifestation trop \u00e9lev\u00e9. Marine Caron, conseill\u00e8re municipale et m\u00e9tropolitaine (Horizons) \u00e9voque une \u00ab\u00a0somme colossale\u00a0\u00bb, jugeant que Nicolas Mayer-Rossignol \u00ab\u00a0travaille seul sur les projets pharaoniques\u00a0\u00bb. \u00ab\u00a0Il nous a inform\u00e9s d\u2019une d\u00e9cisi(&#8230;)<\/p>\n<p><a href=\"https:\/\/www.20minutes.fr\/arts-stars\/culture\/4153888-20250516-rouen-cout-exorbitant-spectacle-thomas-jolly-14-juillet-denonce-elus?at_medium=RSS%20feed&amp;at_campaign=ynews&amp;utm_source=yahoo&amp;utm_medium=rss&amp;utm_campaign=news_feed&amp;utm_content=read_more_link&quot;\" rel=\"nofollow noopener\" target=\"_blank\" data-ylk=\"slk:Lire la suite sur 20minutes;elm:context_link;itc:0;sec:content-canvas\" class=\"link \">Lire la suite sur 20minutes<\/a><\/p>\n<p>\u00c0 lire aussi :<br \/><a href=\"https:\/\/www.20minutes.fr\/arts-stars\/people\/4131380-20241230-metteur-scene-thomas-jolly-surpris-arret-brutal-comedie-musicale-starmania?at_medium=RSS%20feed&amp;at_campaign=ynews&amp;utm_source=yahoo&amp;utm_medium=rss&amp;utm_campaign=news_feed&amp;utm_content=related_content_link\" rel=\"nofollow noopener\" target=\"_blank\" data-ylk=\"slk:Le metteur en sc\u00e8ne Thomas Jolly surpris par l\u2019arr\u00eat brutal de la com\u00e9die musicale \u00ab\u00a0Starmania\u00a0\u00bb;elm:context_link;itc:0;sec:content-canvas\" class=\"link \">Le metteur en sc\u00e8ne Thomas Jolly surpris par l\u2019arr\u00eat brutal de la com\u00e9die musicale \u00ab\u00a0Starmania\u00a0\u00bb<\/a><br \/><a href=\"https:\/\/www.20minutes.fr\/justice\/4142076-20250306-jo-2024-sac-foutre-juif-degenere-prison-sursis-requise-contre-harceleurs-thomas-jolly?at_medium=RSS%20feed&amp;at_campaign=ynews&amp;utm_source=yahoo&amp;utm_medium=rss&amp;utm_campaign=news_feed&amp;utm_content=related_content_link\" rel=\"nofollow noopener\" target=\"_blank\" data-ylk=\"slk:JO 2024\u00a0: \u00ab\u00a0Sac \u00e0 foutre\u00a0\u00bb, \u00ab\u00a0juif d\u00e9g\u00e9n\u00e9r\u00e9\u00a0\u00bb\u2026 Au tribunal, 7 harceleurs de Thomas Jolly face \u00e0 leurs messages de haine;elm:context_link;itc:0;sec:content-canvas\" class=\"link \">JO 2024\u00a0: \u00ab\u00a0Sac \u00e0 foutre\u00a0\u00bb, \u00ab\u00a0juif d\u00e9g\u00e9n\u00e9r\u00e9\u00a0\u00bb\u2026 Au tribunal, 7 harceleurs de Thomas Jolly face \u00e0 leurs messages de haine<\/a><\/p>\n","protected":false},"excerpt":{"rendered":"show must &#8211; Plusieurs \u00e9lus d\u2019opposition jugent le co\u00fbt du projet, \u00e9valu\u00e9 \u00e0 11\u00a0millions d\u2019euros, trop \u00e9lev\u00e9 11\u00a0millions&hellip;\n","protected":false},"author":2,"featured_media":104421,"comment_status":"","ping_status":"","sticky":false,"template":"","format":"standard","meta":{"footnotes":""},"categories":[9587],"tags":[1111,11,3590,22115,1777,674,22114,1011,27,22116,4837,12,5161,25,9590,18228,13941],"class_list":{"0":"post-104420","1":"post","2":"type-post","3":"status-publish","4":"format-standard","5":"has-post-thumbnail","7":"category-rouen","8":"tag-actu","9":"tag-actualites","10":"tag-cout","11":"tag-dopposition","12":"tag-eu","13":"tag-europe","14":"tag-financements-prives","15":"tag-fr","16":"tag-france","17":"tag-le-duo","18":"tag-le-projet","19":"tag-news","20":"tag-normandie","21":"tag-republique-francaise","22":"tag-rouen","23":"tag-thomas-jolly","24":"tag-valeurs-de-la-republique"},"share_on_mastodon":{"url":"https:\/\/pubeurope.com\/@fr\/114517562040250969","error":""},"_links":{"self":[{"href":"https:\/\/www.europesays.com\/fr\/wp-json\/wp\/v2\/posts\/104420","targetHints":{"allow":["GET"]}}],"collection":[{"href":"https:\/\/www.europesays.com\/fr\/wp-json\/wp\/v2\/posts"}],"about":[{"href":"https:\/\/www.europesays.com\/fr\/wp-json\/wp\/v2\/types\/post"}],"author":[{"embeddable":true,"href":"https:\/\/www.europesays.com\/fr\/wp-json\/wp\/v2\/users\/2"}],"replies":[{"embeddable":true,"href":"https:\/\/www.europesays.com\/fr\/wp-json\/wp\/v2\/comments?post=104420"}],"version-history":[{"count":0,"href":"https:\/\/www.europesays.com\/fr\/wp-json\/wp\/v2\/posts\/104420\/revisions"}],"wp:featuredmedia":[{"embeddable":true,"href":"https:\/\/www.europesays.com\/fr\/wp-json\/wp\/v2\/media\/104421"}],"wp:attachment":[{"href":"https:\/\/www.europesays.com\/fr\/wp-json\/wp\/v2\/media?parent=104420"}],"wp:term":[{"taxonomy":"category","embeddable":true,"href":"https:\/\/www.europesays.com\/fr\/wp-json\/wp\/v2\/categories?post=104420"},{"taxonomy":"post_tag","embeddable":true,"href":"https:\/\/www.europesays.com\/fr\/wp-json\/wp\/v2\/tags?post=104420"}],"curies":[{"name":"wp","href":"https:\/\/api.w.org\/{rel}","templated":true}]}}