{"id":104422,"date":"2025-05-16T12:43:08","date_gmt":"2025-05-16T12:43:08","guid":{"rendered":"https:\/\/www.europesays.com\/fr\/104422\/"},"modified":"2025-05-16T12:43:08","modified_gmt":"2025-05-16T12:43:08","slug":"grenoble-mercato-six-clubs-de-ligue-2-et-de-ligue-1-interesses-par-mamadou-diop-trois-autres-joueurs-susceptibles-detre-transferes","status":"publish","type":"post","link":"https:\/\/www.europesays.com\/fr\/104422\/","title":{"rendered":"Grenoble &#8211; Mercato : Six clubs de Ligue 2 et de Ligue 1 int\u00e9ress\u00e9s par Mamadou Diop, trois autres joueurs susceptibles d&rsquo;\u00eatre transf\u00e9r\u00e9s"},"content":{"rendered":"<p style=\"text-align: justify;\"><strong>Grenoble<\/strong> <a href=\"https:\/\/maligue2.fr\/2025\/05\/06\/gf38-max-marty-sur-la-crise-des-droits-tv-on-pense-quon-est-prepares-et-quon-doit-en-sortir-plus-forts\/\" target=\"_blank\" rel=\"noopener\">n\u2019a pas cherch\u00e9 \u00e0 le cacher<\/a>, les prochains mois risquent d\u2019\u00eatre rudes sur le plan financier. Comme beaucoup d\u2019autres clubs fran\u00e7ais, le GF38 est frapp\u00e9 de plein fouet par la crise des droits TV, et il pourrait \u00eatre dans l\u2019obligation de vendre bon nombre de ses meilleurs \u00e9l\u00e9ments afin d\u2019arriver \u00e0 l\u2019\u00e9quilibre. <a href=\"https:\/\/www.footmercato.net\/a4921828678853694080-gf38-ca-sagite-en-l1-autour-de-mamadou-diop\" target=\"_blank\" rel=\"noopener\">L\u2019information r\u00e9v\u00e9l\u00e9e par S\u00e9bastien Denis<\/a>, r\u00e9dacteur en chef pour Foot Mercato,\u00a0n\u2019a donc rien d\u2019une surprise.<\/p>\n<p>\u00c0 lire aussi &gt;&gt;\u00a0<a href=\"https:\/\/maligue2.fr\/2025\/05\/09\/grenoble-nesta-zahui-promu-parmi-les-pros\/\" target=\"_blank\" rel=\"noopener\">Grenoble \u2013 Nesta Zahui promu parmi les pros<\/a><\/p>\n<p style=\"text-align: justify;\">Promu au poste de gardien titulaire apr\u00e8s le d\u00e9part de l\u2019embl\u00e9matique Brice Maubleu, <strong>Mamadou Diop<\/strong> a parfaitement r\u00e9pondu aux attentes dans les buts alpins pour sa premi\u00e8re saison en tant que num\u00e9ro 1 dans le monde professionnel. Tr\u00e8s en vue, ses prouesses n\u2019auraient pas \u00e9chapp\u00e9 aux yeux des scouts de plusieurs \u00e9curies hexagonales, qui envisageraient de l\u2019enr\u00f4ler pendant le mercato \u00e0 venir. Le FC Metz, le Paris FC et le FC Lorient sont notamment cit\u00e9s parmi les pr\u00e9tendants du joueur valoris\u00e9 entre 2 et 4 millions d\u2019euros par Grenoble, tout comme trois clubs de Ligue 1 dont les noms n\u2019ont pas filtr\u00e9.<\/p>\n<p style=\"text-align: justify;\">Mais le portier dauphinois ne serait pas le seul \u00e9l\u00e9ment susceptible de quitter le navire cet \u00e9t\u00e9. En effet, <a href=\"https:\/\/x.com\/FredericSougey\/status\/1923335400514326551\">cette fois selon les sources de Fr\u00e9d\u00e9ric Sougey<\/a>, journaliste responsable du site Grenoble Foot Info qui a par ailleurs confirm\u00e9 le d\u00e9part possible de Diop, trois autres joueurs seraient per\u00e7us comme vendables. Le lat\u00e9ral droit, <strong>Shaquil Delos<\/strong>, arriv\u00e9 il y a un an en provenance de Nancy, l\u2019avant-centre, <strong>Junior Olaitan<\/strong>, lui aussi recrut\u00e9 l\u2019an dernier \u00e0 Troyes, mais aussi <strong>Allan Tchaptchet,<\/strong> d\u00e9fenseur central venu librement lors de l\u2019hiver 2022.<\/p>\n<p style=\"text-align: justify;\">Rien n\u2019est encore act\u00e9, et il faudra \u00e9videmment que ces diff\u00e9rents profils trouvent preneurs au prix esp\u00e9r\u00e9 par le GF38. Mais une chose semble plus certaine : la formation alpine devrait vivre une p\u00e9riode estivale particuli\u00e8rement agit\u00e9e.<\/p>\n<p>Photo by Christophe Saidi\/FEP\/Icon Sport<\/p>\n","protected":false},"excerpt":{"rendered":"Grenoble n\u2019a pas cherch\u00e9 \u00e0 le cacher, les prochains mois risquent d\u2019\u00eatre rudes sur le plan financier. Comme&hellip;\n","protected":false},"author":2,"featured_media":104423,"comment_status":"","ping_status":"","sticky":false,"template":"","format":"standard","meta":{"footnotes":""},"categories":[9566],"tags":[1111,11,22117,2430,1777,674,1011,27,2731,22118,22119,12,25,22120],"class_list":{"0":"post-104422","1":"post","2":"type-post","3":"status-publish","4":"format-standard","5":"has-post-thumbnail","7":"category-grenoble","8":"tag-actu","9":"tag-actualites","10":"tag-allan-tchaptchet","11":"tag-auvergne-rhone-alpes","12":"tag-eu","13":"tag-europe","14":"tag-fr","15":"tag-france","16":"tag-grenoble","17":"tag-junior-olaitan-ishola","18":"tag-mamadou-diop","19":"tag-news","20":"tag-republique-francaise","21":"tag-shaquil-delos"},"share_on_mastodon":{"url":"https:\/\/pubeurope.com\/@fr\/114517573943585952","error":""},"_links":{"self":[{"href":"https:\/\/www.europesays.com\/fr\/wp-json\/wp\/v2\/posts\/104422","targetHints":{"allow":["GET"]}}],"collection":[{"href":"https:\/\/www.europesays.com\/fr\/wp-json\/wp\/v2\/posts"}],"about":[{"href":"https:\/\/www.europesays.com\/fr\/wp-json\/wp\/v2\/types\/post"}],"author":[{"embeddable":true,"href":"https:\/\/www.europesays.com\/fr\/wp-json\/wp\/v2\/users\/2"}],"replies":[{"embeddable":true,"href":"https:\/\/www.europesays.com\/fr\/wp-json\/wp\/v2\/comments?post=104422"}],"version-history":[{"count":0,"href":"https:\/\/www.europesays.com\/fr\/wp-json\/wp\/v2\/posts\/104422\/revisions"}],"wp:featuredmedia":[{"embeddable":true,"href":"https:\/\/www.europesays.com\/fr\/wp-json\/wp\/v2\/media\/104423"}],"wp:attachment":[{"href":"https:\/\/www.europesays.com\/fr\/wp-json\/wp\/v2\/media?parent=104422"}],"wp:term":[{"taxonomy":"category","embeddable":true,"href":"https:\/\/www.europesays.com\/fr\/wp-json\/wp\/v2\/categories?post=104422"},{"taxonomy":"post_tag","embeddable":true,"href":"https:\/\/www.europesays.com\/fr\/wp-json\/wp\/v2\/tags?post=104422"}],"curies":[{"name":"wp","href":"https:\/\/api.w.org\/{rel}","templated":true}]}}