{"id":1044252,"date":"2026-07-05T03:56:20","date_gmt":"2026-07-05T03:56:20","guid":{"rendered":"https:\/\/www.europesays.com\/fr\/1044252\/"},"modified":"2026-07-05T03:56:20","modified_gmt":"2026-07-05T03:56:20","slug":"le-corps-dun-homme-decouvert-dans-le-canal-saint-martin","status":"publish","type":"post","link":"https:\/\/www.europesays.com\/fr\/1044252\/","title":{"rendered":"Le corps d&rsquo;un homme d\u00e9couvert dans le canal Saint-Martin"},"content":{"rendered":"<p><img alt=\"Le long du canal Saint-Martin \u00e0 Paris pendant une journ\u00e9e de canicule, le 20 juin 2026 (ARNAUD FINISTRE)\" loading=\"lazy\" width=\"768\" height=\"512\" decoding=\"async\" data-nimg=\"1\" class=\"rounded-lg\" style=\"color:transparent\" src=\"https:\/\/www.europesays.com\/fr\/wp-content\/uploads\/2026\/07\/2c719c5ebab1fbde30682d7b5ab8d075.jpeg\"\/><\/p>\n<p>Le long du canal Saint-Martin \u00e0 Paris pendant une journ\u00e9e de canicule, le 20 juin 2026 (ARNAUD FINISTRE)<\/p>\n<p>(ARNAUD FINISTRE\/AFP\/AFP)<\/p>\n<p class=\"mb-4 text-lg md:leading-8 break-words\">Le corps d&rsquo;un trentenaire a \u00e9t\u00e9 d\u00e9couvert t\u00f4t samedi matin dans le canal Saint-Martin, lieu de baignade dans l&rsquo;est de Paris autoris\u00e9 au public depuis la mi-juin et la grande vague de chaleur, a appris l&rsquo;AFP de source polici\u00e8re.<\/p>\n<p class=\"mb-4 text-lg md:leading-8 break-words\">Les sapeurs-pompiers et la brigade fluviale ont remont\u00e9 \u00e0 la surface quai de Valmy vers 7h00 samedi matin le corps d&rsquo;un homme tr\u00e8s gonfl\u00e9, indiquant qu&rsquo;il \u00e9tait rest\u00e9 plusieurs jours dans l&rsquo;eau.<\/p>\n<p class=\"mb-4 text-lg md:leading-8 break-words\">L&rsquo;homme n&rsquo;avait pas de papiers d&rsquo;identit\u00e9 sur lui, selon la source polici\u00e8re.<\/p>\n<p class=\"mb-4 text-lg md:leading-8 break-words\">La baignade dans le canal Saint-Martin a \u00e9t\u00e9 autoris\u00e9e mi-juin par le maire de Paris, Emmanuel Gr\u00e9goire, pour faire face \u00e0 l&rsquo;\u00e9pisode caniculaire qui s&rsquo;est termin\u00e9 il y a une semaine.<\/p>\n<p class=\"mb-4 text-lg md:leading-8 break-words\">Depuis, la baignade reste autoris\u00e9e dans une portion du canal Saint-Martin, mais uniquement le dimanche.<\/p>\n<p class=\"mb-4 text-lg md:leading-8 break-words\">Le 26 juin, un homme est mort par noyade dans le canal Saint-Martin, toujours quai de Valmy, alors qu&rsquo;il se baignait en dehors de l&rsquo;espace autoris\u00e9 d&rsquo;apr\u00e8s les autorit\u00e9s.<\/p>\n<p class=\"mb-4 text-lg md:leading-8 break-words\">Une cinquantaine de jeunes, selon Emmanuel Gr\u00e9goire, se sont en outre bless\u00e9s dans le canal Saint-Martin en sautant des passerelles, ce qui est interdit.<\/p>\n<p class=\"mb-4 text-lg md:leading-8 break-words\">La ville de Paris a lanc\u00e9 samedi la nouvelle saison de la baignade surveill\u00e9e sur la Seine, avec trois sites surveill\u00e9s et gratuits: Bercy (12e arrondissement, est), Grenelle pr\u00e8s de la tour Eiffel (15e, ouest) et le bras Marie au coeur de Paris.<\/p>\n<p class=\"mb-4 text-lg md:leading-8 break-words\">A l&rsquo;\u00e9chelle nationale, la ministre des Sports et de la Jeunesse Marina Ferrari a annonc\u00e9 jeudi sur RMC que le bilan des d\u00e9c\u00e8s par noyade s&rsquo;\u00e9levait \u00e0 \u00ab\u00a0plus de 90\u00a0\u00bb depuis le 19 juin, \u00ab\u00a0un chiffre inqui\u00e9tant\u00a0\u00bb a-t-elle d\u00e9plor\u00e9.<\/p>\n<p class=\"mb-4 text-lg md:leading-8 break-words\">sc\/tbm\/jco<\/p>\n","protected":false},"excerpt":{"rendered":"Le long du canal Saint-Martin \u00e0 Paris pendant une journ\u00e9e de canicule, le 20 juin 2026 (ARNAUD FINISTRE)&hellip;\n","protected":false},"author":2,"featured_media":1044253,"comment_status":"","ping_status":"","sticky":false,"template":"","format":"standard","meta":{"footnotes":"","_share_on_mastodon":"0"},"categories":[1888],"tags":[1111,1928,11,1927,8186,1777,674,1011,27,4252,12,1926,626,1925,108499,25,26085,36755],"class_list":["post-1044252","post","type-post","status-publish","format-standard","has-post-thumbnail","category-paris","tag-actu","tag-actu-paris","tag-actualites","tag-actualites-paris","tag-emmanuel-gregoire","tag-eu","tag-europe","tag-fr","tag-france","tag-ministre-des-sports","tag-news","tag-news-paris","tag-paris","tag-paris-news","tag-quai-de-valmy","tag-republique-francaise","tag-saint-martin","tag-samedi-matin"],"share_on_mastodon":{"url":"https:\/\/pubeurope.com\/@fr\/116865361737460077","error":""},"_links":{"self":[{"href":"https:\/\/www.europesays.com\/fr\/wp-json\/wp\/v2\/posts\/1044252","targetHints":{"allow":["GET"]}}],"collection":[{"href":"https:\/\/www.europesays.com\/fr\/wp-json\/wp\/v2\/posts"}],"about":[{"href":"https:\/\/www.europesays.com\/fr\/wp-json\/wp\/v2\/types\/post"}],"author":[{"embeddable":true,"href":"https:\/\/www.europesays.com\/fr\/wp-json\/wp\/v2\/users\/2"}],"replies":[{"embeddable":true,"href":"https:\/\/www.europesays.com\/fr\/wp-json\/wp\/v2\/comments?post=1044252"}],"version-history":[{"count":0,"href":"https:\/\/www.europesays.com\/fr\/wp-json\/wp\/v2\/posts\/1044252\/revisions"}],"wp:featuredmedia":[{"embeddable":true,"href":"https:\/\/www.europesays.com\/fr\/wp-json\/wp\/v2\/media\/1044253"}],"wp:attachment":[{"href":"https:\/\/www.europesays.com\/fr\/wp-json\/wp\/v2\/media?parent=1044252"}],"wp:term":[{"taxonomy":"category","embeddable":true,"href":"https:\/\/www.europesays.com\/fr\/wp-json\/wp\/v2\/categories?post=1044252"},{"taxonomy":"post_tag","embeddable":true,"href":"https:\/\/www.europesays.com\/fr\/wp-json\/wp\/v2\/tags?post=1044252"}],"curies":[{"name":"wp","href":"https:\/\/api.w.org\/{rel}","templated":true}]}}