{"id":104435,"date":"2025-05-16T12:50:10","date_gmt":"2025-05-16T12:50:10","guid":{"rendered":"https:\/\/www.europesays.com\/fr\/104435\/"},"modified":"2025-05-16T12:50:10","modified_gmt":"2025-05-16T12:50:10","slug":"accusee-de-maltraitance-animale-pres-de-nantes-leleveuse-nie-tout","status":"publish","type":"post","link":"https:\/\/www.europesays.com\/fr\/104435\/","title":{"rendered":"accus\u00e9e de maltraitance animale pr\u00e8s de Nantes, l&rsquo;\u00e9leveuse nie tout"},"content":{"rendered":"<p>            Par<br \/>\n        <strong><br \/>\n            <a href=\"https:\/\/actu.fr\/auteur\/laure-gentil\" title=\"Consulter tous les articles de Laure Gentil\" target=\"_blank\" rel=\"noopener\">Laure Gentil<\/a><br \/>\n        <\/strong><\/p>\n<p>        Publi\u00e9 le<\/p>\n<p>            16 mai 2025 \u00e0 14h02        <\/p>\n<p><a href=\"https:\/\/actu.fr\/pays-de-la-loire\/treillieres_44209\/plus-de-100-chiens-des-chats-et-des-chevaux-maltraites-ont-ete-sauves-de-l-horreur-pres-de-nantes_62291878.html\" target=\"_blank\" rel=\"noopener\">Lundi 24\u00a0f\u00e9vrier vers 6\u2009h, les gendarmes de Treilli\u00e8res avaient retrouv\u00e9, dans une maison, plus d\u2019une centaine de chiens et quelques chats entass\u00e9s dans un \u00ab\u2009\u00e9tat effroyable\u2009\u00bb<\/a>, selon l\u2019association Action Protection Animale. Sur des parcelles, 39 chevaux sont aussi retrouv\u00e9s.<\/p>\n<p class=\" wall-content\">L\u2019\u00e9leveuse, Catherine H., \u00e2g\u00e9e de 53\u00a0ans, a comparu ce jeudi 15\u00a0mai 2025 devant le <strong>tribunal de Nantes<\/strong> pour <strong>maltraitance animale, travail dissimul\u00e9,<\/strong> exploitation d\u2019une \u00ab\u2009installation class\u00e9e non enregistr\u00e9e\u2009\u00bb, privation de soins, de nourriture et d\u2019eau \u00e0 des animaux, et utilisation d\u2019un mode de d\u00e9tention \u00ab\u2009inadapt\u00e9\u2009\u00bb aux animaux.<\/p>\n<p class=\" wall-content\">Le parquet a requis une <strong>peine de prison avec sursis.<\/strong><\/p>\n<p>\u00ab\u2009Des excr\u00e9ments recouverts de moisissures\u2009\u00bb<\/p>\n<p class=\" wall-content\">Lorsque la pr\u00e9sidente d\u2019audience a rappel\u00e9 les charges que la Justice lui reproche, Catherine H., les cheveux blancs coup\u00e9s \u00e0 ras, est rest\u00e9e imperturbable.<\/p>\n<p class=\" wall-content\">Le <strong>3\u00a0juillet 2024,<\/strong> les forces de l\u2019ordre sont alert\u00e9es de la pr\u00e9sence d\u2019un chenil non d\u00e9clar\u00e9 \u00e0 Treilli\u00e8res. Des <strong>chiens sont retrouv\u00e9s par un agent municipal,<\/strong> divaguant sur la voie publique non loin de chevaux en p\u00e2turage.<\/p>\n<p>Vid\u00e9os : en ce moment sur Actu<\/p>\n<p class=\" wall-content\">Le lendemain, nouvelle alerte, l\u2019agent retrouve <strong>des chiens dans une voiture <\/strong>Dacia, visiblement \u00ab\u2009stress\u00e9s\u2009\u00bb. Quelques semaines plus tard, le m\u00eame agent d\u00e9couvre <strong>des chiens sans eau<\/strong> alors que les temp\u00e9ratures atteignaient \u00ab\u2009les 30\u00a0\u00b0C\u2009\u00bb. Malgr\u00e9 les<strong> diff\u00e9rentes mises en demeure<\/strong>, elle continue son \u00e9levage dont elle change juste la localisation. Jusqu\u2019\u00e0 l\u2019arriv\u00e9e des gendarmes en f\u00e9vrier\u00a02025.<\/p>\n<p class=\" wall-content\">Les chiens en sa possession, principalement des <strong>chihuahuas,<\/strong> sont log\u00e9s dans un \u00ab\u2009hangar v\u00e9tuste\u2009\u00bb mal isol\u00e9, <strong>le sol est \u00ab\u2009recouvert d\u2019excr\u00e9ments, dont certains recouverts de moisissures\u2009\u00bb,<\/strong> certains pr\u00e9sentent des<strong> blessures,<\/strong> d\u2019autres sont recouverts de puces ou ne sont pas identifi\u00e9s, rappelle la pr\u00e9sidente. Les \u00e9quid\u00e9s vivent dans des <strong>enclos inadapt\u00e9s,<\/strong> jonch\u00e9s \u00ab\u2009d\u2019encombrants\u2009\u00bb. Les box sont sales,<strong> le foin est moisi et l\u2019eau inexistante.<\/strong> Des chiots sont retrouv\u00e9s morts et le <strong>cadavre d\u2019un chat<\/strong> est d\u00e9couvert dans le frigo.<\/p>\n<p>\u00ab\u2009On m\u2019a tout pris, je n\u2019ai plus rien\u2009\u00bb<\/p>\n<p class=\" wall-content\">De son propre aveu, Catherine H. pr\u00e9f\u00e8re \u00e9viter de fr\u00e9quenter les humains et depuis le d\u00e9but de l\u2019affaire, <strong>elle se sent \u00ab\u2009pers\u00e9cut\u00e9e\u2009\u00bb<\/strong> et \u00ab\u2009harcel\u00e9e\u2009\u00bb. Un \u00ab\u2009pi\u00e8ge\u2009\u00bb lui aurait \u00e9t\u00e9 tendu pour lui retirer ses animaux.<\/p>\n<blockquote class=\"ac-article-quote wall-content\">\n<p>Contrairement \u00e0 ce qu&rsquo;on a pu raconter, je visitais quotidiennement mes chevaux ! <\/p>\n<p>    <strong>Catherine H.<\/strong>\n            <\/p><\/blockquote>\n<p class=\" wall-content\">\u00ab\u2009On m\u2019a tout pris, je n\u2019ai plus rien\u2009\u00bb, d\u00e9clare Catherine H. qui explique ses difficult\u00e9s \u00ab\u2009\u00e0 se lever le matin\u2009\u00bb. Sa vie tournait autour de ses animaux\u2009: \u00ab\u2009J\u2019ai l\u2019espoir qu\u2019on me les rende.\u2009\u00bb<\/p>\n<p>Des d\u00e9n\u00e9gations v\u00e9h\u00e9mentes<\/p>\n<p class=\" wall-content\">Pour Catherine H., les constatations du policier municipal sont fausses\u2009: \u00ab\u2009Il raconte n\u2019importe quoi\u2009!\u2009\u00bb, argue-t-elle avec force. Les chiens \u00e9taient nourris et il y avait de l\u2019eau dans les gamelles, elle n\u2019aurait jamais<strong> \u00ab\u2009laiss\u00e9 mourir ses amis\u2009\u00bb.<\/strong><\/p>\n<p class=\" wall-content\">\u00ab\u2009Je reconnais que <strong>la maison \u00e9tait sale,<\/strong> je n\u2019ai pas pu nettoyer, j\u2019avais une sciatique\u2009\u00bb, admet-elle, \u00e0 contrec\u0153ur, tout en refusant de reconna\u00eetre l\u2019insalubrit\u00e9 des conditions de vie pour les chiens.<\/p>\n<p class=\" wall-content\">Les chevaux\u2009? Ils n\u2019\u00e9taient pas \u00ab\u2009cadav\u00e9riques\u2009\u00bb, les associations et les v\u00e9t\u00e9rinaires mentent aussi. \u00ab\u2009Tout le monde ment sauf vous\u2009?\u2009\u00bb, demande ironiquement<strong> Me Yoann Goinguene<\/strong>, l\u2019avocat de plusieurs associations de d\u00e9fense des animaux, parties civiles au proc\u00e8s. \u00ab\u2009Il y a eu beaucoup de mensonges\u2009\u00bb, r\u00e9plique-t-elle, avec aplomb.<\/p>\n<p class=\" wall-content\">Si le procureur a reconnu \u00ab\u2009l\u2019amour\u2009\u00bb de Catherine H. pour les animaux, celle-ci est selon lui rest\u00e9e aveugle \u00e0 \u00ab\u2009une situation qui n\u2019a cess\u00e9 de se d\u00e9grader\u2009\u00bb. Le magistrat a requis <strong>une peine d\u2019un an avec sursis<\/strong>, la peine maximale, ainsi qu\u2019une interdiction de d\u00e9tenir un animal ou d\u2019exercer un m\u00e9tier en rapport avec des animaux.\u00a0<strong>La d\u00e9cision sera rendue le 26\u00a0juin 2025.<\/strong><\/p>\n<p class=\" wall-content\">Suivez toute l\u2019actualit\u00e9 de vos villes et m\u00e9dias favoris en vous inscrivant \u00e0 <a href=\"https:\/\/moncompte.actu.fr\" title=\"D\u00e9couvez Mon Actu\" rel=\"nofollow noopener\" data-trk=\"{&quot;cta&quot;:{&quot;action&quot;:&quot;https:\\\/\\\/moncompte.actu.fr&quot;,&quot;category&quot;:&quot;mon compte&quot;,&quot;from&quot;:&quot;article footer&quot;,&quot;name&quot;:&quot;Mon actu&quot;,&quot;type&quot;:&quot;cta&quot;}}\" target=\"_blank\">Mon Actu<\/a>.<\/p>\n<ul class=\"ac-article-tag wall-content\">\n<li><a href=\"https:\/\/actu.fr\/tag\/justice\" data-trk=\"{&quot;cta&quot;:{&quot;action&quot;:&quot;Justice&quot;,&quot;category&quot;:&quot;tag&quot;,&quot;from&quot;:&quot;article footer&quot;,&quot;name&quot;:&quot;Justice&quot;,&quot;type&quot;:&quot;cta&quot;}}\" target=\"_blank\" rel=\"noopener\">#Justice<\/a><\/li>\n<li><a href=\"https:\/\/actu.fr\/tag\/maltraitance-animale\" data-trk=\"{&quot;cta&quot;:{&quot;action&quot;:&quot;Maltraitance animale&quot;,&quot;category&quot;:&quot;tag&quot;,&quot;from&quot;:&quot;article footer&quot;,&quot;name&quot;:&quot;Maltraitance animale&quot;,&quot;type&quot;:&quot;cta&quot;}}\" target=\"_blank\" rel=\"noopener\">#Maltraitance animale<\/a><\/li>\n<\/ul>\n","protected":false},"excerpt":{"rendered":"Par Laure Gentil Publi\u00e9 le 16 mai 2025 \u00e0 14h02 Lundi 24\u00a0f\u00e9vrier vers 6\u2009h, les gendarmes de Treilli\u00e8res&hellip;\n","protected":false},"author":2,"featured_media":104436,"comment_status":"","ping_status":"","sticky":false,"template":"","format":"standard","meta":{"footnotes":""},"categories":[2818],"tags":[1111,11,1777,674,118,1011,27,303,6795,766,12,2636,25],"class_list":{"0":"post-104435","1":"post","2":"type-post","3":"status-publish","4":"format-standard","5":"has-post-thumbnail","7":"category-nantes","8":"tag-actu","9":"tag-actualites","10":"tag-eu","11":"tag-europe","12":"tag-faits-divers","13":"tag-fr","14":"tag-france","15":"tag-justice","16":"tag-maltraitance-animale","17":"tag-nantes","18":"tag-news","19":"tag-pays-de-la-loire","20":"tag-republique-francaise"},"share_on_mastodon":{"url":"https:\/\/pubeurope.com\/@fr\/114517601397812498","error":""},"_links":{"self":[{"href":"https:\/\/www.europesays.com\/fr\/wp-json\/wp\/v2\/posts\/104435","targetHints":{"allow":["GET"]}}],"collection":[{"href":"https:\/\/www.europesays.com\/fr\/wp-json\/wp\/v2\/posts"}],"about":[{"href":"https:\/\/www.europesays.com\/fr\/wp-json\/wp\/v2\/types\/post"}],"author":[{"embeddable":true,"href":"https:\/\/www.europesays.com\/fr\/wp-json\/wp\/v2\/users\/2"}],"replies":[{"embeddable":true,"href":"https:\/\/www.europesays.com\/fr\/wp-json\/wp\/v2\/comments?post=104435"}],"version-history":[{"count":0,"href":"https:\/\/www.europesays.com\/fr\/wp-json\/wp\/v2\/posts\/104435\/revisions"}],"wp:featuredmedia":[{"embeddable":true,"href":"https:\/\/www.europesays.com\/fr\/wp-json\/wp\/v2\/media\/104436"}],"wp:attachment":[{"href":"https:\/\/www.europesays.com\/fr\/wp-json\/wp\/v2\/media?parent=104435"}],"wp:term":[{"taxonomy":"category","embeddable":true,"href":"https:\/\/www.europesays.com\/fr\/wp-json\/wp\/v2\/categories?post=104435"},{"taxonomy":"post_tag","embeddable":true,"href":"https:\/\/www.europesays.com\/fr\/wp-json\/wp\/v2\/tags?post=104435"}],"curies":[{"name":"wp","href":"https:\/\/api.w.org\/{rel}","templated":true}]}}