{"id":104441,"date":"2025-05-16T12:53:08","date_gmt":"2025-05-16T12:53:08","guid":{"rendered":"https:\/\/www.europesays.com\/fr\/104441\/"},"modified":"2025-05-16T12:53:08","modified_gmt":"2025-05-16T12:53:08","slug":"a-bordeaux-le-directeur-du-crous-vise-par-une-enquete-pour-harcelement-et-agressions-sexuelles","status":"publish","type":"post","link":"https:\/\/www.europesays.com\/fr\/104441\/","title":{"rendered":"\u00c0 Bordeaux, le directeur du Crous vis\u00e9 par une enqu\u00eate pour harc\u00e8lement et agressions sexuelles"},"content":{"rendered":"<p>Alors que plusieurs signalements ont \u00e9t\u00e9 faits \u00e0 son encontre pour harc\u00e8lement et agressions sexuelles, le directeur du Crous de Bordeaux nie les faits.<\/p>\n<p class=\"fig-paragraph\">Une enqu\u00eate administrative visant le directeur g\u00e9n\u00e9ral du Crous de\u00a0<a href=\"http:\/\/www.lefigaro.fr\/bordeaux\/bordeaux-au-proces-de-l-adolescent-tue-dans-le-quartier-des-aubiers-la-peur-des-temoins-20250516\" data-fig-type=\"NewsFlash\" data-gtm-custom-categorie=\"navigation\" data-gtm-custom-action=\"crossclick\" data-gtm-custom-label=\"Contextuel\" data-gtm-event=\"customEventSPE\" data-fig-domain=\"LEFIGARO\" target=\"_blank\" rel=\"noopener\">Bordeaux<\/a>\u00a0est en cours apr\u00e8s le signalement \u00e0 son encontre de faits de\u00a0<a href=\"https:\/\/www.lefigaro.fr\/faits-divers\/harcelement-scolaire-une-enquete-ouverte-apres-l-agression-d-une-jeune-fille-de-13-ans-20250228?msockid=258c4318a154643d05395665a0ed65f9\" target=\"_blank\" data-fig-type=\"Article\" rel=\"noopener\" data-gtm-custom-categorie=\"navigation\" data-gtm-custom-action=\"crossclick\" data-gtm-custom-label=\"Contextuel\" data-gtm-event=\"customEventSPE\" data-fig-domain=\"LEFIGARO\">harc\u00e8lement\u00a0<\/a>et d&rsquo;agression sexuelle, a-t-on appris vendredi dans l&rsquo;entourage du ministre de\u00a0<a href=\"https:\/\/www.lefigaro.fr\/bordeaux\/bordeaux-apres-trois-semaines-le-blocage-de-l-universite-montaigne-est-de-plus-en-plus-conteste-a-l-approche-des-examens-20250410?msockid=258c4318a154643d05395665a0ed65f9\" target=\"_blank\" data-fig-type=\"NewsFlash\" rel=\"noopener\" data-gtm-custom-categorie=\"navigation\" data-gtm-custom-action=\"crossclick\" data-gtm-custom-label=\"Contextuel\" data-gtm-event=\"customEventSPE\" data-fig-domain=\"LEFIGARO\">l&rsquo;Enseignement sup\u00e9rieur<\/a>.<\/p>\n<p class=\"fig-paragraph\">L&rsquo;enqu\u00eate men\u00e9e par l&rsquo;Inspection g\u00e9n\u00e9rale de l&rsquo;\u00c9ducation, du Sport et de la Recherche (IG\u00c9SR) a \u00e9t\u00e9 lanc\u00e9e en f\u00e9vrier \u00ab\u00e0 la suite d&rsquo;all\u00e9gations anonymes\u00bb, a-t-on pr\u00e9cis\u00e9 de m\u00eame source. Le responsable r\u00e9gional du Crous est toujours en poste et \u00ab\u00e0 ce stade, rien ne justifie de prendre des mesures \u00e0 titre conservatoire\u00bb, a-t-on ajout\u00e9, l&rsquo;administration attendant les conclusions de l&rsquo;enqu\u00eate qui doivent \u00eatre rendues en juin.<\/p>\n<p class=\"fig-paragraph\">Le directeur \u00abconteste fermement ces accusations\u00bb dans un mail adress\u00e9 \u00e0 l&rsquo;AFP. \u00abC&rsquo;est avec la plus grande stup\u00e9faction que j&rsquo;apprends l&rsquo;existence suppos\u00e9e d&rsquo;une enqu\u00eate interne de l&rsquo;IG\u00c9SR \u00e0 mon encontre pour des faits d&rsquo;agressions sexuelles. \u00c0 ce jour, il ne m&rsquo;a pas \u00e9t\u00e9 notifi\u00e9 l&rsquo;existence d&rsquo;une enqu\u00eate portant sur de tels faits qui me seraient reproch\u00e9s\u00bb, ajoute-t-il.<\/p>\n<p class=\"fig-paragraph\">Selon une source proche du dossier, quatre victimes diff\u00e9rentes \u00e0 Bordeaux ont signal\u00e9 quatre\u00a0<a href=\"https:\/\/www.lefigaro.fr\/bordeaux\/libourne-un-elu-reconquete-condamne-a-8-mois-de-prison-avec-sursis-pour-agressions-sexuelles-20250515?msockid=258c4318a154643d05395665a0ed65f9\" target=\"_blank\" data-fig-type=\"NewsFlash\" rel=\"noopener\" data-gtm-custom-categorie=\"navigation\" data-gtm-custom-action=\"crossclick\" data-gtm-custom-label=\"Contextuel\" data-gtm-event=\"customEventSPE\" data-fig-domain=\"LEFIGARO\">agressions sexuelles<\/a>\u00a0et une \u00abrelation forc\u00e9e qui a abouti sur des rapports sexuels \u00e0 plusieurs reprises\u00bb. Trois autres victimes auraient \u00e9t\u00e9 identifi\u00e9es \u00e0 Grenoble, o\u00f9 le directeur en question \u00e9tait en poste pr\u00e9c\u00e9demment.<\/p>\n<p class=\"fig-paragraph\">Une victime, qui a requis l&rsquo;anonymat, a d\u00e9clar\u00e9 \u00e0 l&rsquo;AFP avoir d\u00e9j\u00e0 \u00e9t\u00e9 re\u00e7ue deux fois par les enqu\u00eateurs de l\u2019Inspection g\u00e9n\u00e9rale de l\u2019\u00e9ducation, du sport et de la recherche (IG\u00c9SR)\u00a0: une premi\u00e8re pour \u00e9voquer les faits et une deuxi\u00e8me pour \u00abmettre au jour les d\u00e9faillances dans la cha\u00eene hi\u00e9rarchique\u00bb.<\/p>\n<p>\u00abCaresses et tentatives de baisers forc\u00e9s\u00bb<\/p>\n<p class=\"fig-paragraph\">Elle t\u00e9moigne d&rsquo;un flirt insistant pendant plusieurs ann\u00e9es, avec des invitations r\u00e9p\u00e9t\u00e9es au restaurant ou \u00e0 des \u00e9v\u00e9nements divers, jusqu&rsquo;\u00e0 une soir\u00e9e lors de laquelle elle dit avoir subi \u00abdes caresses dans le bas du dos et au niveau des fesses\u00bb et des \u00abtentatives de baisers forc\u00e9s\u00bb.<\/p>\n<p class=\"fig-paragraph\">Cette femme a alert\u00e9 d&rsquo;abord la direction des ressources humaines, sans qu&rsquo;une proc\u00e9dure soit ouverte, puis en 2023 la cellule VSS (violences sexistes et sexuelles) du Crous, qui avait alors re\u00e7u \u00abau moins cinq ou six signalements\u00bb similaires. Mais cela a d\u00e9bouch\u00e9, selon elle, sur un simple \u00abrecadrage\u00bb du directeur, \u00abpour lui dire d&rsquo;arr\u00eater les invitations nocturnes\u00bb.<\/p>\n<p class=\"fig-paragraph\">Elle d\u00e9plore une \u00ababsence de r\u00e9action \u00e0 la hauteur des faits\u00bb jusqu&rsquo;\u00e0 l&rsquo;ouverture de l&rsquo;enqu\u00eate de l&rsquo;IG\u00c9SR, \u00e0 la suite de l&rsquo;envoi d&rsquo;une lettre en d\u00e9cembre. Cette \u00ablenteur administrative ne va pas dans le sens de la reconnaissance des victimes\u00bb, d\u00e9plore-t-elle, tout en soulignant l&rsquo;attitude \u00abtr\u00e8s professionnelle\u00bb des enqu\u00eateurs, qui ont selon elle d\u00e9j\u00e0 proc\u00e9d\u00e9 \u00e0 des dizaines d&rsquo;auditions.<\/p>\n","protected":false},"excerpt":{"rendered":"Alors que plusieurs signalements ont \u00e9t\u00e9 faits \u00e0 son encontre pour harc\u00e8lement et agressions sexuelles, le directeur du&hellip;\n","protected":false},"author":2,"featured_media":104442,"comment_status":"","ping_status":"","sticky":false,"template":"","format":"standard","meta":{"footnotes":""},"categories":[2817],"tags":[1111,11,1267,1997,2916,2911,2910,2915,2909,2904,2913,2912,2914,2906,2907,1067,1777,674,1011,27,2905,2908,3668,12,2219,25],"class_list":{"0":"post-104441","1":"post","2":"type-post","3":"status-publish","4":"format-standard","5":"has-post-thumbnail","7":"category-bordeaux","8":"tag-actu","9":"tag-actualites","10":"tag-agression-sexuelle","11":"tag-bordeaux","12":"tag-bordeaux-cauderan","13":"tag-bordeaux-centre-ville","14":"tag-bordeaux-chartrons-grand-parc-jardin-public","15":"tag-bordeaux-la-bastide","16":"tag-bordeaux-maritime","17":"tag-bordeaux-metropole","18":"tag-bordeaux-nansouty-st-genes","19":"tag-bordeaux-st-augustin-tauzin-alphonse-dupeux","20":"tag-bordeaux-sud","21":"tag-capitale-de-gaule","22":"tag-cathedrale-gothique-de-saint-andre","23":"tag-enquete","24":"tag-eu","25":"tag-europe","26":"tag-fr","27":"tag-france","28":"tag-gironde","29":"tag-girondins-de-bordeaux","30":"tag-harcelement","31":"tag-news","32":"tag-nouvelle-aquitaine","33":"tag-republique-francaise"},"share_on_mastodon":{"url":"","error":"Validation failed: Text character limit of 500 exceeded"},"_links":{"self":[{"href":"https:\/\/www.europesays.com\/fr\/wp-json\/wp\/v2\/posts\/104441","targetHints":{"allow":["GET"]}}],"collection":[{"href":"https:\/\/www.europesays.com\/fr\/wp-json\/wp\/v2\/posts"}],"about":[{"href":"https:\/\/www.europesays.com\/fr\/wp-json\/wp\/v2\/types\/post"}],"author":[{"embeddable":true,"href":"https:\/\/www.europesays.com\/fr\/wp-json\/wp\/v2\/users\/2"}],"replies":[{"embeddable":true,"href":"https:\/\/www.europesays.com\/fr\/wp-json\/wp\/v2\/comments?post=104441"}],"version-history":[{"count":0,"href":"https:\/\/www.europesays.com\/fr\/wp-json\/wp\/v2\/posts\/104441\/revisions"}],"wp:featuredmedia":[{"embeddable":true,"href":"https:\/\/www.europesays.com\/fr\/wp-json\/wp\/v2\/media\/104442"}],"wp:attachment":[{"href":"https:\/\/www.europesays.com\/fr\/wp-json\/wp\/v2\/media?parent=104441"}],"wp:term":[{"taxonomy":"category","embeddable":true,"href":"https:\/\/www.europesays.com\/fr\/wp-json\/wp\/v2\/categories?post=104441"},{"taxonomy":"post_tag","embeddable":true,"href":"https:\/\/www.europesays.com\/fr\/wp-json\/wp\/v2\/tags?post=104441"}],"curies":[{"name":"wp","href":"https:\/\/api.w.org\/{rel}","templated":true}]}}