{"id":1044501,"date":"2026-07-05T07:02:30","date_gmt":"2026-07-05T07:02:30","guid":{"rendered":"https:\/\/www.europesays.com\/fr\/1044501\/"},"modified":"2026-07-05T07:02:30","modified_gmt":"2026-07-05T07:02:30","slug":"fleetwood-mac-quand-jeremy-spencer-quitte-le-groupe-du-jour-au-lendemain-pour-rejoindre-une-secte","status":"publish","type":"post","link":"https:\/\/www.europesays.com\/fr\/1044501\/","title":{"rendered":"Fleetwood Mac : Quand Jeremy Spencer quitte le groupe du jour au lendemain&#8230; pour rejoindre une secte"},"content":{"rendered":"<p itemprop=\"description\"><strong>Ce samedi 4 juillet, Jeremy Spencer, guitariste, chanteur et membre fondateur de Fleetwood Mac, c\u00e9l\u00e8bre son anniversaire.<\/strong><\/p>\n<p class=\"isSelectedEnd\">Ce samedi 4 juillet, <strong>Jeremy Spencer<\/strong>, guitariste, chanteur et membre fondateur de <a href=\"https:\/\/virginradio.fr\/news\/rock\/9222\/fleetwood-mac-l-histoire-de-dreams-un-chef-d-oeuvre-de-stevie-nicks-fait-en-seulement-10-minutes\" target=\"_blank\" rel=\"noopener nofollow\"><strong>Fleetwood Mac<\/strong><\/a>, c\u00e9l\u00e8bre son anniversaire. Si le musicien a marqu\u00e9 les d\u00e9buts du groupe par son talent pour le blues et la guitare slide, son nom reste \u00e9galement associ\u00e9 \u00e0 l&rsquo;un des \u00e9pisodes les plus \u00e9tonnants de l&rsquo;histoire du rock : son d\u00e9part soudain de <strong>Fleetwood Mac<\/strong> en pleine tourn\u00e9e am\u00e9ricaine en 1971.<\/p>\n<p>Un pilier des d\u00e9buts de <strong>Fleetwood Mac<\/strong><\/p>\n<p class=\"isSelectedEnd\">Lorsque <strong>Fleetwood Mac<\/strong> voit le jour en 1967 autour de <strong>Peter Green<\/strong>, <strong>Mick Fleetwood<\/strong>, <strong>John McVie<\/strong> et <strong>Jeremy Spencer<\/strong>, le groupe s&rsquo;impose rapidement comme l&rsquo;un des fers de lance du blues britannique. Grand admirateur d&rsquo;<strong>Elvis Presley<\/strong> et du bluesman <strong>Elmore James<\/strong>, <strong>Jeremy Spencer<\/strong> apporte une identit\u00e9 musicale unique gr\u00e2ce \u00e0 son jeu de guitare slide et \u00e0 ses prestations sc\u00e9niques inspir\u00e9es du rock&rsquo;n&rsquo;roll des ann\u00e9es 1950.<\/p>\n<p class=\"isSelectedEnd\">Il participe ainsi aux premiers succ\u00e8s du groupe, notamment sur les albums <strong>Fleetwood Mac<\/strong>, <strong>Mr. Wonderful<\/strong>, <strong>Then Play On<\/strong> et <strong>Kiln House<\/strong>, avant que l&rsquo;histoire ne prenne une tournure totalement inattendue.<\/p>\n<p>Une simple sortie&#8230; dont il ne reviendra jamais<\/p>\n<p class=\"isSelectedEnd\">En f\u00e9vrier 1971, alors que <strong>Fleetwood Mac<\/strong> est en tourn\u00e9e \u00e0 <strong>Los Angeles<\/strong>, <strong>Jeremy Spencer<\/strong> quitte son h\u00f4tel pour acheter un magazine. Un geste anodin qui va pourtant bouleverser l&rsquo;avenir du groupe.<\/p>\n<p class=\"isSelectedEnd\">Le guitariste ne revient jamais. Apr\u00e8s plusieurs heures d&rsquo;attente, ses camarades d\u00e9couvrent qu&rsquo;il a rejoint le mouvement religieux <strong>Children of God<\/strong>, une organisation fond\u00e9e \u00e0 la fin des ann\u00e9es 1960 par <strong>David Berg<\/strong>. \u00c0 l&rsquo;\u00e9poque, le mouvement se pr\u00e9sente comme une communaut\u00e9 chr\u00e9tienne \u00e9vang\u00e9lique, mais il sera par la suite largement d\u00e9nonc\u00e9 pour ses d\u00e9rives sectaires, notamment son emprise sur les adeptes, ainsi que pour de graves scandales ayant conduit \u00e0 de nombreuses condamnations publiques.<\/p>\n<p class=\"isSelectedEnd\">Pour <strong>Fleetwood Mac<\/strong>, le choc est immense. Le groupe doit rapidement trouver une solution afin d&rsquo;assurer les dates restantes de la tourn\u00e9e.<\/p>\n<p>Un d\u00e9part qui change le destin du groupe<\/p>\n<p class=\"isSelectedEnd\">Face \u00e0 cette situation inattendue, <strong>Fleetwood Mac<\/strong> recrute rapidement le guitariste <a href=\"https:\/\/virginradio.fr\/news\/rock\/9106\/bob-welch-l-homme-qui-a-sauve-fleetwood-mac-avant-l-arrivee-de-stevie-nicks-et-lindsey-buckingham\" target=\"_blank\" rel=\"noopener nofollow\"><strong>Bob Welch<\/strong><\/a>, qui deviendra l&rsquo;un des artisans de la transition musicale du groupe. Quelques ann\u00e9es plus tard, l&rsquo;arriv\u00e9e de <a href=\"https:\/\/virginradio.fr\/news\/rock\/8682\/fleetwood-mac-agresse-a-santa-monica-lindsey-buckingham-evoque-aussi-stevie-nicks\" target=\"_blank\" rel=\"noopener nofollow\"><strong>Lindsey Buckingham<\/strong><\/a> et <a href=\"https:\/\/virginradio.fr\/news\/rock\/4926\/stevie-nicks-refuse-categoriquement-toute-reformation-de-fleetwood-mac\" target=\"_blank\" rel=\"noopener nofollow\"><strong>Stevie Nicks<\/strong><\/a> donnera naissance \u00e0 la formation la plus c\u00e9l\u00e8bre de <strong>Fleetwood Mac<\/strong>, celle qui conna\u00eetra un succ\u00e8s mondial avec l&rsquo;album Rumours.<\/p>\n<p class=\"isSelectedEnd\">De son c\u00f4t\u00e9, <strong>Jeremy Spencer<\/strong> poursuivra une carri\u00e8re solo discr\u00e8te tout en restant longtemps impliqu\u00e9 dans le mouvement religieux qu&rsquo;il avait rejoint en 1971.<\/p>\n<p>Plus de cinquante ans apr\u00e8s les faits, cette disparition soudaine reste l&rsquo;un des \u00e9pisodes les plus myst\u00e9rieux et inattendus de l&rsquo;histoire de <a href=\"https:\/\/virginradio.fr\/news\/rock\/8679\/fleetwood-mac-decouvrez-l-histoire-de-l-album-mythique-rumours\" target=\"_blank\" rel=\"noopener nofollow\"><strong>Fleetwood Mac<\/strong><\/a>, rappelant \u00e0 quel point le destin d&rsquo;un groupe peut parfois basculer en l&rsquo;espace de quelques heures.<\/p>\n","protected":false},"excerpt":{"rendered":"Ce samedi 4 juillet, Jeremy Spencer, guitariste, chanteur et membre fondateur de Fleetwood Mac, c\u00e9l\u00e8bre son anniversaire. Ce&hellip;\n","protected":false},"author":2,"featured_media":1044502,"comment_status":"","ping_status":"","sticky":false,"template":"","format":"standard","meta":{"footnotes":"","_share_on_mastodon":"0"},"categories":[1355],"tags":[1111,11,650,19312,58,7734,11500,2889,59,2263,19311,1011,27,1922,6417,1114,19315,4662,1361,873,19313,19314,19316,3725,1825,19310,66653,7040,3758,19307,19309,19308],"class_list":["post-1044501","post","type-post","status-publish","format-standard","has-post-thumbnail","category-musique","tag-actu","tag-actualites","tag-cinema","tag-dab","tag-divertissement","tag-ecoute","tag-electro","tag-emission","tag-entertainment","tag-equipe","tag-fm","tag-fr","tag-france","tag-info","tag-information","tag-infos","tag-interviews-rock","tag-journal","tag-music","tag-musique","tag-musique-rock","tag-nouveautes-rock","tag-playlists-rock","tag-podcast","tag-radio","tag-radio-en-ligne","tag-radio-rock","tag-rock","tag-station","tag-virgin","tag-virgin-radio","tag-virginradio"],"share_on_mastodon":{"url":"https:\/\/pubeurope.com\/@fr\/116866091996907459","error":""},"_links":{"self":[{"href":"https:\/\/www.europesays.com\/fr\/wp-json\/wp\/v2\/posts\/1044501","targetHints":{"allow":["GET"]}}],"collection":[{"href":"https:\/\/www.europesays.com\/fr\/wp-json\/wp\/v2\/posts"}],"about":[{"href":"https:\/\/www.europesays.com\/fr\/wp-json\/wp\/v2\/types\/post"}],"author":[{"embeddable":true,"href":"https:\/\/www.europesays.com\/fr\/wp-json\/wp\/v2\/users\/2"}],"replies":[{"embeddable":true,"href":"https:\/\/www.europesays.com\/fr\/wp-json\/wp\/v2\/comments?post=1044501"}],"version-history":[{"count":0,"href":"https:\/\/www.europesays.com\/fr\/wp-json\/wp\/v2\/posts\/1044501\/revisions"}],"wp:featuredmedia":[{"embeddable":true,"href":"https:\/\/www.europesays.com\/fr\/wp-json\/wp\/v2\/media\/1044502"}],"wp:attachment":[{"href":"https:\/\/www.europesays.com\/fr\/wp-json\/wp\/v2\/media?parent=1044501"}],"wp:term":[{"taxonomy":"category","embeddable":true,"href":"https:\/\/www.europesays.com\/fr\/wp-json\/wp\/v2\/categories?post=1044501"},{"taxonomy":"post_tag","embeddable":true,"href":"https:\/\/www.europesays.com\/fr\/wp-json\/wp\/v2\/tags?post=1044501"}],"curies":[{"name":"wp","href":"https:\/\/api.w.org\/{rel}","templated":true}]}}