{"id":104453,"date":"2025-05-16T12:59:08","date_gmt":"2025-05-16T12:59:08","guid":{"rendered":"https:\/\/www.europesays.com\/fr\/104453\/"},"modified":"2025-05-16T12:59:08","modified_gmt":"2025-05-16T12:59:08","slug":"marseille-transports-modifies-circulation-difficile-une-immense-foule-attendue","status":"publish","type":"post","link":"https:\/\/www.europesays.com\/fr\/104453\/","title":{"rendered":"Marseille. Transports modifi\u00e9s, circulation difficile&#8230; Une immense foule attendue"},"content":{"rendered":"<p>            Par<br \/>\n        <strong><br \/>\n            <a href=\"https:\/\/actu.fr\/auteur\/thibault-nadal-actu-fr\" title=\"Consulter tous les articles de Thibault Nadal\" target=\"_blank\" rel=\"noopener\">Thibault Nadal<\/a><br \/>\n        <\/strong><\/p>\n<p>        Publi\u00e9 le<\/p>\n<p>            16 mai 2025 \u00e0 14h18        <\/p>\n<p>Une derni\u00e8re danse pour f\u00eater les h\u00e9ros. Une semaine apr\u00e8s avoir obtenu leur qualification pour la prochaine <a href=\"https:\/\/actu.fr\/tag\/ligue-des-champions\" target=\"_blank\" rel=\"noopener\">Ligue des champions<\/a>, les joueurs de <a href=\"https:\/\/actu.fr\/tag\/olympique-de-marseille-om\" target=\"_blank\" rel=\"noopener\">l\u2019Olympique de Marseille<\/a> retrouvent <a href=\"https:\/\/actu.fr\/tag\/stade-velodrome\" target=\"_blank\" rel=\"noopener\">le stade V\u00e9lodrome<\/a> (8e) pour l\u2019ultime journ\u00e9e de Ligue\u00a01.<\/p>\n<p>Une derni\u00e8re rencontre plac\u00e9e sous le signe de la f\u00eate<\/p>\n<p class=\" wall-content\">Face au stade Rennais, les Olympiens tenteront de d\u00e9crocher une derni\u00e8re victoire, afin de conforter leur deuxi\u00e8me place au classement. Un classement qui leur permettrait de <strong>disputer le troph\u00e9e des Champions<\/strong>, seulement si le PSG remporte la coupe de France le week-end prochain.<\/p>\n<p class=\" wall-content\">\n<p class=\" wall-content\">Comme \u00e0 son habitude, le stade V\u00e9lodrome affichera complet pour cette derni\u00e8re rencontre de la saison o\u00f9 <strong>67\u2009000\u00a0personnes<\/strong> devraient venir garnir l\u2019enceinte du boulevard Michelet.<\/p>\n<p>Les perturbations dans les transports<\/p>\n<p class=\" wall-content\">Afin de s\u00e9curiser et fluidifier au maximum l\u2019arriv\u00e9e de supporters, la\u00a0RTM\u00a0modifie le service de ces lignes, de <strong>18h \u00e0 23h30<\/strong>.<\/p>\n<p class=\" wall-content\"><strong>M\u00e9tro M1 et M2<\/strong>\u2009:<\/p>\n<p>Vid\u00e9os : en ce moment sur Actu<\/p>\n<ul class=\" wall-content\">\n<li>Service renforc\u00e9 d\u00e8s 17h. Fermeture station P\u00e9rier d\u00e8s 22h35, vers G\u00e8ze.<\/li>\n<\/ul>\n<p class=\" wall-content\"><strong>Bus B1<\/strong>\u2009:<\/p>\n<ul class=\" wall-content\">\n<li>Neuf arr\u00eats non desservis en direction de Campus de Luminy\u2009: Castellane, Prado Dupr\u00e9, Prado P\u00e9rier, Prado Borde, Prado Louvain, Prado Rodocanachi, Rond-point du Prado, M\u00e9tro Rond-point du Prado, Michelet Huveaune.<\/li>\n<li>Dix arr\u00eats non desservis en direction de Castellane\u2009: Michelet Ramon, Michelet Huveaune, M\u00e9tro Rond-point du Prado, Rond-point du Prado, Prado Rodocanachi, Prado Louvain, Prado Borde, Prado P\u00e9rier, Prado Dupr\u00e9 et Castellane.<\/li>\n<li>Terminus Castellane d\u00e9plac\u00e9 \u00e0 PEM Ste-Marguerite Dromel.<\/li>\n<\/ul>\n<p class=\" wall-content\"><strong>Bus 15, 15S et 17<\/strong>\u2009:<\/p>\n<ul class=\" wall-content\">\n<li>Deux arr\u00eats non desservis en direction du terminus Sainte-Marguerite Dromel\u2009: Platanes Romain Rolland et Huveaune Platanes<\/li>\n<li>D\u00e9viation par bd Romain Rolland, bd des Trinitaires et bd de l\u2019Huveaune.<\/li>\n<\/ul>\n<p class=\" wall-content\"><strong>Bus 22 et 22S<\/strong>\u2009:<\/p>\n<ul class=\" wall-content\">\n<li>Sept arr\u00eats non desservis en direction de Les Baumettes, La Seigneurie\u2009: M\u00e9tro Rond-point du Prado, Michelet Huveaune, Michelet Ramon, Michelet Bousquet, Le Corbusier, Luce Michelet et Luce Isaac.<\/li>\n<li>Neuf arr\u00eats non desservis en direction de M\u00e9tro Rond-point du Prado\u2009: Ste-Anne, Isaac Luce, Luce Michelet, Michelet Luce, Le Corbusier, Michelet Bousquet, Michelet Ramon, Michelet Huveaune et M\u00e9tro Rond-point du Prado.<\/li>\n<li>Terminus M\u00e9tro Rond-point du Prado d\u00e9plac\u00e9 \u00e0 l\u2019arr\u00eat Mazargues Etienne Milan (arr\u00eat du Bus 23 situ\u00e9 sur l\u2019avenue de Mazargues, face au Supermarch\u00e9).<\/li>\n<\/ul>\n<p class=\" wall-content\"><strong>Bus 23, 44 et 45<\/strong>\u2009:<\/p>\n<ul class=\" wall-content\">\n<li>Deux arr\u00eats non desservis en direction de Beauvallon, Coll\u00e8ge Roy d\u2019Espagne, Marseilleveyre\u2009: M\u00e9tro Rond-point du Prado et N\u00e9gresko.<\/li>\n<li>Trois arr\u00eats non desservis en direction de M\u00e9tro Rond-point du Prado\u2009: Mazargues N\u00e9gresko, N\u00e9gresko et M\u00e9tro Rond-point du Prado.<\/li>\n<li>Terminus M\u00e9tro Rond-point du Prado d\u00e9plac\u00e9s \u00e0 l\u2019arr\u00eat Mazargues E.Milan (situ\u00e9 sur l\u2019avenue de Mazargues, face au Supermarch\u00e9).<\/li>\n<\/ul>\n<p class=\" wall-content\"><strong>Bus 72<\/strong>\u2009:<\/p>\n<ul class=\" wall-content\">\n<li>Deux arr\u00eats non desservis\u2009: H\u00f4pital St-Joseph et M\u00e9tro Rond-point du Prado.<\/li>\n<li>Terminus M\u00e9tro Rond Point du Prado d\u00e9plac\u00e9 \u00e0 4 bd de l\u2019Huveaune \u00e0 proximit\u00e9 du PEM Ste-Marguerite Dromel.<\/li>\n<\/ul>\n<p class=\" wall-content\"><strong>Bus 73<\/strong>\u2009:<\/p>\n<ul class=\" wall-content\">\n<li>Onze arr\u00eats non desservis en direction de Sainte-Marguerite Dromel\u2009: Toulon Delphes, Rouet Gaz du Midi, Rouet Cassis, Rouet Liandier, Rouet Roumanille, Rouet Louvain, Teisseire Rabatau, Teisseire Montfuron, Teisseire Palais des Sports, La Pugette et Sainte-Marguerite Dromel.<\/li>\n<li>Neuf arr\u00eats non desservis en direction de Vallon de l\u2019Oriol\u2009: Sainte-Marguerite Dromel, Teisseire Palais des Sports, Teisseire Montfuron, Teisseire Rabatau, Rouet Louvain, Maillane, Cantini Borde, Parc du 26e Centenaire et Gouff\u00e9 Austerlitz.<\/li>\n<li>Terminus Sainte-Marguerite Dromel d\u00e9plac\u00e9 \u00e0 Castellane.<\/li>\n<\/ul>\n<p class=\" wall-content\">Suivez toute l\u2019actualit\u00e9 de vos villes et m\u00e9dias favoris en vous inscrivant \u00e0 <a href=\"https:\/\/moncompte.actu.fr\" title=\"D\u00e9couvez Mon Actu\" rel=\"nofollow noopener\" data-trk=\"{&quot;cta&quot;:{&quot;action&quot;:&quot;https:\\\/\\\/moncompte.actu.fr&quot;,&quot;category&quot;:&quot;mon compte&quot;,&quot;from&quot;:&quot;article footer&quot;,&quot;name&quot;:&quot;Mon actu&quot;,&quot;type&quot;:&quot;cta&quot;}}\" target=\"_blank\">Mon Actu<\/a>.<\/p>\n","protected":false},"excerpt":{"rendered":"Par Thibault Nadal Publi\u00e9 le 16 mai 2025 \u00e0 14h18 Une derni\u00e8re danse pour f\u00eater les h\u00e9ros. Une&hellip;\n","protected":false},"author":2,"featured_media":53581,"comment_status":"","ping_status":"","sticky":false,"template":"","format":"standard","meta":{"footnotes":""},"categories":[2814],"tags":[1111,11,1777,674,63,1011,27,884,12,2333,882,25,10783,60,1280],"class_list":{"0":"post-104453","1":"post","2":"type-post","3":"status-publish","4":"format-standard","5":"has-post-thumbnail","7":"category-marseille","8":"tag-actu","9":"tag-actualites","10":"tag-eu","11":"tag-europe","12":"tag-football","13":"tag-fr","14":"tag-france","15":"tag-marseille","16":"tag-news","17":"tag-olympique-de-marseille-om","18":"tag-provence-alpes-cote-dazur","19":"tag-republique-francaise","20":"tag-rtm","21":"tag-sports","22":"tag-stade-velodrome"},"share_on_mastodon":{"url":"https:\/\/pubeurope.com\/@fr\/114517636948005080","error":""},"_links":{"self":[{"href":"https:\/\/www.europesays.com\/fr\/wp-json\/wp\/v2\/posts\/104453","targetHints":{"allow":["GET"]}}],"collection":[{"href":"https:\/\/www.europesays.com\/fr\/wp-json\/wp\/v2\/posts"}],"about":[{"href":"https:\/\/www.europesays.com\/fr\/wp-json\/wp\/v2\/types\/post"}],"author":[{"embeddable":true,"href":"https:\/\/www.europesays.com\/fr\/wp-json\/wp\/v2\/users\/2"}],"replies":[{"embeddable":true,"href":"https:\/\/www.europesays.com\/fr\/wp-json\/wp\/v2\/comments?post=104453"}],"version-history":[{"count":0,"href":"https:\/\/www.europesays.com\/fr\/wp-json\/wp\/v2\/posts\/104453\/revisions"}],"wp:featuredmedia":[{"embeddable":true,"href":"https:\/\/www.europesays.com\/fr\/wp-json\/wp\/v2\/media\/53581"}],"wp:attachment":[{"href":"https:\/\/www.europesays.com\/fr\/wp-json\/wp\/v2\/media?parent=104453"}],"wp:term":[{"taxonomy":"category","embeddable":true,"href":"https:\/\/www.europesays.com\/fr\/wp-json\/wp\/v2\/categories?post=104453"},{"taxonomy":"post_tag","embeddable":true,"href":"https:\/\/www.europesays.com\/fr\/wp-json\/wp\/v2\/tags?post=104453"}],"curies":[{"name":"wp","href":"https:\/\/api.w.org\/{rel}","templated":true}]}}