{"id":104462,"date":"2025-05-16T13:04:09","date_gmt":"2025-05-16T13:04:09","guid":{"rendered":"https:\/\/www.europesays.com\/fr\/104462\/"},"modified":"2025-05-16T13:04:09","modified_gmt":"2025-05-16T13:04:09","slug":"une-marche-blanche-organisee-a-stains","status":"publish","type":"post","link":"https:\/\/www.europesays.com\/fr\/104462\/","title":{"rendered":"une marche blanche organis\u00e9e \u00e0 Stains"},"content":{"rendered":"<p>            Par<br \/>\n        <strong><br \/>\n            <a href=\"https:\/\/actu.fr\/auteur\/redaction-paris\" title=\"Consulter tous les articles de R\u00e9daction Paris\" target=\"_blank\" rel=\"noopener\">R\u00e9daction Paris<\/a><br \/>\n        <\/strong><\/p>\n<p>        Publi\u00e9 le<\/p>\n<p>            16 mai 2025 \u00e0 8h18        <\/p>\n<p>Son corps a \u00e9t\u00e9 retrouv\u00e9 gisant dans un mare de sang. Les repr\u00e9sentants de la diaspora du parti d\u00e9mocratique de C\u00f4te d\u2019Ivoire (PDCI) appelle \u00e0 <strong><a href=\"https:\/\/actu.fr\/ile-de-france\/nanterre_92050\/nanterre-un-an-apres-la-mort-de-nahel-sa-mere-appelle-a-une-marche-blanche_61242727.html\" target=\"_blank\" rel=\"noopener\">une marche blanche<\/a><\/strong> en hommage \u00e0 <strong>Banassa Bamba,<\/strong> <a href=\"https:\/\/actu.fr\/ile-de-france\/stains_93072\/seine-saint-denis-portee-disparue-une-femme-retrouvee-egorgee-dans-un-appartement_62587368.html\" target=\"_blank\" rel=\"noopener\">retrouv\u00e9e <strong>morte<\/strong> le 1er mai 2025<\/a> dans un appartement de Stains (Seine-Saint-Denis). Le rendez-vous est donn\u00e9 samedi 26 mai 2025 \u00e0 14 heures, boulevard Maxime-Gorki, \u00e0 deux pas du lieu o\u00f9 la jeune<strong> \u00e9tudiante de 29 ans<\/strong> a \u00e9t\u00e9 <a href=\"https:\/\/actu.fr\/tag\/meurtre\" target=\"_blank\" rel=\"noopener\">tu\u00e9e<\/a>.\u00a0<\/p>\n<p>Etudiante originaire de C\u00f4te d\u2019Ivoire<\/p>\n<p class=\" wall-content\">Originaire de C\u00f4te d\u2019Ivoire, Bamba Banassa \u00e9tait venue en France pour ses \u00e9tudes. Tout juste dipl\u00f4m\u00e9e de <a href=\"https:\/\/actu.fr\/bourgogne-franche-comte\/dole_39198\/dole-160-etudiants-pour-deux-nouvelles-formations-universitaires_57281391.html\" target=\"_blank\" rel=\"noopener\">l\u2019universit\u00e9 de Besan\u00e7on<\/a>, elle avait emm\u00e9nager \u00e0 la fin de l\u2019ann\u00e9e 2024 en r\u00e9gion parisienne. Elle avait \u00e9t\u00e9 suivie par son compagnon,<strong> un homme<\/strong> rencontr\u00e9 sur le campus universitaire. C\u2019est dans l\u2019appartement de ce dernier, aujourd\u2019hui <a href=\"https:\/\/actu.fr\/tag\/feminicide\" target=\"_blank\" rel=\"noopener\">en <\/a><strong><a href=\"https:\/\/actu.fr\/tag\/feminicide\" target=\"_blank\" rel=\"noopener\">fuite<\/a>,<\/strong> que le corps de la jeune femme a \u00e9t\u00e9 retrouv\u00e9 \u00e9gorg\u00e9.\u00a0<\/p>\n<p class=\" wall-content\">\u00ab\u00a0Banassa incarnait l\u2019espoir d\u2019une jeunesse ivoirienne tourn\u00e9e vers l\u2019avenir. Son meurtre tragique, le silence m\u00e9diatique qui l\u2019entoure, et l\u2019impunit\u00e9 dont b\u00e9n\u00e9ficie \u00e0 ce jour le suspect en fuite, suscitent une indignation l\u00e9gitime\u00a0\u00bb, plaide le PDCI dans un communiqu\u00e9.\u00a0<\/p>\n<p class=\" wall-content\">La marche r\u00e9clame \u00ab\u00a0justice pour Banassa\u00a0\u00bb et aussi \u00ab\u00a0la v\u00e9rit\u00e9 sur les circonstances du crime\u00a0\u00bb. L\u2019association des \u00e9tudiants ivoiriens de Besan\u00e7on a mis en place<strong> <a href=\"https:\/\/www.leetchi.com\/fr\/c\/soutien-a-banassa-bamba-1353268?utm_source=native&amp;utm_medium=social_sharing&amp;fbclid=IwY2xjawKMAt9leHRuA2FlbQIxMABicmlkETFkcFltWUo0czdybHAzWFB1AR6_gVR_6NY_hQvFNU8HZTEhxNuOCFVvu4ErE7mIYAAzfh4D1PZg_czYXPWnBw_aem_ihwNAcmZ6fAcnvKHY2Yc1w\" target=\"_blank\" rel=\"noopener\">une cagnotte<\/a> <\/strong>en ligne pour aider au rapatriement de son corps en C\u00f4te d\u2019Ivoire o\u00f9 sa famille r\u00e9side.\u00a0<\/p>\n<p class=\" wall-content\">Suivez toute l\u2019actualit\u00e9 de vos villes et m\u00e9dias favoris en vous inscrivant \u00e0 <a href=\"https:\/\/moncompte.actu.fr\" title=\"D\u00e9couvez Mon Actu\" rel=\"nofollow noopener\" data-trk=\"{&quot;cta&quot;:{&quot;action&quot;:&quot;https:\\\/\\\/moncompte.actu.fr&quot;,&quot;category&quot;:&quot;mon compte&quot;,&quot;from&quot;:&quot;article footer&quot;,&quot;name&quot;:&quot;Mon actu&quot;,&quot;type&quot;:&quot;cta&quot;}}\" target=\"_blank\">Mon Actu<\/a>.<\/p>\n","protected":false},"excerpt":{"rendered":"Par R\u00e9daction Paris Publi\u00e9 le 16 mai 2025 \u00e0 8h18 Son corps a \u00e9t\u00e9 retrouv\u00e9 gisant dans un&hellip;\n","protected":false},"author":2,"featured_media":76762,"comment_status":"","ping_status":"","sticky":false,"template":"","format":"standard","meta":{"footnotes":""},"categories":[1888],"tags":[1111,1928,11,1927,1777,674,3555,1011,27,777,12,1926,626,1925,25,104],"class_list":{"0":"post-104462","1":"post","2":"type-post","3":"status-publish","4":"format-standard","5":"has-post-thumbnail","7":"category-paris","8":"tag-actu","9":"tag-actu-paris","10":"tag-actualites","11":"tag-actualites-paris","12":"tag-eu","13":"tag-europe","14":"tag-feminicide","15":"tag-fr","16":"tag-france","17":"tag-meurtre","18":"tag-news","19":"tag-news-paris","20":"tag-paris","21":"tag-paris-news","22":"tag-republique-francaise","23":"tag-societe"},"share_on_mastodon":{"url":"https:\/\/pubeurope.com\/@fr\/114517656917227232","error":""},"_links":{"self":[{"href":"https:\/\/www.europesays.com\/fr\/wp-json\/wp\/v2\/posts\/104462","targetHints":{"allow":["GET"]}}],"collection":[{"href":"https:\/\/www.europesays.com\/fr\/wp-json\/wp\/v2\/posts"}],"about":[{"href":"https:\/\/www.europesays.com\/fr\/wp-json\/wp\/v2\/types\/post"}],"author":[{"embeddable":true,"href":"https:\/\/www.europesays.com\/fr\/wp-json\/wp\/v2\/users\/2"}],"replies":[{"embeddable":true,"href":"https:\/\/www.europesays.com\/fr\/wp-json\/wp\/v2\/comments?post=104462"}],"version-history":[{"count":0,"href":"https:\/\/www.europesays.com\/fr\/wp-json\/wp\/v2\/posts\/104462\/revisions"}],"wp:featuredmedia":[{"embeddable":true,"href":"https:\/\/www.europesays.com\/fr\/wp-json\/wp\/v2\/media\/76762"}],"wp:attachment":[{"href":"https:\/\/www.europesays.com\/fr\/wp-json\/wp\/v2\/media?parent=104462"}],"wp:term":[{"taxonomy":"category","embeddable":true,"href":"https:\/\/www.europesays.com\/fr\/wp-json\/wp\/v2\/categories?post=104462"},{"taxonomy":"post_tag","embeddable":true,"href":"https:\/\/www.europesays.com\/fr\/wp-json\/wp\/v2\/tags?post=104462"}],"curies":[{"name":"wp","href":"https:\/\/api.w.org\/{rel}","templated":true}]}}