{"id":104463,"date":"2025-05-16T13:05:11","date_gmt":"2025-05-16T13:05:11","guid":{"rendered":"https:\/\/www.europesays.com\/fr\/104463\/"},"modified":"2025-05-16T13:05:11","modified_gmt":"2025-05-16T13:05:11","slug":"mon-gendre-a-ete-heroique-confie-le-patron-de-cryptomonnaie-pere-de-la-victime","status":"publish","type":"post","link":"https:\/\/www.europesays.com\/fr\/104463\/","title":{"rendered":"\u00ab Mon gendre a \u00e9t\u00e9 h\u00e9ro\u00efque \u00bb, confie le patron de cryptomonnaie, p\u00e8re de la victime"},"content":{"rendered":"<p><strong>T\u00c9MOIGNAGE &#8211; Pierre Noizat, fondateur de Paymium, une plateforme d\u2019\u00e9change de bitcoin, a t\u00e9moign\u00e9 sur BFM apr\u00e8s la tentative d\u2019enl\u00e8vement de sa fille et de son petit-fils en pleine rue \u00e0 Paris<\/strong><\/p>\n<p>Trois jours apr\u00e8s <a href=\"https:\/\/www.20minutes.fr\/faits_divers\/faits-divers-paris\/4153205-20250513-paris-couple-vise-tentative-enlevement-pleine-rue?at_medium=RSS%20feed&amp;at_campaign=ynews&amp;utm_source=yahoo&amp;utm_medium=rss&amp;utm_campaign=news_feed&amp;utm_content=in_article_link\" rel=\"nofollow noopener\" target=\"_blank\" data-ylk=\"slk:la tentative d\u2019enl\u00e8vement de sa fille et de son petit-fils;elm:context_link;itc:0;sec:content-canvas\" class=\"link \">la tentative d\u2019enl\u00e8vement de sa fille et de son petit-fils<\/a> en pleine rue \u00e0 <a href=\"https:\/\/www.20minutes.fr\/paris\/?at_medium=RSS%20feed&amp;at_campaign=ynews&amp;utm_source=yahoo&amp;utm_medium=rss&amp;utm_campaign=news_feed&amp;utm_content=in_article_link\" rel=\"nofollow noopener\" target=\"_blank\" data-ylk=\"slk:Paris;elm:context_link;itc:0;sec:content-canvas\" class=\"link \">Paris<\/a>, Pierre Noizat, fondateur de la plateforme d\u2019\u00e9change de cryptomonnaie <a href=\"https:\/\/www.20minutes.fr\/20-mint\/4003846-20221005-pierre-noizat-bitcoin-reste-plus-jamais-cryptomonnaie-etalon?at_medium=RSS%20feed&amp;at_campaign=ynews&amp;utm_source=yahoo&amp;utm_medium=rss&amp;utm_campaign=news_feed&amp;utm_content=in_article_link\" rel=\"nofollow noopener\" target=\"_blank\" data-ylk=\"slk:Paymium;elm:context_link;itc:0;sec:content-canvas\" class=\"link \">Paymium<\/a>, a t\u00e9moign\u00e9 sur le plateau de <a href=\"https:\/\/www.bfmtv.com\/paris\/faits-divers\/tentatives-d-enlevement-de-proches-d-un-patron-en-cryptomonnaie-a-paris-le-pere-d-une-victime-se-dit-conscient-des-risques_AV-202505160251.html?at_medium=RSS%20feed&amp;at_campaign=ynews&amp;utm_source=yahoo&amp;utm_medium=rss&amp;utm_campaign=news_feed&amp;utm_content=in_article_link\" rel=\"nofollow noopener\" target=\"_blank\" data-ylk=\"slk:BFM TV;elm:context_link;itc:0;sec:content-canvas\" class=\"link \">BFM TV<\/a>.<\/p>\n<p>\u00ab\u00a0Ils se portent aussi bien que possible, ils sont tr\u00e8s forts, ils font mon admiration\u00a0\u00bb, a-t-il d\u00e9clar\u00e9 au sujet de sa fille et de son mari. Il a qualifi\u00e9 ce dernier \u00ab\u00a0d\u2019h\u00e9ro\u00efque\u00a0\u00bb. \u00ab\u00a0C\u2019est lui qui a fait \u00e9chouer la tentative [d\u2019enl\u00e8vement] avec l\u2019aide de voisins alert\u00e9s par les cris\u00a0\u00bb, a-t-il assur\u00e9.<\/p>\n<blockquote placeholder=\"\" data-theme=\"light\" class=\"twitter-tweet\">\n<p>\ud83d\udcac \u00ab\u00a0Elle se porte aussi bien que possible\u00a0\u00bb<\/p>\n<p>Pierre Noizat, pr\u00e9sident d&rsquo;une plateforme de cryptomonnaie Paymium, donne des nouvelles de sa fille, victime d&rsquo;une tentative d&rsquo;enl\u00e8vement <a href=\"https:\/\/t.co\/LAt4JecxH6\" rel=\"nofollow noopener\" target=\"_blank\" data-ylk=\"slk:pic.twitter.com\/LAt4JecxH6;elm:context_link;itc:0;sec:content-canvas\" class=\"link \">pic.twitter.com\/LAt4JecxH6<\/a><\/p>\n<p>\u2014 BFMTV (@BFMTV) <a href=\"https:\/\/twitter.com\/BFMTV\/status\/1923274001779925472?ref_src=twsrc%5Etfw\" rel=\"nofollow noopener\" target=\"_blank\" data-ylk=\"slk:May 16, 2025;elm:context_link;itc:0;sec:content-canvas\" class=\"link \">May 16, 2025<\/a><\/p>\n<\/blockquote>\n<p>Avant d\u2019ajouter\u00a0: \u00ab\u00a0Ils ont fait tout ce qu\u2019il fallait pour faire \u00e9chouer [le kidnapping]. Mais si on en est l\u00e0, c\u2019est que la situation est grave.\u00a0\u00bb Pour lui, la violence dont a \u00e9t\u00e9 victime sa fille est l\u2019illustration d\u2019une sorte de \u00ab\u00a0terreur\u00a0\u00bb, instaur\u00e9e par \u00ab\u00a0les narcotrafiquants\u00a0\u00bb en France. Il pense qu&rsquo;\u00ab\u00a0on est en plein dans la mexicanisation\u00a0\u00bb du pays.<\/p>\n<p>\u00ab\u00a0Conscient des risques\u00a0\u00bb depuis des ann\u00e9es<\/p>\n<p>Pierre Noizat, qui a lanc\u00e9 sa soci\u00e9t\u00e9 en\u00a02011, a d\u00e9clar\u00e9 aupr\u00e8s de BFM qu\u2019il \u00e9tait \u00ab\u00a0tout sauf terroris\u00e9\u00a0\u00bb. Il se dit \u00ab\u00a0serein\u00a0\u00bb mais \u00ab\u00a0pas inconscient des risques\u00a0\u00bb. \u00ab\u00a0\u00c7a fait quinze ans qu\u2019on est conscient des risques\u00a0\u00bb, a-t-il soulign\u00e9 m\u00eame s\u2019il n\u2019a vu \u00ab\u00a0aucun signe avant-coureur\u00a0\u00bb de cette tentative d\u2019enl\u00e8vement de ses proches. \u00ab\u00a0\u00c7a fait quinze ans que je suis actif, a-t-il encha\u00een\u00e9. Des gens ont pu faire des hypoth\u00e8ses sur mon patrimoine et se raconter des histoires pour faire pression.\u00a0\u00bb<\/p>\n<p><a href=\"https:\/\/www.20minutes.fr\/20-mint\/cryptomonnaies\/\" rel=\"nofollow noopener\" target=\"_blank\" data-ylk=\"slk:Notre dossier sur les cryptomonnaies;elm:context_link;itc:0;sec:content-canvas\" class=\"link \">Notre dossier sur les cryptomonnaies<\/a><\/p>\n<p>Ce vendredi, il doit \u00eatre re\u00e7u par le ministre de l\u2019Int\u00e9rieur Bruno Reta(&#8230;)<\/p>\n<p><a href=\"https:\/\/www.20minutes.fr\/faits_divers\/faits-divers-paris\/4153875-20250516-tentative-enlevement-paris-gendre-heroique-confie-patron-cryptomonnaie-pere-victime?at_medium=RSS%20feed&amp;at_campaign=ynews&amp;utm_source=yahoo&amp;utm_medium=rss&amp;utm_campaign=news_feed&amp;utm_content=read_more_link&quot;\" rel=\"nofollow noopener\" target=\"_blank\" data-ylk=\"slk:Lire la suite sur 20minutes;elm:context_link;itc:0;sec:content-canvas\" class=\"link \">Lire la suite sur 20minutes<\/a><\/p>\n<p>\u00c0 lire aussi :<br \/><a href=\"https:\/\/www.20minutes.fr\/faits_divers\/faits-divers-paris\/4153205-20250513-paris-couple-vise-tentative-enlevement-pleine-rue?at_medium=RSS%20feed&amp;at_campaign=ynews&amp;utm_source=yahoo&amp;utm_medium=rss&amp;utm_campaign=news_feed&amp;utm_content=related_content_link\" rel=\"nofollow noopener\" target=\"_blank\" data-ylk=\"slk:Paris\u00a0: La fille et le petit-fils du PDG d\u2019une soci\u00e9t\u00e9 de cryptomonnaie \u00e9chappent \u00e0 une tentative d\u2019enl\u00e8vement;elm:context_link;itc:0;sec:content-canvas\" class=\"link \">Paris\u00a0: La fille et le petit-fils du PDG d\u2019une soci\u00e9t\u00e9 de cryptomonnaie \u00e9chappent \u00e0 une tentative d\u2019enl\u00e8vement<\/a><br \/><a href=\"https:\/\/www.20minutes.fr\/faits_divers\/4144285-20250319-enlevement-david-balland-doigt-coupe-scotch-yeux-patron-tech-raconte-calvaire?at_medium=RSS%20feed&amp;at_campaign=ynews&amp;utm_source=yahoo&amp;utm_medium=rss&amp;utm_campaign=news_feed&amp;utm_content=related_content_link\" rel=\"nofollow noopener\" target=\"_blank\" data-ylk=\"slk:Enl\u00e8vement de David Balland\u00a0: Doigt coup\u00e9, scotch sur les yeux\u2026 Le patron de la Tech raconte son calvaire;elm:context_link;itc:0;sec:content-canvas\" class=\"link \">Enl\u00e8vement de David Balland\u00a0: Doigt coup\u00e9, scotch sur les yeux\u2026 Le patron de la Tech raconte son calvaire<\/a><\/p>\n<p><script async src=\"https:\/\/platform.twitter.com\/widgets.js\" charset=\"utf-8\"><\/script><\/p>\n","protected":false},"excerpt":{"rendered":"T\u00c9MOIGNAGE &#8211; Pierre Noizat, fondateur de Paymium, une plateforme d\u2019\u00e9change de bitcoin, a t\u00e9moign\u00e9 sur BFM apr\u00e8s la&hellip;\n","protected":false},"author":2,"featured_media":104464,"comment_status":"","ping_status":"","sticky":false,"template":"","format":"standard","meta":{"footnotes":""},"categories":[1888],"tags":[1111,1928,11,1927,21895,1777,674,1011,27,8017,12,1926,626,1925,22121,22122,25],"class_list":{"0":"post-104463","1":"post","2":"type-post","3":"status-publish","4":"format-standard","5":"has-post-thumbnail","7":"category-paris","8":"tag-actu","9":"tag-actu-paris","10":"tag-actualites","11":"tag-actualites-paris","12":"tag-bfm","13":"tag-eu","14":"tag-europe","15":"tag-fr","16":"tag-france","17":"tag-la-plateforme","18":"tag-news","19":"tag-news-paris","20":"tag-paris","21":"tag-paris-news","22":"tag-paymium","23":"tag-pierre-noizat","24":"tag-republique-francaise"},"share_on_mastodon":{"url":"https:\/\/pubeurope.com\/@fr\/114517660573907384","error":""},"_links":{"self":[{"href":"https:\/\/www.europesays.com\/fr\/wp-json\/wp\/v2\/posts\/104463","targetHints":{"allow":["GET"]}}],"collection":[{"href":"https:\/\/www.europesays.com\/fr\/wp-json\/wp\/v2\/posts"}],"about":[{"href":"https:\/\/www.europesays.com\/fr\/wp-json\/wp\/v2\/types\/post"}],"author":[{"embeddable":true,"href":"https:\/\/www.europesays.com\/fr\/wp-json\/wp\/v2\/users\/2"}],"replies":[{"embeddable":true,"href":"https:\/\/www.europesays.com\/fr\/wp-json\/wp\/v2\/comments?post=104463"}],"version-history":[{"count":0,"href":"https:\/\/www.europesays.com\/fr\/wp-json\/wp\/v2\/posts\/104463\/revisions"}],"wp:featuredmedia":[{"embeddable":true,"href":"https:\/\/www.europesays.com\/fr\/wp-json\/wp\/v2\/media\/104464"}],"wp:attachment":[{"href":"https:\/\/www.europesays.com\/fr\/wp-json\/wp\/v2\/media?parent=104463"}],"wp:term":[{"taxonomy":"category","embeddable":true,"href":"https:\/\/www.europesays.com\/fr\/wp-json\/wp\/v2\/categories?post=104463"},{"taxonomy":"post_tag","embeddable":true,"href":"https:\/\/www.europesays.com\/fr\/wp-json\/wp\/v2\/tags?post=104463"}],"curies":[{"name":"wp","href":"https:\/\/api.w.org\/{rel}","templated":true}]}}