{"id":104465,"date":"2025-05-16T13:06:12","date_gmt":"2025-05-16T13:06:12","guid":{"rendered":"https:\/\/www.europesays.com\/fr\/104465\/"},"modified":"2025-05-16T13:06:12","modified_gmt":"2025-05-16T13:06:12","slug":"paris-la-rentree-de-septembre-un-peu-moins-floue-pour-les-enfants-de-lecole-belzunce-contaminee-au-mercure","status":"publish","type":"post","link":"https:\/\/www.europesays.com\/fr\/104465\/","title":{"rendered":"Paris\u00a0: la rentr\u00e9e de septembre (un peu) moins floue pour les enfants de l\u2019\u00e9cole Belzunce, contamin\u00e9e au mercure"},"content":{"rendered":"<p class=\"paragraph text_align_left\">Sur les bancs de l\u2019\u00e9cole Chabrol, la classe est quelque peu agit\u00e9e dans la soir\u00e9e e ce jeudi 15 mai. Et elle a de quoi. Voil\u00e0 six mois que les parents d\u2019\u00e9l\u00e8ves <a href=\"https:\/\/www.leparisien.fr\/paris-75\/un-mois-apres-la-contamination-au-mercure-lecole-reste-fermee-a-paris-tout-le-monde-est-a-bout-02-12-2024-XOQZRVDMWZDC5PLF5WQTSTFRSI.php\" target=\"_self\" rel=\"nofollow noopener\">de l\u2019\u00e9cole Belzunce<\/a> (Paris Xe), ferm\u00e9e depuis <a href=\"https:\/\/www.leparisien.fr\/paris-75\/inadmissible-a-paris-230-personnes-dont-140-enfants-evacues-dune-ecole-pour-un-deversement-de-mercure-08-11-2024-5EINARVFMFDWFN4PQEM6AJCSYA.php\" target=\"_self\" rel=\"nofollow noopener\">sa contamination au mercure en novembre<\/a>, tentent d\u2019obtenir des informations et de se projeter quant \u00e0 la scolarisation de leurs enfants.<\/p>\n<p class=\"paragraph text_align_left\">Assis devant Alexandra Cordebard, maire (PS) de l\u2019arrondissement install\u00e9e derri\u00e8re le bureau de l\u2019institutrice pour l\u2019occasion, ils apprennent enfin o\u00f9 seront temporairement scolaris\u00e9s leurs enfants \u00e0 la rentr\u00e9e de septembre.<\/p>\n","protected":false},"excerpt":{"rendered":"Sur les bancs de l\u2019\u00e9cole Chabrol, la classe est quelque peu agit\u00e9e dans la soir\u00e9e e ce jeudi&hellip;\n","protected":false},"author":2,"featured_media":104466,"comment_status":"","ping_status":"","sticky":false,"template":"","format":"standard","meta":{"footnotes":""},"categories":[1888],"tags":[11,1777,674,1011,27,1944,12,626,25],"class_list":{"0":"post-104465","1":"post","2":"type-post","3":"status-publish","4":"format-standard","5":"has-post-thumbnail","7":"category-paris","8":"tag-actualites","9":"tag-eu","10":"tag-europe","11":"tag-fr","12":"tag-france","13":"tag-ma-ville","14":"tag-news","15":"tag-paris","16":"tag-republique-francaise"},"share_on_mastodon":{"url":"https:\/\/pubeurope.com\/@fr\/114517664767392812","error":""},"_links":{"self":[{"href":"https:\/\/www.europesays.com\/fr\/wp-json\/wp\/v2\/posts\/104465","targetHints":{"allow":["GET"]}}],"collection":[{"href":"https:\/\/www.europesays.com\/fr\/wp-json\/wp\/v2\/posts"}],"about":[{"href":"https:\/\/www.europesays.com\/fr\/wp-json\/wp\/v2\/types\/post"}],"author":[{"embeddable":true,"href":"https:\/\/www.europesays.com\/fr\/wp-json\/wp\/v2\/users\/2"}],"replies":[{"embeddable":true,"href":"https:\/\/www.europesays.com\/fr\/wp-json\/wp\/v2\/comments?post=104465"}],"version-history":[{"count":0,"href":"https:\/\/www.europesays.com\/fr\/wp-json\/wp\/v2\/posts\/104465\/revisions"}],"wp:featuredmedia":[{"embeddable":true,"href":"https:\/\/www.europesays.com\/fr\/wp-json\/wp\/v2\/media\/104466"}],"wp:attachment":[{"href":"https:\/\/www.europesays.com\/fr\/wp-json\/wp\/v2\/media?parent=104465"}],"wp:term":[{"taxonomy":"category","embeddable":true,"href":"https:\/\/www.europesays.com\/fr\/wp-json\/wp\/v2\/categories?post=104465"},{"taxonomy":"post_tag","embeddable":true,"href":"https:\/\/www.europesays.com\/fr\/wp-json\/wp\/v2\/tags?post=104465"}],"curies":[{"name":"wp","href":"https:\/\/api.w.org\/{rel}","templated":true}]}}