{"id":104467,"date":"2025-05-16T13:07:09","date_gmt":"2025-05-16T13:07:09","guid":{"rendered":"https:\/\/www.europesays.com\/fr\/104467\/"},"modified":"2025-05-16T13:07:09","modified_gmt":"2025-05-16T13:07:09","slug":"psg-auxerre-un-show-electro-du-dj-michael-canitrot-pour-feter-le-titre-de-champion-de-france-de-paris-au-parc","status":"publish","type":"post","link":"https:\/\/www.europesays.com\/fr\/104467\/","title":{"rendered":"PSG-Auxerre\u00a0: un show \u00e9lectro du DJ Micha\u00ebl Canitrot pour f\u00eater le titre de champion de France de Paris au Parc"},"content":{"rendered":"<p class=\"paragraph text_align_left\">Une derni\u00e8re grande soir\u00e9e \u00e0 la maison. Ce samedi soir, le Paris Saint-Germain re\u00e7oit l\u2019AJ Auxerre (21 heures) au <a href=\"https:\/\/www.leparisien.fr\/paris-75\/psg-et-paris-fc-reunis-a-la-porte-dauteuil-a-quoi-sattendre-dans-le-quartier-la-saison-prochaine-05-05-2025-CKMHMHFHVZDTHNW5PVQZDPQFBY.php\" target=\"_blank\" rel=\"noreferrer nofollow noopener\">Parc des Princes<\/a> pour le compte de la 34e journ\u00e9e de la <a href=\"https:\/\/www.leparisien.fr\/sports\/football\/ligue-1\/ligue-1-combien-vont-toucher-les-clubs-grace-a-leur-classement-final-16-05-2025-6DF77WE6U5EB3NQ5PHWEQIACWY.php\" target=\"_blank\" rel=\"noreferrer nofollow noopener\">Ligue 1<\/a>. Une derni\u00e8re valse pour les joueurs du <a href=\"https:\/\/www.leparisien.fr\/sports\/football\/psg\/\" target=\"_blank\" rel=\"noreferrer nofollow noopener\">PSG<\/a> d\u00e9j\u00e0 assur\u00e9s depuis cinq rencontres d\u2019\u00eatre champions de France pour la treizi\u00e8me fois. Un match de gala donc, qui se cl\u00f4turera par la remise du troph\u00e9e ainsi qu\u2019une performance in\u00e9dite.<\/p>\n<p class=\"paragraph text_align_left\">D\u00e8s le coup de sifflet final, l\u2019heure sera \u00e0 la f\u00eate. Avant que les Parisiens ne mettent de nouveau la main sur l\u2019Hexagoal et ne soient officiellement couronn\u00e9s, un show \u00e9lectro d\u2019envergure d\u2019une vingtaine de minutes lancera les c\u00e9l\u00e9brations. Une performance in\u00e9dite sign\u00e9e <a href=\"https:\/\/www.leparisien.fr\/seine-et-marne-77\/au-chateau-de-fontainebleau-le-dj-michael-canitrot-au-secours-de-la-porte-doree-14-08-2023-JSC3JDJNRZCYTH5ELYMDHOOEZM.php\" target=\"_blank\" rel=\"noreferrer nofollow noopener\">Micha\u00ebl Canitrot<\/a>, qui, depuis le centre de la pelouse, transformera l\u2019antre du PSG en sc\u00e8ne \u00e9lectro g\u00e9ante.<\/p>\n<p>\u00ab Sc\u00e8ne grandiose, effets visuels \u00bb<\/p>\n<p class=\"paragraph text_align_left\">Le DJ parisien qui, <a href=\"https:\/\/www.leparisien.fr\/paris-75\/une-belle-recompense-et-un-moment-fort-comment-le-dj-michael-canitrot-a-sublime-notre-dame-de-paris-07-12-2024-DQFDDFMX3NFVVJP32YWNXICP4U.php\" target=\"_blank\" rel=\"noreferrer nofollow noopener\">depuis le parvis de Notre-Dame de Paris<\/a> (IVe) livrait une prestation son et lumi\u00e8re d\u2019exception le <a href=\"https:\/\/www.leparisien.fr\/paris-75\/enregistrement-et-montage-toute-la-nuit-a-notre-dame-de-paris-les-coulisses-dun-concert-en-differe-07-12-2024-LB2542VFNREJBN3LXTOWGFEBBM.php\" target=\"_blank\" rel=\"noreferrer nofollow noopener\">soir de la r\u00e9ouverture de la cath\u00e9drale<\/a> en d\u00e9cembre dernier, s\u2019offre un autre monument de la capitale. Avec, et c\u2019est d\u00e9sormais sa marque de fabrique, \u00ab une mise en sc\u00e8ne grandiose, des effets visuels et des surprises \u00bb, promettent ses \u00e9quipes. C\u2019est justement apr\u00e8s son show devant le joyau de l\u2019\u00cele de la Cit\u00e9 que le PSG et l\u2019artiste prenaient contact.<\/p>\n<p class=\"paragraph text_align_left\">En introduction ce samedi soir, l\u2019artiste jouera un titre sp\u00e9cialement compos\u00e9 pour l\u2019\u00e9v\u00e9nement et intitul\u00e9 \u00ab Le C\u0153ur de Paris \u00bb. \u00ab Je sors un peu de mon registre avec un titre qui s\u2019inspire des chants de supporters, explique Micha\u00ebl Canitrot. J\u2019ai aussi \u00e9crit des paroles interpr\u00e9t\u00e9es par <a href=\"https:\/\/www.leparisien.fr\/culture-loisirs\/musique\/les-jo-avec-gojira-le-metal-son-cancer-qui-est-marina-viotti-la-soprano-qui-reve-dun-grammy-01-02-2025-WZ3R2THSAFHMXOOLCSJZDSQ4Y4.php\" target=\"_blank\" rel=\"noreferrer nofollow noopener\">Marina Viotti<\/a>, grande chanteuse d\u2019op\u00e9ra \u00bb. La mezzo-soprano, laur\u00e9ate d\u2019un Grammy Award, avait fait sensation lors de la c\u00e9r\u00e9monie d\u2019ouverture des Jeux de Paris 2024 et sa performance devant la <a href=\"https:\/\/www.leparisien.fr\/jo-paris-2024\/jai-reconnu-la-facade-et-nous-voila-la-conciergerie-profite-deja-de-la-ceremonie-douverture-des-jo-31-07-2024-DDTHKKIV6JDVPMCSHKTNZ6ACGE.php\" target=\"_blank\" rel=\"noreferrer nofollow noopener\">Conciergerie<\/a> avec le groupe de m\u00e9tal Gojira.<\/p>\n<p>Moment d\u2019histoire<\/p>\n<p class=\"paragraph text_align_left\">Un titre hybride entre \u00ab ferveur des supporters, envol\u00e9es lyriques et sonorit\u00e9s \u00e9lectroniques \u00bb, r\u00e9sume l\u2019artiste d\u2019une quarantaine d\u2019ann\u00e9es pour qui le nom donn\u00e9 au titre est une \u00e9vidence. \u00ab J\u2019ai en t\u00eate l\u2019image a\u00e9rienne du stade pendant le match. Comme un c\u0153ur battant, palpitant, dans Paris. \u00bb Puis, Micha\u00ebl Canitrot poursuivra son DJ set par une performance plus \u00e9lectronique.<\/p>\n<p class=\"paragraph text_align_left\">Des r\u00e9p\u00e9titions sont pr\u00e9vues ce vendredi soir et dans la journ\u00e9e ce samedi. Car tout sera millim\u00e9tr\u00e9 apr\u00e8s le match entre cette s\u00e9quence artistique et la remise du troph\u00e9e. Et \u00ab un show unique, \u00e0 l\u2019image de Paris, intense, \u00e9clectique et f\u00e9d\u00e9rateur \u00bb, promet celui qui, depuis plusieurs ann\u00e9es, performe devant les plus grands sites patrimoniaux de France (cath\u00e9drale de Laon, place Stanislas \u00e0 Nancy\u2026) et d\u2019Europe (basilique Notre-Dame-du-Pilier \u00e0 Saragosse en Espagne) avec son concept \u00ab Monumental Tour \u00bb.<\/p>\n<p class=\"paragraph text_align_left\">En d\u00e9cembre 2023, Micha\u00ebl Canitrot jouait dans les \u00e9tages de la tour Eiffel, \u00e0 l\u2019occasion du centenaire de la mort de Gustave Eiffel. Puis \u00e0 Notre-Dame de Paris, plus de cinq ans apr\u00e8s l\u2019incendie. \u00ab J\u2019ai une chance immense de performer dans des contextes uniques, des moments d\u2019histoire marquants, le Parc des Princes est aussi un monument et un terrain sacr\u00e9 \u00bb, confie ce \u00ab fan de football depuis tout petit. \u00bb<\/p>\n<p>Concert \u00e0 Chambord<\/p>\n<p class=\"paragraph text_align_left\">Apr\u00e8s sa prestation dans le XVIe arrondissement, Micha\u00ebl Canitrot aura deux prochains \u00e9v\u00e9nements en t\u00eate. Le DJ parisien se produira le 4 juillet \u00e0 l\u2019abbaye de Maillezais en Vend\u00e9e puis le 19 septembre devant le ch\u00e2teau de Chambord (Loir-et-Cher), rien que \u00e7a.<\/p>\n","protected":false},"excerpt":{"rendered":"Une derni\u00e8re grande soir\u00e9e \u00e0 la maison. Ce samedi soir, le Paris Saint-Germain re\u00e7oit l\u2019AJ Auxerre (21 heures)&hellip;\n","protected":false},"author":2,"featured_media":104468,"comment_status":"","ping_status":"","sticky":false,"template":"","format":"standard","meta":{"footnotes":""},"categories":[1888],"tags":[11,872,1777,674,1011,27,1944,12,626,25],"class_list":{"0":"post-104467","1":"post","2":"type-post","3":"status-publish","4":"format-standard","5":"has-post-thumbnail","7":"category-paris","8":"tag-actualites","9":"tag-culture-et-loisirs","10":"tag-eu","11":"tag-europe","12":"tag-fr","13":"tag-france","14":"tag-ma-ville","15":"tag-news","16":"tag-paris","17":"tag-republique-francaise"},"share_on_mastodon":{"url":"https:\/\/pubeurope.com\/@fr\/114517668345236363","error":""},"_links":{"self":[{"href":"https:\/\/www.europesays.com\/fr\/wp-json\/wp\/v2\/posts\/104467","targetHints":{"allow":["GET"]}}],"collection":[{"href":"https:\/\/www.europesays.com\/fr\/wp-json\/wp\/v2\/posts"}],"about":[{"href":"https:\/\/www.europesays.com\/fr\/wp-json\/wp\/v2\/types\/post"}],"author":[{"embeddable":true,"href":"https:\/\/www.europesays.com\/fr\/wp-json\/wp\/v2\/users\/2"}],"replies":[{"embeddable":true,"href":"https:\/\/www.europesays.com\/fr\/wp-json\/wp\/v2\/comments?post=104467"}],"version-history":[{"count":0,"href":"https:\/\/www.europesays.com\/fr\/wp-json\/wp\/v2\/posts\/104467\/revisions"}],"wp:featuredmedia":[{"embeddable":true,"href":"https:\/\/www.europesays.com\/fr\/wp-json\/wp\/v2\/media\/104468"}],"wp:attachment":[{"href":"https:\/\/www.europesays.com\/fr\/wp-json\/wp\/v2\/media?parent=104467"}],"wp:term":[{"taxonomy":"category","embeddable":true,"href":"https:\/\/www.europesays.com\/fr\/wp-json\/wp\/v2\/categories?post=104467"},{"taxonomy":"post_tag","embeddable":true,"href":"https:\/\/www.europesays.com\/fr\/wp-json\/wp\/v2\/tags?post=104467"}],"curies":[{"name":"wp","href":"https:\/\/api.w.org\/{rel}","templated":true}]}}