{"id":10448,"date":"2025-04-08T14:45:13","date_gmt":"2025-04-08T14:45:13","guid":{"rendered":"https:\/\/www.europesays.com\/fr\/10448\/"},"modified":"2025-04-08T14:45:13","modified_gmt":"2025-04-08T14:45:13","slug":"une-femme-qui-leche-les-barreaux-anouk-grinberg-meurtrie-par-sa-relation-toxique-avec-bertrand-blier","status":"publish","type":"post","link":"https:\/\/www.europesays.com\/fr\/10448\/","title":{"rendered":"\u201cUne femme qui l\u00e8che les barreaux\u201d : Anouk Grinberg meurtrie par sa relation toxique avec Bertrand Blier"},"content":{"rendered":"<p>Anouk Grinberg a r\u00e9cemment bris\u00e9 le silence sur les violences<br \/>\nqu&rsquo;elle a subies tout au long de sa vie. Dans son autobiographie<br \/>\nRespect, publi\u00e9e le 3 avril dernier, elle est revenue sur des<br \/>\n\u00e9pisodes marquants de sa vie. Pendant dix ans, <a href=\"https:\/\/www.closermag.fr\/non-classe\/une-femme-quon-applaudit-de-setre-fait-humilier-anouk-grinberg-ecoeuree-a-la-vue-danciennes-photos-delle-3534645\" rel=\"nofollow noopener\" target=\"_blank\"><br \/>\nAnouk Grinberg<\/a> a partag\u00e9 la vie du r\u00e9alisateur Bertrand Blier,<br \/>\navec qui elle a eu un fils, L\u00e9onard, en 1993. Ce qui avait commenc\u00e9<br \/>\ncomme une histoire d&rsquo;amour pleine d&rsquo;espoir s&rsquo;est rapidement<br \/>\n<strong>transform\u00e9e en cauchemar.<\/strong><\/p>\n<p>Dans son ouvrage, elle d\u00e9crit une emprise psychologique intense.<br \/>\nSelon ses propos, Bertrand Blier l\u2019a r\u00e9duite \u00e0 l\u2019\u00e9tat <strong>de<br \/>\n\u00ab\u00a0muse\u00a0\u00bb, \u00ab\u00a0fantasme\u00a0\u00bb et \u00ab\u00a0chose\u00a0\u00bb<\/strong>. Il projetait constamment<br \/>\nsur elle des fantasmes qu\u2019elle \u00e9tait cens\u00e9e incarner \u00e0 l\u2019\u00e9cran et<br \/>\ndans la vie r\u00e9elle. La com\u00e9dienne relate <a href=\"https:\/\/www.closermag.fr\/people\/charlotte-gainsbourg-lecher-les-cette-scene-immonde-qui-ne-quittera-jamais-lesprit-danouk-grinberg-3534562\" rel=\"nofollow noopener\" target=\"_blank\"><br \/>\nnotamment les abus<\/a> qu\u2019elle a subis durant le tournage du film<br \/>\nMon homme.<\/p>\n<p>Les confidences bouleversantes d&rsquo;Anouk Grinberg<\/p>\n<p>Refusant initialement de jouer dans ce film, <a href=\"https:\/\/www.telestar.fr\/actu_tv\/anouck-grinberg-peine-a-retenir-ses-larmes-dans-quotidien-le-plateau-saisi-par-lemotion-1717179\" rel=\"nofollow noopener\" target=\"_blank\"><br \/>\nla com\u00e9dienne<\/a> raconte avoir \u00e9t\u00e9 menac\u00e9e par Betrand Blier. Il<br \/>\naurait m\u00eame utilis\u00e9 un psychiatre pour la contraindre \u00e0 prendre des<br \/>\nneuroleptiques. Elle d\u00e9crit ce tournage comme <strong>une v\u00e9ritable<br \/>\n\u00ab\u00a0torture\u00a0\u00bb<\/strong> et reste traumatis\u00e9e par cette exp\u00e9rience malgr\u00e9<br \/>\nle prix d&rsquo;interpr\u00e9tation qu\u2019elle a re\u00e7u au Festival de Berlin pour<br \/>\nce r\u00f4le. La naissance de son fils aurait marqu\u00e9 un tournant dans<br \/>\nleur relation. En devenant m\u00e8re, Anouk Grinberg s\u2019est affirm\u00e9e<br \/>\ncomme un \u00ab\u00a0sujet\u00a0\u00bb plut\u00f4t qu\u2019un \u00ab\u00a0objet\u00a0\u00bb, ce que le r\u00e9alisateur<br \/>\nn\u2019aurait pas support\u00e9.<\/p>\n<p>Il aurait combattu cette transformation en intensifiant son<br \/>\ncontr\u00f4le et ses abus. Aujourd\u2019hui \u00e2g\u00e9e de 62 ans, la com\u00e9dienne<br \/>\ns&rsquo;est confi\u00e9e sur cette p\u00e9riode de sa vie dans le Nouvel Obs :<br \/>\n\u00ab\u00a0Quand je pense \u00e0 moi \u00e0 cette \u00e9poque, du temps o\u00f9 j&rsquo;\u00e9tais avec<br \/>\nlui, quand je revois des interviews du pass\u00e9, je ne connais pas<br \/>\ncette femme. <strong>Elle me fait de la peine.<\/strong><br \/>\nAujourd&rsquo;hui, je vois une jeune femme qui l\u00e8che les barreaux de sa<br \/>\nprison\u00a0\u00bb, a-t-elle confi\u00e9.<\/p>\n<p><img itemprop=\"thumbnailUrl\" decoding=\"async\" loading=\"lazy\" class=\"alignnone wp-image-3535202 img-responsive size-full\" src=\"https:\/\/www.europesays.com\/fr\/wp-content\/uploads\/2025\/04\/anouck-grinberg-livre-un-temoignage-bouleversant.jpg\" alt=\"Anouck Grinberg livre un t\u00e9moignage bouleversant\" width=\"1170\" height=\"2073\"\/><\/p>\n<p>La com\u00e9dienne lutte contre les<br \/>\nviolences sexistes et sexuelles.<\/p>\n<p>Anouk Grinberg se consacre \u00e0 la lutte contre les violences<br \/>\nsexistes et sexuelles. Elle s\u2019est r\u00e9cemment impliqu\u00e9e dans le<br \/>\nproc\u00e8s G\u00e9rard Depardieu en soutien aux victimes pr\u00e9sum\u00e9es. Son<br \/>\nlivre est \u00e0 la fois <strong>un<br \/>\nt\u00e9moignage<\/strong>\u00a0<strong>poignant<\/strong> et un appel \u00e0<br \/>\nbriser l\u2019omerta autour des abus sexuels et psychologiques.<\/p>\n<p>En partageant son histoire, <strong>l&rsquo;actrice esp\u00e8re<br \/>\nsensibiliser le publi<\/strong>c aux m\u00e9canismes d\u2019emprise et<br \/>\nencourager les victimes \u00e0 r\u00e9sister contre les violences.<\/p>\n","protected":false},"excerpt":{"rendered":"Anouk Grinberg a r\u00e9cemment bris\u00e9 le silence sur les violences qu&rsquo;elle a subies tout au long de sa&hellip;\n","protected":false},"author":2,"featured_media":10449,"comment_status":"","ping_status":"","sticky":false,"template":"","format":"standard","meta":{"footnotes":""},"categories":[8],"tags":[548,58,59,1011,27],"class_list":{"0":"post-10448","1":"post","2":"type-post","3":"status-publish","4":"format-standard","5":"has-post-thumbnail","7":"category-divertissement","8":"tag-article-simple","9":"tag-divertissement","10":"tag-entertainment","11":"tag-fr","12":"tag-france"},"share_on_mastodon":{"url":"https:\/\/pubeurope.com\/@fr\/114302885826238717","error":""},"_links":{"self":[{"href":"https:\/\/www.europesays.com\/fr\/wp-json\/wp\/v2\/posts\/10448","targetHints":{"allow":["GET"]}}],"collection":[{"href":"https:\/\/www.europesays.com\/fr\/wp-json\/wp\/v2\/posts"}],"about":[{"href":"https:\/\/www.europesays.com\/fr\/wp-json\/wp\/v2\/types\/post"}],"author":[{"embeddable":true,"href":"https:\/\/www.europesays.com\/fr\/wp-json\/wp\/v2\/users\/2"}],"replies":[{"embeddable":true,"href":"https:\/\/www.europesays.com\/fr\/wp-json\/wp\/v2\/comments?post=10448"}],"version-history":[{"count":0,"href":"https:\/\/www.europesays.com\/fr\/wp-json\/wp\/v2\/posts\/10448\/revisions"}],"wp:featuredmedia":[{"embeddable":true,"href":"https:\/\/www.europesays.com\/fr\/wp-json\/wp\/v2\/media\/10449"}],"wp:attachment":[{"href":"https:\/\/www.europesays.com\/fr\/wp-json\/wp\/v2\/media?parent=10448"}],"wp:term":[{"taxonomy":"category","embeddable":true,"href":"https:\/\/www.europesays.com\/fr\/wp-json\/wp\/v2\/categories?post=10448"},{"taxonomy":"post_tag","embeddable":true,"href":"https:\/\/www.europesays.com\/fr\/wp-json\/wp\/v2\/tags?post=10448"}],"curies":[{"name":"wp","href":"https:\/\/api.w.org\/{rel}","templated":true}]}}